{"id":27926,"date":"2025-09-05T15:28:09","date_gmt":"2025-09-05T15:28:09","guid":{"rendered":"https:\/\/www.europesays.com\/no\/27926\/"},"modified":"2025-09-05T15:28:09","modified_gmt":"2025-09-05T15:28:09","slug":"hepatitt-a-i-barnehage-i-bydel-sagene-i-oslo","status":"publish","type":"post","link":"https:\/\/www.europesays.com\/no\/27926\/","title":{"rendered":"Hepatitt A i barnehage i Bydel Sagene i Oslo"},"content":{"rendered":"\n<p class=\"_lead_ew2ao_2 _lead_xtcu6_50 layout-component text-serif-m layout-normal text-serif-l layout-component layout-wide layout-padded _wide_17hqh_1 layout-padded\">For andre dag p\u00e5 rad er det meldt om hepatitt A ved en barnehage i Oslo.<\/p>\n<ul aria-hidden=\"true\" class=\"_images_1y6fe_106\">\n<li><a class=\"_link_1y6fe_111\" href=\"https:\/\/www.vg.no\/forfatter\/vilde-elgaaen\" style=\"z-index:1\" title=\"Vilde Elgaaen\" rel=\"nofollow noopener\" target=\"_blank\"><img alt=\"Bilde av Vilde Elgaaen\" class=\"_image_1y6fe_88\" fetchpriority=\"low\" loading=\"lazy\" decoding=\"async\" itemprop=\"image\"  src=\"https:\/\/www.europesays.com\/no\/wp-content\/uploads\/2025\/09\/1757086087_867_d7abc11e-e453-4b15-b473-933209ff5fea\"  width=\"480\"\/><\/a><\/li>\n<\/ul>\n<p> Oppdatert fredag 5. september kl. 16:55     <\/p>\n<p class=\"_paragraph_ew2ao_4 _paragraph_xtcu6_10 layout-component text-serif-m layout-normal text-serif-m layout-padded\">Denne gangen er det en barnehage i Bydel Sagene. <\/p>\n<p class=\"_paragraph_ew2ao_4 _paragraph_xtcu6_10 layout-component text-serif-m layout-normal text-serif-m layout-padded\">\u2013 Alle med tilknytning til barnehagen f\u00e5r tilbud om vaksine, sier bydelsoverlege Barbro Monefeldt til VG. <\/p>\n<p class=\"_paragraph_ew2ao_4 _paragraph_xtcu6_10 layout-component text-serif-m layout-normal text-serif-m layout-padded\">Det ble \u00e5pnet for vaksinering i den aktuelle barnehagen klokken 13.30 fredag for alle barn og ansatte i barnehagen der Folkehelseinstituttet (FHI) anbefaler det. <\/p>\n<p class=\"_paragraph_ew2ao_4 _paragraph_xtcu6_10 layout-component text-serif-m layout-normal text-serif-m layout-padded\">\u2013 Dersom de ikke har anledning i dag vil helsestasjonen tilby drop-in fra mandag.<\/p>\n<p class=\"_paragraph_ew2ao_4 _paragraph_xtcu6_10 layout-component text-serif-m layout-normal layout-padded\"><strong class=\"_strong_ew2ao_25\">Les ogs\u00e5:<\/strong> <a href=\"https:\/\/www.vg.no\/i\/MnQ5jR\" data-track-element-type=\"Link\" data-track-id=\"link:MnQ5jR\" class=\"_link_ew2ao_39\" rel=\"nofollow noopener\" target=\"_blank\">Bare to av 8000 har vaksinert seg etter hepatitt A-utbrudd p\u00e5 Frognerseteren<\/a><\/p>\n<p class=\"_paragraph_ew2ao_4 _paragraph_xtcu6_10 layout-component text-serif-m layout-normal text-serif-m layout-padded\">Bydelen \u00f8nsker ikke \u00e5 si noe om hvorvidt det er et barn eller en voksen med tilknytning til barnehagen som er smittet. S\u00e5 vidt de vet skal det g\u00e5 bra med den smittede.<\/p>\n<p class=\"_paragraph_ew2ao_4 _paragraph_xtcu6_10 layout-component text-serif-m layout-normal text-serif-m layout-padded\">Hepatitt A <a href=\"https:\/\/www.helsenorge.no\/sykdom\/infeksjon-og-betennelse\/hepatitt-a\/#slik-smitter-hepatitt-a\" class=\"_link_ew2ao_39\" rel=\"nofollow noopener\" target=\"_blank\">er en virusinfeksjon<\/a> som kan gi betennelse i leveren. Sykdommen smitter gjennom forurenset mat og vann, eller ved direkte kontakt med en person som er smittet. <\/p>\n<p class=\"_paragraph_ew2ao_4 _paragraph_xtcu6_10 layout-component text-serif-m layout-normal text-serif-m layout-padded\">Onsdag meldte <a href=\"https:\/\/www.vg.no\/tag\/oslo?utm_source=vg-article&amp;utm_medium=auto-tagger&amp;utm_campaign=0V5nq0\" class=\"_link_ew2ao_39\" rel=\"nofollow noopener\" target=\"_blank\">Oslo<\/a> kommune <a href=\"https:\/\/www.vg.no\/nyheter\/i\/vgMvXw\/nrk-hepatitt-a-paavist-i-barnehage-i-oslo\" data-track-element-type=\"Link\" data-track-id=\"link:vgMvXw\" class=\"_link_ew2ao_39\" rel=\"nofollow noopener\" target=\"_blank\">om et smitteutbrudd ved en barnehage<\/a> i Bydel Frogner. Smitten ved begge barnehagene knyttes til utbruddet p\u00e5 restauranten Frognerseteren i sommer, som ble oppdaget 1. august <\/p>\n<p class=\"_paragraph_ew2ao_4 _paragraph_xtcu6_10 layout-component text-serif-m layout-normal layout-padded\"><strong class=\"_strong_ew2ao_25\">Les ogs\u00e5:<\/strong> <a href=\"https:\/\/www.vg.no\/i\/vgMvXw\" data-track-element-type=\"Link\" data-track-id=\"link:vgMvXw\" class=\"_link_ew2ao_39\" rel=\"nofollow noopener\" target=\"_blank\">Barnehageansatt i Oslo smittet av Hepatitt A<\/a><\/p>\n<p>    <img decoding=\"async\" alt=\"Tips oss illustrasjon\" width=\"62px\" height=\"auto\" src=\"https:\/\/www.europesays.com\/no\/wp-content\/uploads\/2025\/08\/1754784428_95_W9avJzE.png\"\/>    <\/p>\n<p class=\"title-serif-s\">Har du tips til oss?<\/p>\n<p class=\"text-sans-m\">Send oss informasjon, bilder eller video<\/p>\n<p>  <a href=\"https:\/\/www.vg.no\/tips-oss\" rel=\"nofollow noopener\" target=\"_blank\"> Tips oss <\/a>      <\/p>\n","protected":false},"excerpt":{"rendered":"For andre dag p\u00e5 rad er det meldt om hepatitt A ved en barnehage i Oslo. Oppdatert fredag&hellip;\n","protected":false},"author":2,"featured_media":27927,"comment_status":"","ping_status":"","sticky":false,"template":"","format":"standard","meta":{"footnotes":""},"categories":[10],"tags":[31,20,21,24,25,3525,15,22,23,13,30,28,29,14,636,4500,16,26,27],"class_list":{"0":"post-27926","1":"post","2":"type-post","3":"status-publish","4":"format-standard","5":"has-post-thumbnail","7":"category-norge","8":"tag-breaking","9":"tag-breaking-news","10":"tag-breakingnews","11":"tag-featured-news","12":"tag-featurednews","13":"tag-folkehelseinstituttet","14":"tag-headlines","15":"tag-latest-news","16":"tag-latestnews","17":"tag-news","18":"tag-no","19":"tag-norge","20":"tag-norway","21":"tag-nyheter","22":"tag-oslo","23":"tag-oslo-kommune","24":"tag-overskrifter","25":"tag-top-stories","26":"tag-topstories"},"share_on_mastodon":{"url":"","error":""},"_links":{"self":[{"href":"https:\/\/www.europesays.com\/no\/wp-json\/wp\/v2\/posts\/27926","targetHints":{"allow":["GET"]}}],"collection":[{"href":"https:\/\/www.europesays.com\/no\/wp-json\/wp\/v2\/posts"}],"about":[{"href":"https:\/\/www.europesays.com\/no\/wp-json\/wp\/v2\/types\/post"}],"author":[{"embeddable":true,"href":"https:\/\/www.europesays.com\/no\/wp-json\/wp\/v2\/users\/2"}],"replies":[{"embeddable":true,"href":"https:\/\/www.europesays.com\/no\/wp-json\/wp\/v2\/comments?post=27926"}],"version-history":[{"count":0,"href":"https:\/\/www.europesays.com\/no\/wp-json\/wp\/v2\/posts\/27926\/revisions"}],"wp:featuredmedia":[{"embeddable":true,"href":"https:\/\/www.europesays.com\/no\/wp-json\/wp\/v2\/media\/27927"}],"wp:attachment":[{"href":"https:\/\/www.europesays.com\/no\/wp-json\/wp\/v2\/media?parent=27926"}],"wp:term":[{"taxonomy":"category","embeddable":true,"href":"https:\/\/www.europesays.com\/no\/wp-json\/wp\/v2\/categories?post=27926"},{"taxonomy":"post_tag","embeddable":true,"href":"https:\/\/www.europesays.com\/no\/wp-json\/wp\/v2\/tags?post=27926"}],"curies":[{"name":"wp","href":"https:\/\/api.w.org\/{rel}","templated":true}]}}