{"id":27933,"date":"2025-09-05T15:37:07","date_gmt":"2025-09-05T15:37:07","guid":{"rendered":"https:\/\/www.europesays.com\/no\/27933\/"},"modified":"2025-09-05T15:37:07","modified_gmt":"2025-09-05T15:37:07","slug":"ulukke-politi-fire-bilar-involvert-i-trafikkulukke-pa-e16-i-naeroydalen","status":"publish","type":"post","link":"https:\/\/www.europesays.com\/no\/27933\/","title":{"rendered":"Ulukke, Politi | Fire bilar involvert i trafikkulukke p\u00e5 E16 i N\u00e6r\u00f8ydalen"},"content":{"rendered":"\n<p>Klokka 14.15 vart det meldt om ei trafikkulukke p\u00e5 E16 i N\u00e6r\u00f8ydalen ved Stalheims\u00f8yni og avk\u00f8yringa til Jordalen. <\/p>\n<p>\u2013 Det skal vera fire bilar involvert i ulukka med totalt 8 vaksne og 2 barn, opplyser operasjonsleiar Knut Dahl-Michelsen ved Vest politidistrikt.<\/p>\n<p>\u2013 Det er opplyst at airbagar er utl\u00f8yst i fleire bilar.<\/p>\n<p>Klokka 14.47 er politiet komne til staden, men Dahl-Michelsen har ikkje fleire opplysningar om dei involverte. <\/p>\n<p>Brannvesen fr\u00e5 Voss, Vossestrand og Aurland, opplyser vakthavande ved 110 Vest ved 14.30-tida.<\/p>\n<p>Klokka 15.13 melder politiet at det ikkje var behov for luftambulansane, og at dei har returnert utan pasientar.<\/p>\n<p>Det er for\u00f8vrig behov for bilbergar til fire bilar.<\/p>\n<p>I 16-tida opna vegen att for trafikk.<\/p>\n<p>Les meir om: artikkelemnene<\/p>\n","protected":false},"excerpt":{"rendered":"Klokka 14.15 vart det meldt om ei trafikkulukke p\u00e5 E16 i N\u00e6r\u00f8ydalen ved Stalheims\u00f8yni og avk\u00f8yringa til Jordalen.&hellip;\n","protected":false},"author":2,"featured_media":27934,"comment_status":"","ping_status":"","sticky":false,"template":"","format":"standard","meta":{"footnotes":""},"categories":[10],"tags":[36,928,20,21,295,24,25,15,22,23,13,30,28,29,14,16,254,1510,26,27,4501],"class_list":{"0":"post-27933","1":"post","2":"type-post","3":"status-publish","4":"format-standard","5":"has-post-thumbnail","7":"category-norge","8":"tag-art","9":"tag-aurland","10":"tag-breaking-news","11":"tag-breakingnews","12":"tag-e16","13":"tag-featured-news","14":"tag-featurednews","15":"tag-headlines","16":"tag-latest-news","17":"tag-latestnews","18":"tag-news","19":"tag-no","20":"tag-norge","21":"tag-norway","22":"tag-nyheter","23":"tag-overskrifter","24":"tag-politi","25":"tag-story","26":"tag-top-stories","27":"tag-topstories","28":"tag-ulukke"},"share_on_mastodon":{"url":"","error":""},"_links":{"self":[{"href":"https:\/\/www.europesays.com\/no\/wp-json\/wp\/v2\/posts\/27933","targetHints":{"allow":["GET"]}}],"collection":[{"href":"https:\/\/www.europesays.com\/no\/wp-json\/wp\/v2\/posts"}],"about":[{"href":"https:\/\/www.europesays.com\/no\/wp-json\/wp\/v2\/types\/post"}],"author":[{"embeddable":true,"href":"https:\/\/www.europesays.com\/no\/wp-json\/wp\/v2\/users\/2"}],"replies":[{"embeddable":true,"href":"https:\/\/www.europesays.com\/no\/wp-json\/wp\/v2\/comments?post=27933"}],"version-history":[{"count":0,"href":"https:\/\/www.europesays.com\/no\/wp-json\/wp\/v2\/posts\/27933\/revisions"}],"wp:featuredmedia":[{"embeddable":true,"href":"https:\/\/www.europesays.com\/no\/wp-json\/wp\/v2\/media\/27934"}],"wp:attachment":[{"href":"https:\/\/www.europesays.com\/no\/wp-json\/wp\/v2\/media?parent=27933"}],"wp:term":[{"taxonomy":"category","embeddable":true,"href":"https:\/\/www.europesays.com\/no\/wp-json\/wp\/v2\/categories?post=27933"},{"taxonomy":"post_tag","embeddable":true,"href":"https:\/\/www.europesays.com\/no\/wp-json\/wp\/v2\/tags?post=27933"}],"curies":[{"name":"wp","href":"https:\/\/api.w.org\/{rel}","templated":true}]}}