{"id":27956,"date":"2025-09-05T16:11:08","date_gmt":"2025-09-05T16:11:08","guid":{"rendered":"https:\/\/www.europesays.com\/no\/27956\/"},"modified":"2025-09-05T16:11:08","modified_gmt":"2025-09-05T16:11:08","slug":"vekker-oppsikt-pa-instagram","status":"publish","type":"post","link":"https:\/\/www.europesays.com\/no\/27956\/","title":{"rendered":"Vekker oppsikt p\u00e5 Instagram"},"content":{"rendered":"<p class=\"kicker \" style=\"\">Grevinne Alexandra (61)<\/p>\n<p>  Med hjelp av s\u00f8nnen har prins Joachims eks-kone lagt ut en spesiell video p\u00e5 Instagram.\u00a0<\/p>\n<p>\n    MAMMAS HJELPER: Grev Nikolai har hjulpet mamma Alexandra med \u00e5 opprette en egen Instagram-konto. Forel\u00f8pig er det bare en s\u00f8t video som er lagt ut. Foto: NTB\n  <\/p>\n<p class=\"no_italic m-no_italic\" data-lab-italic=\"\">Grevinne Alexandra (61) har for f\u00f8rste gang f\u00e5tt en profil p\u00e5 Instagram.\u00a0<\/p>\n<p>I det som i \u00f8yeblikket er <a href=\"https:\/\/www.instagram.com\/alexandrafrederiksborg\/?igsh=MWF2djJxMDlkeHBvdQ%3D%3D#\" rel=\"nofollow noopener\" target=\"_blank\">profilens eneste innlegg<\/a>, vises en video der s\u00f8nnen hennes, grev Nikolai (26), forteller at moren lenge har \u00f8nsket \u00e5 v\u00e6re p\u00e5 det sosiale mediet.\u00a0<\/p>\n<p>Derfor arrangerte han en overraskende fotoshoot \u2013 en fin anledning til \u00e5 ta bilder som pynter den nye profilen.\u00a0<\/p>\n<p>        AVBR\u00d8T: Under omvisningen p\u00e5 filmsettet i Filmparken, gikk ikke alt som planlagt for kronprinsesse Mette-Marit. Foto: NTB \/\/ Video: H\u00e5vard Bj\u00f8rnerem<\/p>\n<p>Innlegget ble publisert torsdag, og det tyder p\u00e5 at profilen er relativt ny \u2013 per n\u00e5 har den under 100 f\u00f8lgere, if\u00f8lge <a href=\"https:\/\/www.bt.dk\/royale\/foerste-gang-grevinde-alexandra-er-kommet-paa-instagram\" rel=\"nofollow noopener\" target=\"_blank\">den danske avisen B.T.\u00a0<\/a><\/p>\n<p>Instagram er likevel ikke det eneste stedet prinsessen har sl\u00e5tt seg til: allerede i juni uttalte hun at hun f\u00f8ler seg sv\u00e6rt hjemme i Danmark.<\/p>\n<p>          <img loading=\"lazy\" decoding=\"async\" src=\"https:\/\/www.europesays.com\/no\/wp-content\/uploads\/2025\/09\/83554672.webp\" width=\"686\" height=\"549\" title=\"EVENTYR-BRYLLUP: Hongkong-f\u00f8dte Alexandra Manley giftet seg med danske prins Joachim i 1995,. Etter to barn og ti \u00e5rs samliv ble det skilsmisse. Foto: NTB\" alt=\"\" class=\"\" style=\"--aspect-ratio-image: 1.25; \"\/><\/p>\n<p>\n          EVENTYR-BRYLLUP: Hongkong-f\u00f8dte Alexandra Manley giftet seg med danske prins Joachim i 1995,. Etter to barn og ti \u00e5rs samliv ble det skilsmisse. Foto: NTB\n      <\/p>\n<p>&#8211; Jeg vil alltid ha et base i K\u00f8benhavn &#8211; og v\u00e6re her. Jeg elsker K\u00f8benhavn &#8211; og jeg elsker Danmark. Det er s\u00e5 mye en del av meg, sa hun til <a href=\"https:\/\/www.seoghoer.dk\/kongelige\/grevinde-alexandra-er-ikke-i-tvivl-min-fremtid-er-i-danmark\" rel=\"nofollow noopener\" target=\"_blank\">danske Se og H\u00f8r<\/a>.<\/p>\n<p>61-\u00e5ringen fikk hjelp av s\u00f8nnen grev Nikolai til opprettelsen, og samtidig avsl\u00f8rer profilen flere morsomme detaljer.<\/p>\n<p>I 2018 slo hun igjennom som sanger &#8211; og vakte oppmerksomhet med et lettkledd maleri. N\u00e5 vekker hun oppsikt igjen, denne gangen ved \u00e5 lansere en Instagram-profil.<\/p>\n<p>        GLEMTE KAMERA: \u00abBloggerne\u00bb-profilen blir tatt p\u00e5 ferksen med en mystisk mann. Video: \u00abBloggerne\u00bb\/ TV 2\/ R\u00f8d L\u00f8per<\/p>\n<p>I l\u00f8pet av det f\u00f8rste d\u00f8gnet har grevinne Alexandra valgt \u00e5 f\u00f8lge 24 andre profiler, noe som kaster lys over hennes interesser: Helse og det spirituelle, med kontoer som \u00abYoga\u00bb og \u00abHolistic Health\u00bb \u2013 og den britiske forfatteren Emily English, kjent for sunne oppskrifter.\u00a0<\/p>\n<p>Hun f\u00f8lger ogs\u00e5 skuespillerne Jennifer Aniston (56), Lily Collins (30) og Monica Bellucci (60), samt flere kjente navn innen mote og finans.<\/p>\n<p>          <img loading=\"lazy\" decoding=\"async\" src=\"https:\/\/www.europesays.com\/no\/wp-content\/uploads\/2025\/09\/83554681.webp\" width=\"686\" height=\"529\" title=\"GODT FORHOLD: Prins Joachim og grevinne Alexandra fikk s\u00f8nnene Felix og Nikolai sammen, og samarbeider godt om foreldrepliktene. Foto: NTB\" alt=\"\" class=\"\" style=\"--aspect-ratio-image: 1.30; \"\/><\/p>\n<p>\n          GODT FORHOLD: Prins Joachim og grevinne Alexandra fikk s\u00f8nnene Felix og Nikolai sammen, og samarbeider godt om foreldrepliktene. Foto: NTB\n      <\/p>\n<p>Men det er en detalj som vekker undring: Mens grevinne Alexandra f\u00f8lger det danske kongehus og <a href=\"https:\/\/www.seher.no\/kongelig\/tok-filmfestivalen-med-storm\/83514789\" rel=\"nofollow noopener\" target=\"_blank\">Nikolais kj\u00e6reste Benedikte Thoustrup<\/a>, f\u00f8lger hun &#8211; bemerkelsesverdig nok &#8211; ikke sin egen s\u00f8nn, som hun jo har tagget i f\u00f8rste innlegg.<\/p>\n<p>\u00a0Verken Nikolai eller Benedikte har s\u00e5 langt begynt \u00e5 f\u00f8lge henne tilbake eller \u00abliket\u00bb innlegget. Om dette er bevisst eller tilfeldig, m\u00e5 tiden vise.<\/p>\n<p>    <a itemprop=\"url\" href=\"https:\/\/www.seher.no\/kongelig\/hvil-i-fred\/83551784\" rel=\"nofollow noopener\" target=\"_blank\"><\/p>\n<p>      <img loading=\"lazy\" decoding=\"async\" src=\"https:\/\/www.europesays.com\/no\/wp-content\/uploads\/2025\/09\/83552057.webp\" width=\"147\" height=\"98\" title=\"- Hvil i fred\" alt=\"\" class=\"lazyload\" style=\"--aspect-ratio-image: 1.50; \"\/><\/p>\n<p>        &#8211; Hvil i fred<\/p>\n<p>    <\/a><\/p>\n<p>Likevel var Nikolai blant de f\u00f8rste til \u00e5 \u00f8nske henne velkommen i kommentarfeltet &#8211; p\u00e5 engelsk:\u00a0<\/p>\n<p>\u00abGood to see you on here finally\u00bb.\u00a0<\/p>\n<p>Grevinne Alexandra svarte &#8211; ogs\u00e5 p\u00e5 engelsk &#8211; med: \u00abBetter late than never.\u00bb<\/p>\n<p><script async src=\"\/\/www.instagram.com\/embed.js\"><\/script><\/p>\n","protected":false},"excerpt":{"rendered":"Grevinne Alexandra (61) Med hjelp av s\u00f8nnen har prins Joachims eks-kone lagt ut en spesiell video p\u00e5 Instagram.\u00a0&hellip;\n","protected":false},"author":2,"featured_media":27957,"comment_status":"","ping_status":"","sticky":false,"template":"","format":"standard","meta":{"footnotes":""},"categories":[58],"tags":[71,4503,4502,76,30,28,29,72],"class_list":{"0":"post-27956","1":"post","2":"type-post","3":"status-publish","4":"format-standard","5":"has-post-thumbnail","7":"category-underholdning","8":"tag-entertainment","9":"tag-grev-nikolai","10":"tag-grevinne-alexandra","11":"tag-kongelig","12":"tag-no","13":"tag-norge","14":"tag-norway","15":"tag-underholdning"},"share_on_mastodon":{"url":"","error":""},"_links":{"self":[{"href":"https:\/\/www.europesays.com\/no\/wp-json\/wp\/v2\/posts\/27956","targetHints":{"allow":["GET"]}}],"collection":[{"href":"https:\/\/www.europesays.com\/no\/wp-json\/wp\/v2\/posts"}],"about":[{"href":"https:\/\/www.europesays.com\/no\/wp-json\/wp\/v2\/types\/post"}],"author":[{"embeddable":true,"href":"https:\/\/www.europesays.com\/no\/wp-json\/wp\/v2\/users\/2"}],"replies":[{"embeddable":true,"href":"https:\/\/www.europesays.com\/no\/wp-json\/wp\/v2\/comments?post=27956"}],"version-history":[{"count":0,"href":"https:\/\/www.europesays.com\/no\/wp-json\/wp\/v2\/posts\/27956\/revisions"}],"wp:featuredmedia":[{"embeddable":true,"href":"https:\/\/www.europesays.com\/no\/wp-json\/wp\/v2\/media\/27957"}],"wp:attachment":[{"href":"https:\/\/www.europesays.com\/no\/wp-json\/wp\/v2\/media?parent=27956"}],"wp:term":[{"taxonomy":"category","embeddable":true,"href":"https:\/\/www.europesays.com\/no\/wp-json\/wp\/v2\/categories?post=27956"},{"taxonomy":"post_tag","embeddable":true,"href":"https:\/\/www.europesays.com\/no\/wp-json\/wp\/v2\/tags?post=27956"}],"curies":[{"name":"wp","href":"https:\/\/api.w.org\/{rel}","templated":true}]}}