{"id":27964,"date":"2025-09-05T16:17:08","date_gmt":"2025-09-05T16:17:08","guid":{"rendered":"https:\/\/www.europesays.com\/no\/27964\/"},"modified":"2025-09-05T16:17:08","modified_gmt":"2025-09-05T16:17:08","slug":"siem-slakter-dagens-skattepolitikk-spiller-pa-misunnelse","status":"publish","type":"post","link":"https:\/\/www.europesays.com\/no\/27964\/","title":{"rendered":"Siem slakter dagens skattepolitikk: \u2013 Spiller p\u00e5 misunnelse"},"content":{"rendered":"<p>Kristian Siem advarer mot konsekvensene av skattepolitikken.<\/p>\n<p>Skaden som p\u00e5f\u00f8res av dagens politikk i Norge, kommer vi til \u00e5 merke om ti \u00e5r og fremover, sier Siem til <a href=\"https:\/\/www.dn.no\/politikk\/formuesskatt\/sveits\/politikk\/investor-kristian-siem-advarer-skaden-som-pafores-av-dagens-politikk-i-norge-kommer-vi-til-a-merke\/2-1-1865321\" rel=\"nofollow noopener\" target=\"_blank\">Dagens N\u00e6ringsliv<\/a>.<\/p>\n<p><b>Den 76 \u00e5r gamle gr\u00fcnderen, som st\u00e5r bak selskaper som Subsea 7, Norwegian Cruise Line og Siem Offshore, mener regjeringens vektlegging av \u00ablikhet\u00bb fremfor \u00abfrihet\u00bb driver eiere og gr\u00fcndere ut av landet.<\/b><\/p>\n<p>\u2013 En nasjon trenger driftige folk, det trengs lederskap, insentiver og st\u00f8tte til gr\u00fcndere. Dette blir ikke verdsatt av Arbeiderpartiet og sosialistene, sier Siem.<\/p>\n<p>Han mener formuesskatten ikke handler om inntekter til staten, men om \u00e5 \u00abanimere til misunnelse\u00bb.<\/p>\n<p>\u2013 Eierskap er ikke ensbetydende med kontanter. Det er bare \u00e9n grunn til \u00e5 ha den slags beskatning \u2013 \u00e5 spille p\u00e5 misunnelse, sier han til DN.<\/p>\n<p>Statssekret\u00e6r Torgeir Micaelsen (Ap) avviser kritikken:<\/p>\n<p><b>\u2013 Skatteniv\u00e5et i Norge er ikke spesielt h\u00f8yt. Vi ligger p\u00e5 niv\u00e5 med v\u00e5re nordiske naboland, sier han til DN.<\/b><\/p>\n<p>SSB har nylig publisert rapporten \u00abSkattetrykk og offentlige utgifter\u00bb. Der sl\u00e5s det fast at Norge ligger helt i toppen blant OECD-landene p\u00e5 skattetrykk.\u00a0<\/p>\n<p>\u2013 Med et av verdens beste velferdssamfunn, m\u00e5 vi ogs\u00e5 v\u00e6re villige til \u00e5 betale for det, sier Micaelsen.<\/p>\n","protected":false},"excerpt":{"rendered":"Kristian Siem advarer mot konsekvensene av skattepolitikken. Skaden som p\u00e5f\u00f8res av dagens politikk i Norge, kommer vi til&hellip;\n","protected":false},"author":2,"featured_media":27965,"comment_status":"","ping_status":"","sticky":false,"template":"","format":"standard","meta":{"footnotes":""},"categories":[5],"tags":[20,21,24,25,1734,15,19,4504,22,23,17,18,13,30,28,29,14,16,4505,776,26,27],"class_list":{"0":"post-27964","1":"post","2":"type-post","3":"status-publish","4":"format-standard","5":"has-post-thumbnail","7":"category-overskrifter","8":"tag-breaking-news","9":"tag-breakingnews","10":"tag-featured-news","11":"tag-featurednews","12":"tag-formuesskatt","13":"tag-headlines","14":"tag-hovedoppslag","15":"tag-kristian-siem","16":"tag-latest-news","17":"tag-latestnews","18":"tag-main-news","19":"tag-mainnews","20":"tag-news","21":"tag-no","22":"tag-norge","23":"tag-norway","24":"tag-nyheter","25":"tag-overskrifter","26":"tag-skattepolitikk","27":"tag-stortingsvalg-2025","28":"tag-top-stories","29":"tag-topstories"},"share_on_mastodon":{"url":"","error":""},"_links":{"self":[{"href":"https:\/\/www.europesays.com\/no\/wp-json\/wp\/v2\/posts\/27964","targetHints":{"allow":["GET"]}}],"collection":[{"href":"https:\/\/www.europesays.com\/no\/wp-json\/wp\/v2\/posts"}],"about":[{"href":"https:\/\/www.europesays.com\/no\/wp-json\/wp\/v2\/types\/post"}],"author":[{"embeddable":true,"href":"https:\/\/www.europesays.com\/no\/wp-json\/wp\/v2\/users\/2"}],"replies":[{"embeddable":true,"href":"https:\/\/www.europesays.com\/no\/wp-json\/wp\/v2\/comments?post=27964"}],"version-history":[{"count":0,"href":"https:\/\/www.europesays.com\/no\/wp-json\/wp\/v2\/posts\/27964\/revisions"}],"wp:featuredmedia":[{"embeddable":true,"href":"https:\/\/www.europesays.com\/no\/wp-json\/wp\/v2\/media\/27965"}],"wp:attachment":[{"href":"https:\/\/www.europesays.com\/no\/wp-json\/wp\/v2\/media?parent=27964"}],"wp:term":[{"taxonomy":"category","embeddable":true,"href":"https:\/\/www.europesays.com\/no\/wp-json\/wp\/v2\/categories?post=27964"},{"taxonomy":"post_tag","embeddable":true,"href":"https:\/\/www.europesays.com\/no\/wp-json\/wp\/v2\/tags?post=27964"}],"curies":[{"name":"wp","href":"https:\/\/api.w.org\/{rel}","templated":true}]}}