{"id":27970,"date":"2025-09-05T16:23:08","date_gmt":"2025-09-05T16:23:08","guid":{"rendered":"https:\/\/www.europesays.com\/no\/27970\/"},"modified":"2025-09-05T16:23:08","modified_gmt":"2025-09-05T16:23:08","slug":"slik-ble-drapet-pa-tamima-nibras-juhar-oppdaget","status":"publish","type":"post","link":"https:\/\/www.europesays.com\/no\/27970\/","title":{"rendered":"Slik ble drapet p\u00e5 Tamima Nibras Juhar oppdaget"},"content":{"rendered":"\n<p class=\"_paragraph_ew2ao_4 _paragraph_xtcu6_10 layout-component text-serif-m layout-normal text-serif-m layout-padded\">Noe senere kom naboer hjem for \u00e5 parkere, men de kom seg ikke inn i garasjeanlegget p\u00e5 grunn av bilen som blokkerte inngangen, f\u00e5r VG opplyst. <\/p>\n<p class=\"_paragraph_ew2ao_4 _paragraph_xtcu6_10 layout-component text-serif-m layout-normal text-serif-m layout-padded\">Bilen skal ha hatt n\u00f8kkelen i tenningen da den ble funnet.<\/p>\n<p class=\"_paragraph_ew2ao_4 _paragraph_xtcu6_10 layout-component text-serif-m layout-normal text-serif-m layout-padded\">If\u00f8lge VGs opplysninger skal naboene deretter ha g\u00e5tt inn i hybelhuset for \u00e5 sp\u00f8rre Tamima Nibras Juhar om hvorfor bilen hennes sto parkert slik. <\/p>\n<p class=\"_paragraph_ew2ao_4 _paragraph_xtcu6_10 layout-component text-serif-m layout-normal text-serif-m layout-padded\"><strong class=\"_strong_ew2ao_25\">Da fant de den drepte 34-\u00e5ringen. <\/strong><\/p>\n<p class=\"_paragraph_ew2ao_4 _paragraph_xtcu6_10 layout-component text-serif-m layout-normal layout-padded\"><strong class=\"_strong_ew2ao_25\">Les ogs\u00e5:<\/strong> <a href=\"https:\/\/www.vg.no\/i\/W0EQ3Q\" data-track-element-type=\"Link\" data-track-id=\"link:W0EQ3Q\" class=\"_link_ew2ao_39\" rel=\"nofollow noopener\" target=\"_blank\">Politiet sikret barne\u00adverns\u00adansatt mens 18-\u00e5ringen var p\u00e5 frifot<\/a><\/p>\n<p class=\"_paragraph_ew2ao_4 _paragraph_xtcu6_10 layout-component text-serif-m layout-normal text-serif-m layout-padded\">Politiet bekrefter n\u00e5 at det var den drapssiktede 18-\u00e5ringen som kj\u00f8rte bilen.<\/p>\n<p class=\"_paragraph_ew2ao_4 _paragraph_xtcu6_10 layout-component text-serif-m layout-normal text-serif-m layout-padded\">\u2013 Vi har informasjon om at siktede har kj\u00f8rt bilen. Den var parkert slik at den sperret for garasjeporten p\u00e5 \u00e5stedet da politiet kom dit. Siktede har gitt en forklaring p\u00e5 hvorfor bilen stoppet, men jeg \u00f8nsker ikke \u00e5 g\u00e5 inn p\u00e5 hva han har forklart, sier politiadvokat Oda Karterud i Oslo politidistrikt.<\/p>\n<p class=\"_paragraph_ew2ao_4 _paragraph_xtcu6_10 layout-component text-serif-m layout-normal text-serif-m layout-padded\">Politiadvokaten bekrefter ogs\u00e5 at det var den drepte 34-\u00e5ringen som disponerte den aktuelle bilen.<\/p>\n<p><img decoding=\"async\" alt=\"Bilde av Oda Karterud\" class=\"_image_ygndg_42\" height=\"51\" itemprop=\"image\" loading=\"lazy\"  src=\"https:\/\/www.europesays.com\/no\/wp-content\/uploads\/2025\/09\/492bd936-56da-4962-b7c9-d9ff028c2276\"  width=\"40\"\/><strong class=\"_name_ygndg_51 title-serif-xs\">Oda Karterud<\/strong><\/p>\n<p class=\"_paragraph_ew2ao_4 text-sans-m _description_ygndg_56\">Politiadvokat i Oslo politidistrikt<\/p>\n<p class=\"_paragraph_ew2ao_4 _paragraph_xtcu6_10 layout-component text-serif-m layout-normal text-serif-m layout-padded\">\u2013 Jeg kan bekrefte det politiet n\u00e5 g\u00e5r ut med. Min klient har forklart at han valgte \u00e5 parkere bilen der, f\u00f8r han gikk videre til fots, sier forsvarer Petter Mandt til VG.<\/p>\n<p class=\"_paragraph_ew2ao_4 _paragraph_xtcu6_10 layout-component text-serif-m layout-normal text-serif-m layout-padded\">Politiet ble varslet om drapet klokken 01.11 natt til s\u00f8ndag 24. august.<\/p>\n<p class=\"_paragraph_ew2ao_4 _paragraph_xtcu6_10 layout-component text-serif-m layout-normal text-serif-m layout-padded\"><strong class=\"_strong_ew2ao_25\">Reiste rundt i byen<\/strong><\/p>\n<p class=\"_paragraph_ew2ao_4 _paragraph_xtcu6_10 layout-component text-serif-m layout-normal text-serif-m layout-padded\">VG er kjent med at 18-\u00e5ringen i l\u00f8pet av natten skal ha oppholdt seg p\u00e5 ulike steder i byen.<\/p>\n<p class=\"_paragraph_ew2ao_4 _paragraph_xtcu6_10 layout-component text-serif-m layout-normal text-serif-m layout-padded\">Han skal b\u00e5de ha kj\u00f8rt buss og beveget seg til fots. <\/p>\n<p class=\"_paragraph_ew2ao_4 _paragraph_xtcu6_10 layout-component text-serif-m layout-normal layout-padded\"><strong class=\"_strong_ew2ao_25\">Les ogs\u00e5:<\/strong> <a href=\"https:\/\/www.vg.no\/i\/kw7P4j\" data-track-element-type=\"Link\" data-track-id=\"link:kw7P4j\" class=\"_link_ew2ao_39\" rel=\"nofollow noopener\" target=\"_blank\">Opplysninger til VG: Terrorsiktet ba om mer voksenkontakt<\/a><\/p>\n<p class=\"_paragraph_ew2ao_4 _paragraph_xtcu6_10 layout-component text-serif-m layout-normal text-serif-m layout-padded\">Detaljene rundt hans bevegelser i Oslo denne natten, er ikke kjent.<\/p>\n<p class=\"_paragraph_ew2ao_4 _paragraph_xtcu6_10 layout-component text-serif-m layout-normal text-serif-m layout-padded\">F\u00f8rst klokken 03.50 ble Djordje Wilms p\u00e5grepet ved Spikersuppa i Oslo sentrum. <\/p>\n<p class=\"_paragraph_ew2ao_4 _paragraph_xtcu6_10 layout-component text-serif-m layout-normal text-serif-m layout-padded\">P\u00e5gripelsen skjedde etter at en drosjesj\u00e5f\u00f8r varslet politiet om en passasjer som ikke kunne gj\u00f8re opp for seg. <\/p>\n<p class=\"_paragraph_ew2ao_4 _paragraph_xtcu6_10 layout-component text-serif-m layout-normal text-serif-m layout-padded\">Politiet hadde da jaktet p\u00e5 Djordje Wilms i Oslos gater i nesten tre timer. <\/p>\n<p><img decoding=\"async\" alt=\"Bilde av Petter Mandt\" class=\"_image_ygndg_42\" height=\"27\" itemprop=\"image\" loading=\"lazy\"  src=\"https:\/\/www.europesays.com\/no\/wp-content\/uploads\/2025\/09\/5565323c-48ed-489f-a43a-a54fc6e1cc3f\"  width=\"40\"\/><strong class=\"_name_ygndg_51 title-serif-xs\">Petter Mandt<\/strong><\/p>\n<p class=\"_paragraph_ew2ao_4 text-sans-m _description_ygndg_56\">Forsvarer<\/p>\n<p class=\"_paragraph_ew2ao_4 _paragraph_xtcu6_10 layout-component text-serif-m layout-normal text-serif-m layout-padded\">\u2013 Da han ble p\u00e5grepet var han i besittelse av en jaktkniv, som vi mener er drapsv\u00e5penet, sier politiadvokat Oda Karterud i Oslo politidistrikt. <\/p>\n<p class=\"_paragraph_ew2ao_4 _paragraph_xtcu6_10 layout-component text-serif-m layout-normal text-serif-m layout-padded\"><strong class=\"_strong_ew2ao_25\">If\u00f8lge VGs opplysninger skal 18-\u00e5ringen ogs\u00e5 ha hatt med seg en hjelm da han ble p\u00e5grepet. <\/strong><\/p>\n<p class=\"_paragraph_ew2ao_4 _paragraph_xtcu6_10 layout-component text-serif-m layout-normal text-serif-m layout-padded\">Politiet har f\u00e5tt en forel\u00f8pig obduksjonsrapport, men \u00f8nsker ikke \u00e5 g\u00e5 inn p\u00e5 hva slags skader avd\u00f8de hadde \u2013 utover at hun ble drept med kniv. <\/p>\n<p class=\"_paragraph_ew2ao_4 _paragraph_xtcu6_10 layout-component text-serif-m layout-normal text-serif-m layout-padded\"><strong class=\"_strong_ew2ao_25\">\u2013 Vet dere hvor han har f\u00e5tt tak i denne jaktkniven?<\/strong><\/p>\n<p class=\"_paragraph_ew2ao_4 _paragraph_xtcu6_10 layout-component text-serif-m layout-normal text-serif-m layout-padded\">\u2013 Vi har gjort unders\u00f8kelser rundt hvordan han har f\u00e5tt tilgang til denne kniven, men vi \u00f8nsker ikke \u00e5 si noe mer om dette n\u00e5, svarer politiadvokaten.<\/p>\n<p><img alt=\"DREPT P\u00c5 JOBB: Tamima Nibras Juhar ble 34 \u00e5r gammel. Hun var muslim og innvandret fra Etiopia p\u00e5 2000-tallet.   Foto: Privat\" class=\"_image_qp4xg_65 layout-component layout-normal\" data-fullscreen- data-track-element-type=\"Article image fullscreen\" data-track-name=\"ImageFullscreen\" decoding=\"async\" loading=\"lazy\" height=\"796\" itemprop=\"image\"  src=\"https:\/\/www.europesays.com\/no\/wp-content\/uploads\/2025\/09\/c7928a5a-1591-4bf3-93ca-5094e0ac3c84\"  style=\"object-position:0% 0%\" width=\"791\"\/>DREPT P\u00c5 JOBB: Tamima Nibras Juhar ble 34 \u00e5r gammel. Hun var muslim og innvandret fra Etiopia p\u00e5 2000-tallet.   Foto: PrivatNytt avh\u00f8r<\/p>\n<p class=\"_paragraph_ew2ao_4 _paragraph_xtcu6_10 layout-component text-serif-m layout-normal text-serif-m layout-padded\">I politiavh\u00f8r denne uken har 18-\u00e5ringen forklart seg detaljert om motivasjonen som l\u00e5 bak drapet p\u00e5 Tamima Nibras Juhar \u2013 samt om intensjonen han hadde om videre angrep mot en mosk\u00e9 i H\u00f8nefoss.<\/p>\n<p class=\"_paragraph_ew2ao_4 _paragraph_xtcu6_10 layout-component text-serif-m layout-normal text-serif-m layout-padded\">\u2013 Han har gitt uttrykk for h\u00f8yreekstreme holdningerh\u00f8yreekstreme holdningerH\u00f8yreekstreme holdninger refererer til politiske synspunkter som ofte inneb\u00e6rer nasjonalisme, rasisme, og motstand mot innvandring, og som kan f\u00f8re til voldelige handlinger.. Han har ogs\u00e5 uttrykt negative holdninger overfor muslimer, sier Karterud til VG. <\/p>\n<p class=\"_paragraph_ew2ao_4 _paragraph_xtcu6_10 layout-component text-serif-m layout-normal text-serif-m layout-padded\">Politiet jobber n\u00e5 med \u00e5 etterg\u00e5 siktedes forklaringer i avh\u00f8r. <\/p>\n<p class=\"_paragraph_ew2ao_4 _paragraph_xtcu6_10 layout-component text-serif-m layout-normal text-serif-m layout-padded\">Et sentralt tema for den videre etterforskningen er \u00e5 avklare hva som har v\u00e6rt siktedes intensjon og om dette rammes av terrorbestemmelsenterrorbestemmelsenTerrorbestemmelsen i straffeloven er en del av lovverket som definerer hva som regnes som terrorhandlinger og hvilke straffer som kan gis for slike handlinger. i straffeloven, opplyste Oslo politidistrikt i en pressemelding fredag formiddag.<\/p>\n<p class=\"_paragraph_ew2ao_4 _paragraph_xtcu6_10 layout-component text-serif-m layout-normal text-serif-m layout-padded\">\u2013 Det er fortsatt ikke er holdepunkter for at andre har v\u00e6rt involvert. Vi mener fortsatt at siktedes gjennomf\u00f8ringsevne for videre angrep har v\u00e6rt lav, sier Karterud. <\/p>\n<p class=\"_paragraph_ew2ao_4 _paragraph_xtcu6_10 layout-component text-serif-m layout-normal layout-padded\"><strong class=\"_strong_ew2ao_25\">Les ogs\u00e5:<\/strong> <a href=\"https:\/\/www.vg.no\/i\/73ejg3\" data-track-element-type=\"Link\" data-track-id=\"link:73ejg3\" class=\"_link_ew2ao_39\" rel=\"nofollow noopener\" target=\"_blank\">Drapssiktet skulle begynt ungdoms\u00adoppf\u00f8lging denne uken<\/a><\/p>\n<p>Skal unders\u00f8kes av spesialister<\/p>\n<p class=\"_paragraph_ew2ao_4 _paragraph_xtcu6_10 layout-component text-serif-m layout-normal text-serif-m layout-padded\">Politiet har f\u00e5tt oppnevnt tre sakkyndige som i tiden fremover skal gjennomf\u00f8re rettspsykiatriske unders\u00f8kelser av den terrorsiktede 18-\u00e5ringen. <\/p>\n<p class=\"_paragraph_ew2ao_4 _paragraph_xtcu6_10 layout-component text-serif-m layout-normal text-serif-m layout-padded\">\u2013 Bakgrunnen for at det er oppnevnt tre sakkyndige i denne saken er at terror, ekstremisme og radikalisering er s\u00e6regne fenomener. Den diagnostiske vurderingen i slike saker kan v\u00e6re spesielt komplisert, sier politiadvokaten.<\/p>\n<p class=\"_paragraph_ew2ao_4 _paragraph_xtcu6_10 layout-component text-serif-m layout-normal text-serif-m layout-padded\">Djordje Wilms sitter fortsatt i varetekt, men p\u00e5talemyndigheten har n\u00e5 f\u00e5tt opphevet isolasjonen og medieforbudet.<\/p>\n<p class=\"_paragraph_ew2ao_4 _paragraph_xtcu6_10 layout-component text-serif-m layout-normal text-serif-m layout-padded\">\u2013 Vi mener det ikke er behov for dette slik etterforskningen st\u00e5r n\u00e5. Siktede er fortsatt ilagt brev- og bes\u00f8ksforbud, sier politiadvokaten.<\/p>\n","protected":false},"excerpt":{"rendered":"Noe senere kom naboer hjem for \u00e5 parkere, men de kom seg ikke inn i garasjeanlegget p\u00e5 grunn&hellip;\n","protected":false},"author":2,"featured_media":27971,"comment_status":"","ping_status":"","sticky":false,"template":"","format":"standard","meta":{"footnotes":""},"categories":[10],"tags":[20,21,3118,24,25,15,22,23,13,30,28,29,14,636,16,26,27],"class_list":{"0":"post-27970","1":"post","2":"type-post","3":"status-publish","4":"format-standard","5":"has-post-thumbnail","7":"category-norge","8":"tag-breaking-news","9":"tag-breakingnews","10":"tag-drapet-pa-kampen","11":"tag-featured-news","12":"tag-featurednews","13":"tag-headlines","14":"tag-latest-news","15":"tag-latestnews","16":"tag-news","17":"tag-no","18":"tag-norge","19":"tag-norway","20":"tag-nyheter","21":"tag-oslo","22":"tag-overskrifter","23":"tag-top-stories","24":"tag-topstories"},"share_on_mastodon":{"url":"","error":""},"_links":{"self":[{"href":"https:\/\/www.europesays.com\/no\/wp-json\/wp\/v2\/posts\/27970","targetHints":{"allow":["GET"]}}],"collection":[{"href":"https:\/\/www.europesays.com\/no\/wp-json\/wp\/v2\/posts"}],"about":[{"href":"https:\/\/www.europesays.com\/no\/wp-json\/wp\/v2\/types\/post"}],"author":[{"embeddable":true,"href":"https:\/\/www.europesays.com\/no\/wp-json\/wp\/v2\/users\/2"}],"replies":[{"embeddable":true,"href":"https:\/\/www.europesays.com\/no\/wp-json\/wp\/v2\/comments?post=27970"}],"version-history":[{"count":0,"href":"https:\/\/www.europesays.com\/no\/wp-json\/wp\/v2\/posts\/27970\/revisions"}],"wp:featuredmedia":[{"embeddable":true,"href":"https:\/\/www.europesays.com\/no\/wp-json\/wp\/v2\/media\/27971"}],"wp:attachment":[{"href":"https:\/\/www.europesays.com\/no\/wp-json\/wp\/v2\/media?parent=27970"}],"wp:term":[{"taxonomy":"category","embeddable":true,"href":"https:\/\/www.europesays.com\/no\/wp-json\/wp\/v2\/categories?post=27970"},{"taxonomy":"post_tag","embeddable":true,"href":"https:\/\/www.europesays.com\/no\/wp-json\/wp\/v2\/tags?post=27970"}],"curies":[{"name":"wp","href":"https:\/\/api.w.org\/{rel}","templated":true}]}}