{"id":279705,"date":"2026-06-28T17:11:14","date_gmt":"2026-06-28T17:11:14","guid":{"rendered":"https:\/\/www.europesays.com\/no\/279705\/"},"modified":"2026-06-28T17:11:14","modified_gmt":"2026-06-28T17:11:14","slug":"vaer-stor-elvdal-lokalt-sted-varmest-i-landet-sondag","status":"publish","type":"post","link":"https:\/\/www.europesays.com\/no\/279705\/","title":{"rendered":"V\u00e6r, Stor-Elvdal | Lokalt sted varmest i landet s\u00f8ndag"},"content":{"rendered":"\n<p>Gulsvik, Hakadal og Kongsberg har ogs\u00e5 notert over 30 grader denne sommerdagen, opplyser Meteorologisk institutt til <a rel=\"noopener nofollow\" href=\"https:\/\/www.tv2.no\/direkte\/jpybz\/siste-nytt\/6a41376065073b7b4cdadc11\/her-er-det-varmest-i-dag-fire-steder-over-30-grader\" id=\"ecea0b29-5d6e-4bb9-9bc7-e200485ffb73\" target=\"_blank\">TV 2<\/a>.<\/p>\n<p>Evenstad i Innlandet var varmest med 30,9 grader, if\u00f8lge Meteorologisk institutt.<\/p>\n<p>Oslo har enn\u00e5 ikke passert 30 grader. Varmest i hovedstaden er m\u00e5lestasjonen p\u00e5 Bygd\u00f8y, som har notert 29,9 grader.<\/p>\n<p>Varmerekorden i Norge er p\u00e5 35,6 grader i Nesbyen i 1970.<\/p>\n<p>   <img decoding=\"async\" width=\"857\" height=\"292\" fetchpriority=\"low\"  loading=\"lazy\"  src=\"https:\/\/www.europesays.com\/no\/wp-content\/uploads\/2026\/06\/YREVenstad.jpg\" alt=\"\" class=\"brick-c-cFOWSL\" style=\"--brick-image-ratio: 857 \/ 292;\"\/><\/p>\n<p>      VARMT: Dette er temperaturen p\u00e5 Evenstad ved 17.30-tiden, s\u00f8ndag.<br \/>\n      Foto: Skjermdump\n    <\/p>\n<p>Det er heteb\u00f8lge flere steder denne helgen, der spesielt Frankrike og Tyskland er hardt rammet.\u00a0<\/p>\n<p>For tredje dag p\u00e5 rad er den nasjonale varmerekorden i Tyskland sl\u00e5tt. S\u00f8ndag ble det m\u00e5lt 41,7 grader.<\/p>\n<p>I Frankrike er det blitt registrert mer enn 1000 flere d\u00f8dsfall, enn det som er normalt, under heteb\u00f8lgen.<\/p>\n<p>If\u00f8lge prognosene fra Meteorologisk Institutt, s\u00e5 vil varmen i Innlandet avta fra i morgen, f\u00f8r det i midten av neste uke vil nede p\u00e5 20 varmegrader, igjen.\u00a0<\/p>\n","protected":false},"excerpt":{"rendered":"Gulsvik, Hakadal og Kongsberg har ogs\u00e5 notert over 30 grader denne sommerdagen, opplyser Meteorologisk institutt til TV 2.&hellip;\n","protected":false},"author":2,"featured_media":279706,"comment_status":"","ping_status":"","sticky":false,"template":"","format":"standard","meta":{"footnotes":"","_share_on_mastodon":"0"},"categories":[5],"tags":[7554,36,20,21,1070,24,25,15,19,22,23,1272,17,18,13,30,28,29,14,16,16035,7555,1510,26,27,553],"class_list":["post-279705","post","type-post","status-publish","format-standard","has-post-thumbnail","category-overskrifter","tag-amot","tag-art","tag-breaking-news","tag-breakingnews","tag-elverum","tag-featured-news","tag-featurednews","tag-headlines","tag-hovedoppslag","tag-latest-news","tag-latestnews","tag-loten","tag-main-news","tag-mainnews","tag-news","tag-no","tag-norge","tag-norway","tag-nyheter","tag-overskrifter","tag-osterdalen","tag-stor-elvdal","tag-story","tag-top-stories","tag-topstories","tag-vaer"],"share_on_mastodon":{"url":"https:\/\/pubeurope.com\/@no\/116828850810837671","error":""},"_links":{"self":[{"href":"https:\/\/www.europesays.com\/no\/wp-json\/wp\/v2\/posts\/279705","targetHints":{"allow":["GET"]}}],"collection":[{"href":"https:\/\/www.europesays.com\/no\/wp-json\/wp\/v2\/posts"}],"about":[{"href":"https:\/\/www.europesays.com\/no\/wp-json\/wp\/v2\/types\/post"}],"author":[{"embeddable":true,"href":"https:\/\/www.europesays.com\/no\/wp-json\/wp\/v2\/users\/2"}],"replies":[{"embeddable":true,"href":"https:\/\/www.europesays.com\/no\/wp-json\/wp\/v2\/comments?post=279705"}],"version-history":[{"count":0,"href":"https:\/\/www.europesays.com\/no\/wp-json\/wp\/v2\/posts\/279705\/revisions"}],"wp:featuredmedia":[{"embeddable":true,"href":"https:\/\/www.europesays.com\/no\/wp-json\/wp\/v2\/media\/279706"}],"wp:attachment":[{"href":"https:\/\/www.europesays.com\/no\/wp-json\/wp\/v2\/media?parent=279705"}],"wp:term":[{"taxonomy":"category","embeddable":true,"href":"https:\/\/www.europesays.com\/no\/wp-json\/wp\/v2\/categories?post=279705"},{"taxonomy":"post_tag","embeddable":true,"href":"https:\/\/www.europesays.com\/no\/wp-json\/wp\/v2\/tags?post=279705"}],"curies":[{"name":"wp","href":"https:\/\/api.w.org\/{rel}","templated":true}]}}