{"id":279723,"date":"2026-06-28T17:26:20","date_gmt":"2026-06-28T17:26:20","guid":{"rendered":"https:\/\/www.europesays.com\/no\/279723\/"},"modified":"2026-06-28T17:26:20","modified_gmt":"2026-06-28T17:26:20","slug":"viral-vaermelding-for-2050-allerede-slatt","status":"publish","type":"post","link":"https:\/\/www.europesays.com\/no\/279723\/","title":{"rendered":"Viral v\u00e6rmelding for 2050 allerede sl\u00e5tt"},"content":{"rendered":"\n<p class=\"_lead_145nj_2 _lead_6fko5_53 layout-component text-serif-m layout-normal text-serif-l layout-component layout-wide layout-padded _wide_17hqh_1 layout-padded\">I 2014 sp\u00e5dde fransk TV heterekordene for 2050 som f\u00f8lge av klimaendringer. N\u00e5 er de allerede knust.<\/p>\n<p><img alt=\"I 2014 presenterte fransk TV en tenkt v\u00e6rmelding i \u00e5r 2050 basert p\u00e5 klimamodeller. Det nederste bildet viser v\u00e6rmelding gitt denne uken. Foto: Skjermbilde TF1\" class=\"_image_jw3bv_65 layout-component layout-wide\" data-fullscreen- data-track-element-type=\"Article image fullscreen\" data-track-name=\"ImageFullscreen\" fetchpriority=\"high\" decoding=\"sync\" loading=\"eager\" height=\"1430\" itemprop=\"image\"  src=\"https:\/\/www.europesays.com\/no\/wp-content\/uploads\/2026\/06\/5ad9bb71-252c-3aa2-9bc1-3adfd7606d28.jpeg\"  style=\"object-position:0% 0%\" width=\"1237\"\/>I 2014 presenterte fransk TV en tenkt v\u00e6rmelding i \u00e5r 2050 basert p\u00e5 klimamodeller. Det nederste bildet viser v\u00e6rmelding gitt denne uken. Foto: Skjermbilde TF1<\/p>\n<ul aria-hidden=\"true\" class=\"_images_ntbth_112\">\n<li><a class=\"_link_ntbth_117\" href=\"https:\/\/www.vg.no\/forfatter\/kyrre-lien\" style=\"z-index:1\" title=\"Kyrre Lien\" rel=\"nofollow noopener\" target=\"_blank\"><img alt=\"Bilde av Kyrre Lien\" class=\"_image_ntbth_93\" fetchpriority=\"low\" loading=\"lazy\" decoding=\"async\" itemprop=\"image\"  src=\"https:\/\/www.europesays.com\/no\/wp-content\/uploads\/2026\/06\/1782667579_649_4bd4fafe-13b9-4b5b-a584-2321d2512207.jpeg\"  width=\"480\"\/><\/a><\/li>\n<\/ul>\n<p> Oppdatert s\u00f8ndag 28. juni kl. 17:04    <\/p>\n<ul class=\"_list_145nj_3 _list_64s2r_85 _unordered_145nj_106 text-sans-m\">\n<li class=\"_item_145nj_30\">Skrekkscenarioene fra fransk v\u00e6ranker \u00c9velyne Dh\u00e9liat i 2014 har allerede blitt virkelighet.<\/li>\n<li class=\"_item_145nj_30\">Under heteb\u00f8lgen denne uken ble det m\u00e5lt 44,3 grader i Frankrike.<\/li>\n<li class=\"_item_145nj_30\">FNs klimasjef advarer om at ekstremvarmen vil bli verre s\u00e5 lenge vi brenner kull, olje og gass.<\/li>\n<li class=\"_item_145nj_30\">WHO ansl\u00e5r at rundt 489.000 mennesker d\u00f8r \u00e5rlig av varmerelaterte \u00e5rsaker.<\/li>\n<\/ul>\n<p>Vis mer <\/p>\n<p class=\"_paragraph_145nj_4 _paragraph_6fko5_10 layout-component text-serif-m layout-normal text-serif-m layout-padded\">V\u00e6ranker \u00c9velyne Dh\u00e9liat g\u00e5r n\u00e5 viralt. <\/p>\n<p class=\"_paragraph_145nj_4 _paragraph_6fko5_10 layout-component text-serif-m layout-normal text-serif-m layout-padded\">I <a href=\"https:\/\/www.youtube.com\/watch?v=_s55xNz26qQ\" class=\"_link_145nj_39\" rel=\"nofollow noopener\" target=\"_blank\">2014<\/a> stilte hun seg opp slik hun hadde gjort i flere ti\u00e5r. Hun presenterte v\u00e6ret i Frankrike, men denne gangen var det en sp\u00e5dom hun kom med. <\/p>\n<p class=\"_paragraph_145nj_4 _paragraph_6fko5_10 layout-component text-serif-m layout-normal text-serif-m layout-padded\">Temperaturene var hentet fra klimamodellene til Verdens meteorologiske organisasjon (WMO) og var et skrekkscenario som skulle vise hvordan v\u00e6ret kunne bli i 2050, med mindre verdens land for alvor satte inn store tiltak for \u00e5 dempe de menneskeskapte klimaendringene. <\/p>\n<p class=\"_paragraph_145nj_4 _paragraph_6fko5_10 layout-component text-serif-m layout-normal text-serif-m layout-padded\">Men denne uken ble skrekkscenarioet knust. V\u00e6rmeldingen hun ga i 2014 har n\u00e5 blitt omtalt verden over. <\/p>\n<p><img alt=\"I Frankrike har sv\u00e6rt mange druknet de siste dagene, etter at tusenvis har flokket til elver og innsj\u00f8er for \u00e5 kj\u00f8le seg ned.  Foto: Tom Nicholson \/ Reuters \/ NTB\" class=\"_image_jw3bv_65 layout-component layout-normal\" data-fullscreen- data-track-element-type=\"Article image fullscreen\" data-track-name=\"ImageFullscreen\" decoding=\"async\" loading=\"lazy\" height=\"4997\" itemprop=\"image\"  src=\"https:\/\/www.europesays.com\/no\/wp-content\/uploads\/2026\/06\/cd3b6220-3d6b-3ce3-921c-6b54451a016c.jpeg\"  style=\"object-position:0% 0%\" width=\"6663\"\/>I Frankrike har sv\u00e6rt mange druknet de siste dagene, etter at tusenvis har flokket til elver og innsj\u00f8er for \u00e5 kj\u00f8le seg ned.  Foto: Tom Nicholson \/ Reuters \/ NTB<\/p>\n<p class=\"_paragraph_145nj_4 _paragraph_6fko5_10 layout-component text-serif-m layout-normal text-serif-m layout-padded\">Under den p\u00e5g\u00e5ende heteb\u00f8lgen som har herjet i Europa denne uken, ble det m\u00e5lt hele 44,3 grader i Frankrike onsdag. <\/p>\n<p class=\"_paragraph_145nj_4 _paragraph_6fko5_10 layout-component text-serif-m layout-normal text-serif-m layout-padded\">P\u00e5 19 av 34 steder i Frankrike ble Dh\u00e9liats skrekkscenario for \u00e5r 2050 matchet eller overg\u00e5tt, skriver Washington Post. <\/p>\n<p class=\"_paragraph_145nj_4 _paragraph_6fko5_10 layout-component text-serif-m layout-normal text-serif-m layout-padded\">\u2013 Det v\u00e6rpresentat\u00f8rene skapte er bare mulige scenarioer, ikke virkelige varsler. Likevel er de basert p\u00e5 klimaforskning, for \u00e5 fors\u00f8ke \u00e5 forklare publikum hvordan livet kan bli p\u00e5 en varmere planet, sier WMO-talsperson Clare Nullis til avisen. <\/p>\n<p><img alt=\"I Paris har flere hengt opp reflekterende folie i vinduene for \u00e5 pr\u00f8ve \u00e5 hindre at hjemmene blir glovarme.  Foto: Gonzalo Fuentes \/ Reuters \/ NTB\" class=\"_image_jw3bv_65 layout-component layout-normal\" data-fullscreen- data-track-element-type=\"Article image fullscreen\" data-track-name=\"ImageFullscreen\" decoding=\"async\" loading=\"lazy\" height=\"3568\" itemprop=\"image\"  src=\"https:\/\/www.europesays.com\/no\/wp-content\/uploads\/2026\/06\/3ac9e556-3129-3b0a-8ce3-3eb40b6a2543.jpeg\"  style=\"object-position:0% 0%\" width=\"4757\"\/>I Paris har flere hengt opp reflekterende folie i vinduene for \u00e5 pr\u00f8ve \u00e5 hindre at hjemmene blir glovarme.  Foto: Gonzalo Fuentes \/ Reuters \/ NTB<\/p>\n<p class=\"_paragraph_145nj_4 _paragraph_6fko5_10 layout-component text-serif-m layout-normal text-serif-m layout-padded\">V\u00e6ranker Dh\u00e9liat sa at flere av temperatursp\u00e5dommene allerede hadde blitt knust. <\/p>\n<p class=\"_paragraph_145nj_4 _paragraph_6fko5_10 layout-component text-serif-m layout-normal text-serif-m layout-padded\">\u2013 Jeg husker jeg ble fortalt av forskerne at det ikke var mulig \u00e5 si om 50 grader ville bli passert. N\u00e5 er jeg sikker p\u00e5 at slike temperaturer vil bli n\u00e5dd, sier hun denne uken til den franske avisen Le Progr\u00e8s.<\/p>\n<p class=\"_paragraph_145nj_4 _paragraph_6fko5_10 layout-component text-serif-m layout-normal text-serif-m layout-padded\">Hun har i flere intervjuer uttalt at hun mener klimaendringene m\u00e5 f\u00e5 mer fokus. <\/p>\n<p class=\"_paragraph_145nj_4 _paragraph_6fko5_10 layout-component text-serif-m layout-normal text-serif-m layout-padded\">\u2013 Min rolle er \u00e5 advare mot fare, og jeg tror dette blir mer og mer vanlig. <\/p>\n<p><img alt=\"I Paris valgte mange \u00e5 sove ute. Tilgangen p\u00e5 aircondition og kj\u00f8lige bygg er d\u00e5rlig i omr\u00e5det.  Foto: DIMITAR DILKOFF \/ AFP \/ NTB\" class=\"_image_jw3bv_65 layout-component layout-normal\" data-fullscreen- data-track-element-type=\"Article image fullscreen\" data-track-name=\"ImageFullscreen\" decoding=\"async\" loading=\"lazy\" height=\"3320\" itemprop=\"image\"  src=\"https:\/\/www.europesays.com\/no\/wp-content\/uploads\/2026\/06\/659485af-c3da-3add-af1a-36e741b3c092.jpeg\"  style=\"object-position:0% 0%\" width=\"4426\"\/>I Paris valgte mange \u00e5 sove ute. Tilgangen p\u00e5 aircondition og kj\u00f8lige bygg er d\u00e5rlig i omr\u00e5det.  Foto: DIMITAR DILKOFF \/ AFP \/ NTB<\/p>\n<p class=\"_paragraph_145nj_4 _paragraph_6fko5_10 layout-component text-serif-m layout-normal text-serif-m layout-padded\">FNs v\u00e6rorganisasjon WMO <a href=\"https:\/\/news.un.org\/en\/story\/2026\/06\/1167808\" class=\"_link_145nj_39\" rel=\"nofollow noopener\" target=\"_blank\">advarer<\/a> om livsfarlige temperaturer i flere land.<\/p>\n<p class=\"_paragraph_145nj_4 _paragraph_6fko5_10 layout-component text-serif-m layout-normal text-serif-m layout-padded\">Tirsdag 24. juni ble den varmeste dagen som noensinne er m\u00e5lt i Frankrike, med en gjennomsnittstemperatur p\u00e5 30 grader, if\u00f8lge den franske meteorologiske tjenesten M\u00e9t\u00e9o-France. I den vestlige byen Pulluau ble det m\u00e5lt hele 43,8 grader. Myndighetene utstedte r\u00f8dt farevarsel for rekordmange omr\u00e5der. <\/p>\n<p class=\"_paragraph_145nj_4 _paragraph_6fko5_10 layout-component text-serif-m layout-normal text-serif-m layout-padded\">FNs klimasjef Simon Stiell er ikke i tvil om hva som ligger bak:<\/p>\n<p class=\"_paragraph_145nj_4 _paragraph_6fko5_10 layout-component text-serif-m layout-normal text-serif-m layout-padded\">\u2013 Denne brutale heteb\u00f8lgen har klimakrisens fingeravtrykk over seg, sa han if\u00f8lge FN.<\/p>\n<p class=\"_paragraph_145nj_4 _paragraph_6fko5_10 layout-component text-serif-m layout-normal text-serif-m layout-padded\">Han advarer om at ekstremvarmen bare vil bli verre s\u00e5 lenge menneskeheten fortsetter \u00e5 brenne kull, olje og gass.<\/p>\n<p class=\"_paragraph_145nj_4 _paragraph_6fko5_10 layout-component text-serif-m layout-normal text-serif-m layout-padded\">Spesielt farlige er de s\u00e5kalte \u00abtropenettene\u00bb, der temperaturen ikke faller under 20 grader. WHO ansl\u00e5r at rundt 489.000 mennesker d\u00f8r av varmerelaterte \u00e5rsaker hvert \u00e5r.<\/p>\n<p class=\"_paragraph_145nj_4 _paragraph_6fko5_10 layout-component text-serif-m layout-normal text-serif-m layout-padded\">I Frankrike meldes det at mer enn 1000 <a href=\"https:\/\/www.vg.no\/nyheter\/i\/WvoOaa\/naa-steker-det?pinnedEntry=80795\" data-track-element-type=\"Link\" data-track-id=\"link:WvoOaa\" class=\"_link_145nj_39\" rel=\"nofollow noopener\" target=\"_blank\">flere d\u00f8de<\/a> under heteb\u00f8lgen enn normalt.<\/p>\n<p class=\"_paragraph_145nj_4 _paragraph_6fko5_10 layout-component text-serif-m layout-normal text-serif-m layout-padded\">En av dem som har slitt med varmen, er <a href=\"https:\/\/www.vg.no\/nyheter\/i\/6qlVLz\/johanna-ulevbne-20-om-heteboelgen-i-paris-det-er-som-aa-bo-i-en-badstue\" data-track-element-type=\"Link\" data-track-id=\"link:6qlVLz\" class=\"_link_145nj_39\" rel=\"nofollow noopener\" target=\"_blank\">norske Simone som VG <\/a>har m\u00f8tt. Hun bor i det hun omtaler som \u00aben badstue\u00bb. <\/p>\n","protected":false},"excerpt":{"rendered":"I 2014 sp\u00e5dde fransk TV heterekordene for 2050 som f\u00f8lge av klimaendringer. N\u00e5 er de allerede knust. I&hellip;\n","protected":false},"author":2,"featured_media":279724,"comment_status":"","ping_status":"","sticky":false,"template":"","format":"standard","meta":{"footnotes":"","_share_on_mastodon":"0"},"categories":[5],"tags":[20,21,24,25,15,1310,19,4351,22,23,17,18,13,30,28,29,14,16,26,27],"class_list":["post-279723","post","type-post","status-publish","format-standard","has-post-thumbnail","category-overskrifter","tag-breaking-news","tag-breakingnews","tag-featured-news","tag-featurednews","tag-headlines","tag-hetebolge","tag-hovedoppslag","tag-klimaendringer","tag-latest-news","tag-latestnews","tag-main-news","tag-mainnews","tag-news","tag-no","tag-norge","tag-norway","tag-nyheter","tag-overskrifter","tag-top-stories","tag-topstories"],"share_on_mastodon":{"url":"https:\/\/pubeurope.com\/@no\/116828909590001559","error":""},"_links":{"self":[{"href":"https:\/\/www.europesays.com\/no\/wp-json\/wp\/v2\/posts\/279723","targetHints":{"allow":["GET"]}}],"collection":[{"href":"https:\/\/www.europesays.com\/no\/wp-json\/wp\/v2\/posts"}],"about":[{"href":"https:\/\/www.europesays.com\/no\/wp-json\/wp\/v2\/types\/post"}],"author":[{"embeddable":true,"href":"https:\/\/www.europesays.com\/no\/wp-json\/wp\/v2\/users\/2"}],"replies":[{"embeddable":true,"href":"https:\/\/www.europesays.com\/no\/wp-json\/wp\/v2\/comments?post=279723"}],"version-history":[{"count":0,"href":"https:\/\/www.europesays.com\/no\/wp-json\/wp\/v2\/posts\/279723\/revisions"}],"wp:featuredmedia":[{"embeddable":true,"href":"https:\/\/www.europesays.com\/no\/wp-json\/wp\/v2\/media\/279724"}],"wp:attachment":[{"href":"https:\/\/www.europesays.com\/no\/wp-json\/wp\/v2\/media?parent=279723"}],"wp:term":[{"taxonomy":"category","embeddable":true,"href":"https:\/\/www.europesays.com\/no\/wp-json\/wp\/v2\/categories?post=279723"},{"taxonomy":"post_tag","embeddable":true,"href":"https:\/\/www.europesays.com\/no\/wp-json\/wp\/v2\/tags?post=279723"}],"curies":[{"name":"wp","href":"https:\/\/api.w.org\/{rel}","templated":true}]}}