{"id":280065,"date":"2026-06-29T01:32:15","date_gmt":"2026-06-29T01:32:15","guid":{"rendered":"https:\/\/www.europesays.com\/no\/280065\/"},"modified":"2026-06-29T01:32:15","modified_gmt":"2026-06-29T01:32:15","slug":"julian-ryersons-skade-hvem-skal-spille-hoyreback-for-norge-mot-elfenbenskysten","status":"publish","type":"post","link":"https:\/\/www.europesays.com\/no\/280065\/","title":{"rendered":"Julian Ryersons skade: Hvem skal spille h\u00f8yreback for Norge mot Elfenbenskysten?"},"content":{"rendered":"\n<ul class=\"_list_145nj_3 _list_64s2r_85 _unordered_145nj_106 text-sans-m\">\n<li class=\"_item_145nj_30\">Julian Ryerson er ute med skade, og det er tvilsomt at han kan spille mot Elfenbenskysten i 16-delsfinalen p\u00e5 tirsdag.<\/li>\n<li class=\"_item_145nj_30\">Ekspertene er samstemte om at tapet av Ryerson n\u00e6rmest er umulig \u00e5 erstatte.<\/li>\n<li class=\"_item_145nj_30\">Marcus Holmgren Pedersen og Fredrik Aursnes er alternativer p\u00e5 h\u00f8yrebacken.<\/li>\n<li class=\"_item_145nj_30\">Ekspertene fremhever Ryersons betydning b\u00e5de offensivt og defensivt.<\/li>\n<\/ul>\n<p>Vis mer <\/p>\n<p class=\"_paragraph_145nj_4 _paragraph_6fko5_10 layout-component text-serif-m layout-normal text-serif-m layout-padded\">Ekspertene er s\u00e5 \u00e5 si samstemte. <\/p>\n<p class=\"_paragraph_145nj_4 _paragraph_6fko5_10 layout-component text-serif-m layout-normal text-serif-m layout-padded\">\u2013 Det g\u00e5r ikke an \u00e5 erstatte Ryerson, sier VGs landslagsekspert Ruben Gabrielsen. <\/p>\n<p class=\"_paragraph_145nj_4 _paragraph_6fko5_10 layout-component text-serif-m layout-normal text-serif-m layout-padded\">\u2013 Jeg sa f\u00f8r mesterskapet at den jeg fryktet mest skulle bli skadet, var Ryerson, fordi gapet i kvalitet er st\u00f8rst p\u00e5 laget der, sier NRK-ekspert Kristoffer L\u00f8kberg. <\/p>\n<p class=\"_paragraph_145nj_4 _paragraph_6fko5_10 layout-component text-serif-m layout-normal text-serif-m layout-padded\">\u2013 Det hadde naturligvis v\u00e6rt et st\u00f8rre slag om det var Braut Haaland, \u00d8degaard eller Berge som ble skadet. Men utover den trioen er jeg ikke sikker p\u00e5 om noen andre er viktigere enn Ryerson, sier VGs landslagsekspert Petter Veland.<\/p>\n<p class=\"_paragraph_145nj_4 _paragraph_6fko5_10 layout-component text-serif-m layout-normal text-serif-m layout-padded\">\u2013 Det er nesten litt merkelig at vi ikke snakker enda mer om at Ryerson er ute. Det ble glemt i jubelrusen etter Holmgren Pedersens scoring, sier VGs landslagskommentator Trond Johannessen.<\/p>\n<p><img alt=\"En ispose surres rundt oversiden av Ryersons h\u00f8yre l\u00e5r etter at han ble byttet ut mot Senegal.  Foto: VEGARD GR\u00d8TT \/ NFF\" class=\"_image_jw3bv_65 layout-component layout-normal\" data-fullscreen- data-track-element-type=\"Article image fullscreen\" data-track-name=\"ImageFullscreen\" decoding=\"async\" loading=\"lazy\" height=\"3203\" itemprop=\"image\"  src=\"https:\/\/www.europesays.com\/no\/wp-content\/uploads\/2026\/06\/60f88b3b-cbf7-343e-834e-71fa3a14f62c.jpeg\"  style=\"object-position:0% 0%\" width=\"4804\"\/>En ispose surres rundt oversiden av Ryersons h\u00f8yre l\u00e5r etter at han ble byttet ut mot Senegal.  Foto: VEGARD GR\u00d8TT \/ NFF<\/p>\n<p class=\"_paragraph_145nj_4 _paragraph_6fko5_10 layout-component text-serif-m layout-normal text-serif-m layout-padded\">St\u00e5le Solbakkens ubestridte f\u00f8rstevalg m\u00e5tte ut med skade under kampen mot Senegal etter bare elleve minutter, og var heller ikke p\u00e5 banen da Norge m\u00f8tte Frankrike fredag i siste gruppespillskamp. <\/p>\n<p class=\"_paragraph_145nj_4 _paragraph_6fko5_10 layout-component text-serif-m layout-normal text-serif-m layout-padded\"><strong class=\"_strong_145nj_25\">L\u00f8rdag opplyste landslagssjefen at det er lite som tyder p\u00e5 at Ryerson blir klar til Norges 16-delsfinale mot Elfenbenskysten p\u00e5 tirsdagtirsdagKampstart kl. 19. Sendes p\u00e5 TV 2..<\/strong><\/p>\n<p class=\"_paragraph_145nj_4 _paragraph_6fko5_10 layout-component text-serif-m layout-normal text-serif-m layout-padded\">\u2013 Det er et veldig stort tap. Jeg vil anta at han er en av dem St\u00e5le setter opp f\u00f8rst n\u00e5r han skal ta ut troppen, sier Ruben Gabrielsen. <\/p>\n<p><img decoding=\"async\" alt=\"Bilde av Ruben Gabrielsen\" class=\"_image_148z4_25\" height=\"29\" itemprop=\"image\" loading=\"lazy\"  src=\"https:\/\/www.europesays.com\/no\/wp-content\/uploads\/2026\/06\/46b9d27b-8442-3dc1-a86a-0bdab1400e6f.jpeg\"  width=\"40\"\/><strong class=\"_name_148z4_34 title-serif-xs\">Ruben Gabrielsen<\/strong><\/p>\n<p class=\"_paragraph_145nj_4 text-sans-m _description_148z4_39\">VGs landslagsekspert<\/p>\n<p class=\"_paragraph_145nj_4 _paragraph_6fko5_10 layout-component text-serif-m layout-normal text-serif-m layout-padded\">B\u00e5de Solbakken og pappa Ove Kjell Ryerson har uttalt til VG at skaden er noe midt mellom en strekk- og belastningsskade.<\/p>\n<p class=\"_paragraph_145nj_4 _paragraph_6fko5_10 layout-component text-serif-m layout-normal text-serif-m layout-padded\">Ryerson senior sier at han har et lite h\u00e5p om at s\u00f8nnen kan v\u00e6re tilbake p\u00e5 banen snart.<\/p>\n<p class=\"_paragraph_145nj_4 _paragraph_6fko5_10 layout-component text-serif-m layout-normal text-serif-m layout-padded\">Vinner Norge mot Elfenbenskysten, venter vinneren av Brasil\u2013Japan i \u00e5ttedelsfinalen\u00e5ttedelsfinalenDen spilles i New Jersey 5. juli klokken 22.00 norsk tid.. Ved tap er VM over.<\/p>\n<p class=\"_paragraph_145nj_4 _paragraph_6fko5_10 layout-component text-serif-m layout-normal text-serif-m layout-padded\">Marcus Holmgren Pedersen \u2013 troppens andre rene h\u00f8yreback \u2013 gjorde et str\u00e5lende innhopp da Ryerson m\u00e5tte kaste inn h\u00e5ndkleet mot Senegal.<\/p>\n<p class=\"_paragraph_145nj_4 _paragraph_6fko5_10 layout-component text-serif-m layout-normal text-serif-m layout-padded\">Mot Frankrike, da Solbakken byttet ti spillere i startelleveren, vikarierte Fredrik Aursnes p\u00e5 h\u00f8yrebacken. Ogs\u00e5 han gjorde en god figur.<\/p>\n<p class=\"_paragraph_145nj_4 _paragraph_6fko5_10 layout-component text-serif-m layout-normal text-serif-m layout-padded\"><strong class=\"_strong_145nj_25\">S\u00e5 hvem mener ekspertene b\u00f8r starte p\u00e5 h\u00f8yrebacken mot Elfenbenskysten dersom Ryerson ikke blir klar?<\/strong><\/p>\n<p class=\"_paragraph_145nj_4 _paragraph_6fko5_10 layout-component text-serif-m layout-normal text-serif-m layout-padded\">Gabrielsen ville g\u00e5tt for Holmgren Pedersen.<\/p>\n<p class=\"_paragraph_145nj_4 _paragraph_6fko5_10 layout-component text-serif-m layout-normal text-serif-m layout-padded\">\u2013 Han er fast h\u00f8yreback. Han hadde en god opplevelse mot Senegal med scoring og en god kamp, og i tillegg er han et friskt pust, sier han.<\/p>\n<p class=\"_paragraph_145nj_4 _paragraph_6fko5_10 layout-component text-serif-m layout-normal text-serif-m layout-padded\">Lillestr\u00f8m-kapteinen \u00f8nsker Aursnes tilbake p\u00e5 midtbanen. Forskjellen p\u00e5 Ryerson og Holmgren Pedersen vil if\u00f8lge ham komme best til syne defensivt.<\/p>\n<p class=\"_paragraph_145nj_4 _paragraph_6fko5_10 layout-component text-serif-m layout-normal text-serif-m layout-padded\">\u2013 Holmgren Pedersen er bedre offensivt enn han er defensivt, mens Ryerson sl\u00e5r ham nok p\u00e5 begge deler, sier han, og trekker frem Dortmund-spillerens 15 assist denne sesongen.<\/p>\n<p class=\"_paragraph_145nj_4 _paragraph_6fko5_10 layout-component text-serif-m layout-normal text-serif-m layout-padded\">\u2013 Vi er svekket p\u00e5 h\u00f8yreback-posisjon. Heldigvis kommer Holmgren Pedersen inn og gj\u00f8r oss litt mindre bekymret, sier NRKs fotballekspert Kristoffer L\u00f8kberg til VG.  <\/p>\n<p class=\"_paragraph_145nj_4 _paragraph_6fko5_10 layout-component text-serif-m layout-normal text-serif-m layout-padded\">L\u00f8kberg legger ikke skjul p\u00e5 at han fryktet nettopp et slikt scenario f\u00f8r mesterskapet.<\/p>\n<p class=\"_paragraph_145nj_4 _paragraph_6fko5_10 layout-component text-serif-m layout-normal text-serif-m layout-padded\">Samtidig p\u00e5peker han at Aursnes viste at han kan bekle h\u00f8yrebackrollen p\u00e5 en god m\u00e5te.<\/p>\n<p class=\"_paragraph_145nj_4 _paragraph_6fko5_10 layout-component text-serif-m layout-normal text-serif-m layout-padded\">Vurderingen er likevel klar: <\/p>\n<p class=\"_paragraph_145nj_4 _paragraph_6fko5_10 layout-component text-serif-m layout-normal text-serif-m layout-padded\">\u2013 Det er en soleklar svekkelse for det norske laget at Ryerson ikke er frisk.<\/p>\n<p><img decoding=\"async\" alt=\"Bilde av Kristoffer L\u00f8kberg\" class=\"_image_148z4_25\" height=\"27\" itemprop=\"image\" loading=\"lazy\"  src=\"https:\/\/www.europesays.com\/no\/wp-content\/uploads\/2026\/06\/0aa38865-87c1-32fb-ada3-980074ebf6aa.jpeg\"  width=\"40\"\/><strong class=\"_name_148z4_34 title-serif-xs\">Kristoffer L\u00f8kberg<\/strong><\/p>\n<p class=\"_paragraph_145nj_4 text-sans-m _description_148z4_39\">Fotballekspert for NRK<\/p>\n<p class=\"_paragraph_145nj_4 _paragraph_6fko5_10 layout-component text-serif-m layout-normal text-serif-m layout-padded\">\u2013 Ryerson er sv\u00e6rt solid b\u00e5de offensivt og defensivt, og ville v\u00e6rt en klar faktor b\u00e5de p\u00e5 d\u00f8dball og med innlegg i etablert angrepsspill. I tillegg kommer det faktum at Elfenbenskystens farligste angrepsv\u00e5pen, Yan DiomandeYan DiomandeAntonio Nusas lagkamerat i Leipzig har hatt en str\u00e5lende sesong i Bundesliga. Linkes til de flere av de st\u00f8rste klubbene i verden., opererer p\u00e5 den siden, sier VGs landslagsekspert Petter Veland.<\/p>\n<p class=\"_paragraph_145nj_4 _paragraph_6fko5_10 layout-component text-serif-m layout-normal text-serif-m layout-padded\">Han trekker ogs\u00e5 frem at Ryerson hadde startet Norges siste 19 tellende landskamper f\u00f8r skaden.<\/p>\n<p class=\"_paragraph_145nj_4 _paragraph_6fko5_10 layout-component text-serif-m layout-normal text-serif-m layout-padded\">\u2013 Jeg tror Aursnes flyttes tilbake p\u00e5 midtbanen mot Elfenbenskysten, og at Holmgren Pedersen f\u00e5r sjansen p\u00e5 h\u00f8yrebacken. Det fungerte utmerket mot Senegal.<\/p>\n<p><img decoding=\"async\" alt=\"Bilde av Petter Veland\" class=\"_image_148z4_25\" height=\"27\" itemprop=\"image\" loading=\"lazy\"  src=\"https:\/\/www.europesays.com\/no\/wp-content\/uploads\/2026\/06\/d22ce7fa-405b-3195-a2c1-85ca5569f833.jpeg\"  width=\"40\"\/><strong class=\"_name_148z4_34 title-serif-xs\">Petter Veland<\/strong><\/p>\n<p class=\"_paragraph_145nj_4 text-sans-m _description_148z4_39\">Fotballekspert<\/p>\n<p class=\"_paragraph_145nj_4 _paragraph_6fko5_10 layout-component text-serif-m layout-normal text-serif-m layout-padded\">VGs landslagskommentator Trond Johannessen mener det nesten er underkommunisert hvor stort tap det er at Julian Ryerson er ute.<\/p>\n<p class=\"_paragraph_145nj_4 _paragraph_6fko5_10 layout-component text-serif-m layout-normal text-serif-m layout-padded\">Det begrunner han slik:<\/p>\n<p class=\"_paragraph_145nj_4 _paragraph_6fko5_10 layout-component text-serif-m layout-normal text-serif-m layout-padded\">\u2013 Ikke bare er han en fantastisk duellspiller som er r\u00e5 fremover p\u00e5 banen. Nesten minst like viktig er smitteeffekten, den utrolige energien han sprer til sine medspillere. Han er nesten ikke mulig \u00e5 erstatte, men vi f\u00e5r tr\u00f8ste oss med at Holmgren Pedersen gjorde det bra sist \u2013 og at Aursnes takler alle roller han f\u00e5r.<\/p>\n<p><img decoding=\"async\" alt=\"Bilde av Trond Johannessen\" class=\"_image_148z4_25\" height=\"38\" itemprop=\"image\" loading=\"lazy\"  src=\"https:\/\/www.europesays.com\/no\/wp-content\/uploads\/2026\/06\/92e3ed19-934c-3e54-8d50-5987e2cda56d.jpeg\"  width=\"40\"\/><strong class=\"_name_148z4_34 title-serif-xs\">Trond Johannessen<\/strong><\/p>\n<p class=\"_paragraph_145nj_4 text-sans-m _description_148z4_39\">VGs landslagskommentator<\/p>\n","protected":false},"excerpt":{"rendered":"Julian Ryerson er ute med skade, og det er tvilsomt at han kan spille mot Elfenbenskysten i 16-delsfinalen&hellip;\n","protected":false},"author":2,"featured_media":280066,"comment_status":"","ping_status":"","sticky":false,"template":"","format":"standard","meta":{"footnotes":"","_share_on_mastodon":"0"},"categories":[5],"tags":[20,21,24,25,19822,4762,15,3163,19,8496,22,23,17,18,13,30,28,29,14,16,13274,26,27],"class_list":["post-280065","post","type-post","status-publish","format-standard","has-post-thumbnail","category-overskrifter","tag-breaking-news","tag-breakingnews","tag-featured-news","tag-featurednews","tag-fotball-2-div","tag-fredrik-aursnes","tag-headlines","tag-herrelandslaget-fotball","tag-hovedoppslag","tag-julian-ryerson","tag-latest-news","tag-latestnews","tag-main-news","tag-mainnews","tag-news","tag-no","tag-norge","tag-norway","tag-nyheter","tag-overskrifter","tag-ruben-gabrielsen","tag-top-stories","tag-topstories"],"share_on_mastodon":{"url":"https:\/\/pubeurope.com\/@no\/116830820911334417","error":""},"_links":{"self":[{"href":"https:\/\/www.europesays.com\/no\/wp-json\/wp\/v2\/posts\/280065","targetHints":{"allow":["GET"]}}],"collection":[{"href":"https:\/\/www.europesays.com\/no\/wp-json\/wp\/v2\/posts"}],"about":[{"href":"https:\/\/www.europesays.com\/no\/wp-json\/wp\/v2\/types\/post"}],"author":[{"embeddable":true,"href":"https:\/\/www.europesays.com\/no\/wp-json\/wp\/v2\/users\/2"}],"replies":[{"embeddable":true,"href":"https:\/\/www.europesays.com\/no\/wp-json\/wp\/v2\/comments?post=280065"}],"version-history":[{"count":0,"href":"https:\/\/www.europesays.com\/no\/wp-json\/wp\/v2\/posts\/280065\/revisions"}],"wp:featuredmedia":[{"embeddable":true,"href":"https:\/\/www.europesays.com\/no\/wp-json\/wp\/v2\/media\/280066"}],"wp:attachment":[{"href":"https:\/\/www.europesays.com\/no\/wp-json\/wp\/v2\/media?parent=280065"}],"wp:term":[{"taxonomy":"category","embeddable":true,"href":"https:\/\/www.europesays.com\/no\/wp-json\/wp\/v2\/categories?post=280065"},{"taxonomy":"post_tag","embeddable":true,"href":"https:\/\/www.europesays.com\/no\/wp-json\/wp\/v2\/tags?post=280065"}],"curies":[{"name":"wp","href":"https:\/\/api.w.org\/{rel}","templated":true}]}}