{"id":28109,"date":"2025-09-05T19:35:49","date_gmt":"2025-09-05T19:35:49","guid":{"rendered":"https:\/\/www.europesays.com\/no\/28109\/"},"modified":"2025-09-05T19:35:49","modified_gmt":"2025-09-05T19:35:49","slug":"mimir-kristjansson-raser-mot-nrk","status":"publish","type":"post","link":"https:\/\/www.europesays.com\/no\/28109\/","title":{"rendered":"Mimir Kristjansson raser mot NRK"},"content":{"rendered":"<p>    Kort fortalt<\/p>\n<p lang=\"nb-NO\">NRK endret planene etter kritikk og inviterte alle stortingspartiene til valgsendingen.<\/p>\n<p lang=\"nb-NO\">Mimir Kristjansson fra R\u00f8dt uttrykte glede over NRKs beslutning om \u00e5 inkludere alle partier.<\/p>\n<p lang=\"nb-NO\">Opprinnelig skulle kun Ap, H\u00f8yre og Frp delta, noe som ble kritisert som udemokratisk.<\/p>\n<p lang=\"nb-NO\">NRK forsvarte opprinnelig formatet, men valgte til slutt \u00e5 inkludere alle for bredere dekning.<\/p>\n<p class=\"italic ai-disclaimer\" data-lab-italic=\"italic\">Sammendraget er laget av ChatGPT og godkjent av B\u00f8rsen.<\/p>\n<p>      Vis mer<br \/>\n      Vis mindre<\/p>\n<p>SISTE:\u00a0 &#8211; I sendingen i kveld vil vi ta inn representanter for alle stortingspartiene. Det gj\u00f8r vi p\u00e5 bakgrunn av tilbakemeldinger som er kommet etter at vi i g\u00e5r la bort ett opplegg for dette som var p\u00e5 bordet da, sier programredakt\u00f8r i NRK, Ole Eivind Henden til egen kanal.<\/p>\n<p> &#8211; Jeg er veldig glad for at NRK har gjort helomvending. De har gjort det eneste fornuftige, som er \u00e5 finne plass til alle partiene, sier Mimir Kristjansson til Dagbladet B\u00f8rsen, en av de st\u00f8rste kritikerne av NRK tidligere fredag.<\/p>\n<p>        S\u00d8NDRE LAND, INNLANDET: Rikke Frilseth (28) er uf\u00f8r i landets mest trygda kommune. Ved hjelp av tilrettelegging og livsmestringskurs har hun hun kommet seg inn i arbeidslivet som omsorgsassistent &#8211; det hjelper litt p\u00e5 lommeboka. Video\/reporter: Christina H. Korneliussen<\/p>\n<p>N\u00e5 m\u00e5 Kristjansson, som bor i Stavanger, komme seg \u00abp\u00e5 flyet s\u00e5 fort jeg kan\u00bb for \u00e5 v\u00e6re med i NRKs sending.<\/p>\n<p>&#8211; Det hadde ikke v\u00e6rt n\u00f8dt til \u00e5 v\u00e6re meg, men at det ikke var andre enn Ap, H\u00f8yre og Frp som var invitert, det var udemokratisk. Det virker det som de har skj\u00f8nt. <\/p>\n<p>NRKs kontrabeskjed kommer etter at kanalen tidligere fredag fikk massiv kritikk for kun \u00e5 invitere de tre st\u00f8rste partiene til debatten.<\/p>\n<p>    <a itemprop=\"url\" href=\"https:\/\/borsen.dagbladet.no\/nyheter\/raevkjort-hele-gjengen\/83530601\" rel=\"nofollow noopener\" target=\"_blank\"><\/p>\n<p>      <img loading=\"lazy\" decoding=\"async\" src=\"https:\/\/www.europesays.com\/no\/wp-content\/uploads\/2025\/09\/1757100941_346_83494113.webp\" width=\"980\" height=\"441\" title=\"- R\u00e6vkj\u00f8rt hele gjengen\" alt=\"\" class=\"lazyload\" style=\"--aspect-ratio-image: 2.22; \"\/><\/p>\n<p>        &#8211; R\u00e6vkj\u00f8rt hele gjengen<\/p>\n<p>    <\/a><\/p>\n<p>NRK lukket f\u00f8rst d\u00f8ra\t<\/p>\n<p>Fredag kveld g\u00e5r NRK sin siste valgsending f\u00f8r stortingsvalget av stabelen p\u00e5 Carls i Oslo.<\/p>\n<p>Tradisjonelt har kvelden v\u00e6rt satt av til partilederdebatt med alle stortingspartiene, men i \u00e5r hadde statskanalen i utgangspunktet valgt et annet format.<\/p>\n<p>R\u00f8dt-profil Mimir Kristjansson ble onsdag kontaktet for \u00e5 delta i en duell mot Hadle Bjuland fra KrF.<\/p>\n<p>        \u00d8YER, INNLANDET: Dagbladet har igjen m\u00f8tt gudbrandsd\u00f8l og \u00absinnamann\u00bb Jan Erik Husom &#8211; denne gang for \u00e5 snakke om politikk og valg. Video: Christina H. Korneliussen. Reporter: Amalie Bernhus \u00c5rtun<\/p>\n<p>&#8211; Problematisk\t<\/p>\n<p>Men torsdag kom kontrabeskjeden: R\u00f8dt-profilen trengte likevel ikke \u00e5 sette seg p\u00e5 flyet til Oslo. Han var avinvitert.<\/p>\n<p>&#8211; De har valgt \u00e5 kutte ut alle utenom de tre st\u00f8rste partiene (Ap, H og Frp, red.anm). Det er veldig problematisk av flere grunner. Over 40 prosent av befolkningen stemmer p\u00e5 et annet parti enn de tre, sa\u00a0Kristjansson til Dagbladet B\u00f8rsen tidligere fredag.<\/p>\n<p>          <img loading=\"lazy\" decoding=\"async\" src=\"https:\/\/www.europesays.com\/no\/wp-content\/uploads\/2025\/09\/83409261.webp\" width=\"686\" height=\"460\" title=\"KRITISK: Stortingsrepresentant for R\u00f8dt, Mimir Kristjansson, mener det er urettferdig at de mindre partiene ikke f\u00e5r delta i NRKs avsluttende debatt fredag kveld. Foto: Frank Karlsen \/ Dagbladet\" alt=\"\" class=\"\" style=\"--aspect-ratio-image: 1.49; \"\/><\/p>\n<p>\n          KRITISK: Stortingsrepresentant for R\u00f8dt, Mimir Kristjansson, mener det er urettferdig at de mindre partiene ikke f\u00e5r delta i NRKs avsluttende debatt fredag kveld. Foto: Frank Karlsen \/ Dagbladet\n      <\/p>\n<p> Torsdag kveld fortalte programleder Fredrik Solvang at debattene blir mellom partilederne &#8211; inkludert ungdomspartilederne &#8211; fra Ap, H\u00f8yre og Fremskrittspartiet.\u00a0<\/p>\n<p> Unge H\u00f8yres leder Ola Svenneby og FpU-leder Simen Velle er satt opp til \u00e5 debattere mot statsminister Jonas Gahr St\u00f8re, mens Aufs leder Gaute Skjerv\u00f8 skal opp mot statsministerkandidatene Erna Solberg og Sylvi Listhaug.\u00a0<\/p>\n<p>Det betyr at R\u00f8dt, KrF, Venstre, SV, Sp og MDG opprinnelig\u00a0ikke\u00a0fikk v\u00e6re med.<\/p>\n<p>        S\u00d8NDRE LAND, INNLANDET: Rikke Frilseth (28) er uf\u00f8r i landets mest trygda kommune. Ved hjelp av tilrettelegging og livsmestringskurs har hun hun kommet seg inn i arbeidslivet som omsorgsassistent &#8211; det hjelper litt p\u00e5 lommeboka. Video\/reporter: Christina H. Korneliussen<\/p>\n<p>&#8211; Kansellering\t<\/p>\n<p>R\u00f8dt-profilen reagerte kraftig og mente NRK la opp til et statsministervalg.<\/p>\n<p> &#8211; Jeg synes det er udemokratisk. De innf\u00f8rer en slags trepartistat i Norge. Man gir inntrykk av at dette bare er et statsministervalg, men det har vi ikke i Norge.<\/p>\n<p>&#8211; Du mener du er blitt kansellert av NRK?<\/p>\n<p>&#8211; Ja, jeg har i hvert fall blitt avinvitert. Jeg tror det er det som er definisjonen p\u00e5 kansellering, sa Kristjansson.<\/p>\n<p class=\"italic m-italic font-weight-black m-font-weight-black\" data-lab-italic=\"italic\" data-lab-font_weight=\"font-weight-black\">Les NRKs svar lenger nede i saken.<\/p>\n<p>&#8211; Underlig\t<\/p>\n<p>Ogs\u00e5 Venstres Sveinung Rotevatn fortalte at han ble kontaktet av NRK for \u00e5 delta i en duell fredag kveld, f\u00f8r han fikk kontrabeskjed om at han likevel ikke var \u00f8nsket.<\/p>\n<p>    <a itemprop=\"url\" href=\"https:\/\/borsen.dagbladet.no\/nyheter\/under-ti-prosent\/83550800\" rel=\"nofollow noopener\" target=\"_blank\"><\/p>\n<p>      <img loading=\"lazy\" decoding=\"async\" src=\"https:\/\/www.europesays.com\/no\/wp-content\/uploads\/2025\/09\/83550808.webp\" width=\"980\" height=\"441\" title=\"Under ti prosent\" alt=\"\" class=\"lazyload\" style=\"--aspect-ratio-image: 2.22; \"\/><\/p>\n<p>        Under ti prosent<\/p>\n<p>    <\/a><\/p>\n<p>Rotevatn tror velgerne allerede har sett nok av de tre partitoppene og viser til tradisjonen med sluttappeller fra alle partiene like f\u00f8r valgdagen.<\/p>\n<p>&#8211;\u00a0 Jeg synes det er underlig at NRK n\u00e5 endrer denne praksisen. Statsministerdueller har sin plass i valgkampen. Men det har mildt sagt ikke v\u00e6rt for f\u00e5 av dem. Og folk stemmer p\u00e5 partier, ikke statsminister, sa Rotevatn.<\/p>\n<p>          <img loading=\"lazy\" decoding=\"async\" src=\"https:\/\/www.europesays.com\/no\/wp-content\/uploads\/2025\/09\/82079342.webp\" width=\"980\" height=\"559\" title=\"FRA JA TIL NEI: Venstres Sveinung Rotevatn synes det er rart \u00e5 bli invitert - for s\u00e5 \u00e5 f\u00e5 beskjed om at han likevel ikke f\u00e5r stille. Foto: Fredrik Varfjell \/ NTB\" alt=\"\" class=\"\" style=\"--aspect-ratio-image: 1.75; \"\/><\/p>\n<p>\n          FRA JA TIL NEI: Venstres Sveinung Rotevatn synes det er rart \u00e5 bli invitert &#8211; for s\u00e5 \u00e5 f\u00e5 beskjed om at han likevel ikke f\u00e5r stille. Foto: Fredrik Varfjell \/ NTB\n      <\/p>\n<p>MDG: &#8211; Litt partiske\t<\/p>\n<p>Venstre-nestlederen skulle debattere mot MDGs Fr\u00f8ya Skjold Sjurs\u00e6ther, som han kjemper om stortingsplass mot. Hun opplever NRK som uprofesjonelle.<\/p>\n<p> &#8211; Jeg har brukt en halv dag p\u00e5 \u00e5 forberede meg til duell midt i en hektisk valgkamp. Det er litt kjip bruk av tid. Mitt inntrykk var at noe de ville g\u00e5 videre med, og jeg tror ogs\u00e5 den opprinnelige planen ville blitt en mer opplysende debatt enn modellen med kun tre partier representert, sa hun til B\u00f8rsen.<\/p>\n<p>Sjurs\u00e6ter sa at hun tror det ville blitt en god debatt og at hun var skuffet.<\/p>\n<p>&#8211; I et valg hvor sperregrensen avgj\u00f8r valget og kan endre hele styrkeforholdene p\u00e5 Stortinget, er det pussig \u00e5 bare invitere tre av partiene. L\u00f8rdagen f\u00f8r Stortingsvalget burde NRK ha en debatt som viser bredden til velgerne. Jeg synes NRK virker partiske og uryddige, sa Sjurs\u00e6ter som med sine 19 \u00e5r kan bli historiens yngste stortingsrepresentant.<\/p>\n<p>          <img loading=\"lazy\" decoding=\"async\" src=\"https:\/\/www.europesays.com\/no\/wp-content\/uploads\/2025\/09\/83552714.webp\" width=\"686\" height=\"515\" title=\"IKKE IMPONERT: MDGs Fr\u00f8ya Skjold Sjurs\u00e6ther mener NRK er partiske n\u00e5r de ikke inviterer de mindre partiene. Skj\u00f8nt: MDG fosser fram p\u00e5 m\u00e5lingene, og er n\u00e5 p\u00e5 over 7 prosent. Foto: Lars Martin Gimse \/ Dagbladet\" alt=\"\" class=\"\" style=\"--aspect-ratio-image: 1.33; \"\/><\/p>\n<p>\n          IKKE IMPONERT: MDGs Fr\u00f8ya Skjold Sjurs\u00e6ther mener NRK er partiske n\u00e5r de ikke inviterer de mindre partiene. Skj\u00f8nt: MDG fosser fram p\u00e5 m\u00e5lingene, og er n\u00e5 p\u00e5 over 7 prosent. Foto: Lars Martin Gimse \/ Dagbladet\n      <\/p>\n<p>&#8211; Redusert til spill\t<\/p>\n<p>Ogs\u00e5 SV reagerte p\u00e5 \u00e5 bli utelatt fra debatten.<\/p>\n<p>&#8211; Det er et problem at denne valgkampen blir redusert til spill, der endel\u00f8se diskusjoner om hvem som skal v\u00e6re statsminister, blir gjort viktigere enn den politikken de skal f\u00f8re. Arbeiderpartiet og H\u00f8yre er enige om det meste, mens Frp ikke engang gidder \u00e5 svare p\u00e5 om de vil ha statsministeren, sa partisekret\u00e6r Audun Herning.<\/p>\n<p>    <a itemprop=\"url\" href=\"https:\/\/borsen.dagbladet.no\/nyheter\/stenger-dora-jeg-sier-nei\/83543409\" rel=\"nofollow noopener\" target=\"_blank\"><\/p>\n<p>      <img loading=\"lazy\" decoding=\"async\" src=\"https:\/\/www.europesays.com\/no\/wp-content\/uploads\/2025\/09\/1757100947_95_83548766.webp\" width=\"980\" height=\"441\" title=\"Stenger d\u00f8ra: - Jeg sier nei\" alt=\"\" class=\"lazyload\" style=\"--aspect-ratio-image: 2.22; \"\/><\/p>\n<p>        Stenger d\u00f8ra: &#8211; Jeg sier nei<\/p>\n<p>    <\/a><\/p>\n<p>&#8211; Planen hele tiden\t<\/p>\n<p>Redakt\u00f8r for programmet i NRK, Ole Eivind Henden, sa tidligere fredag at det hele tida har v\u00e6rt planlagt at valgsendingen fredag kveld ikke skulle v\u00e6re en partilederdebatt.<\/p>\n<p class=\"font-weight-bold m-font-weight-bold\" data-lab-font_weight=\"font-weight-bold\">&#8211; Det har hele tida v\u00e6rt planlagt og kommunisert til partiene at det blir en annen setting for denne sendingen. De tre statministerkandidatene har v\u00e6rt invitert lenge, skrev Henden i en e-post til Dagbladet.<\/p>\n<p>    <a itemprop=\"url\" href=\"https:\/\/borsen.dagbladet.no\/nyheter\/fikk-sms-fra-trump\/83546493\" rel=\"nofollow noopener\" target=\"_blank\"><\/p>\n<p>      <img loading=\"lazy\" decoding=\"async\" src=\"https:\/\/www.europesays.com\/no\/wp-content\/uploads\/2025\/09\/1757100948_684_83546738.webp\" width=\"980\" height=\"441\" title=\"Fikk SMS fra Trump\" alt=\"\" class=\"lazyload\" style=\"--aspect-ratio-image: 2.22; \"\/><\/p>\n<p>        Fikk SMS fra Trump<\/p>\n<p>    <\/a><\/p>\n<p>&#8211; Redaksjonen har p\u00e5 vanlig m\u00e5te jobbet med opplegget og v\u00e6rt i kontakt med blant andre Mimir Kristjansson. S\u00e5 kan vi skj\u00f8nne at noen av dem vi har v\u00e6rt i kontakt blir skuffet n\u00e5r det blir gjort endringer under v\u00e5r research til sendingen, fortsatte Henden.<\/p>\n<p>&#8211; Vi tar valg\t<\/p>\n<p>Han mener &#8211; eller mente &#8211; at alle partiene og partilederne har f\u00e5tt rikelig med plass i statskanalens sendinger.<\/p>\n<p>&#8211; S\u00e5 er det likevel slik at det er lenge siden det var stoppeklokka som avgjorde taletiden til partiene i NRK. Vi tar redaksjonelle valg for \u00e5 sikre det vi mener er den beste valgdekningen vi kan gi publikum, skrev Henden.<\/p>\n<p>Han la til:<\/p>\n<p>&#8211; I v\u00e5r totale valgdekning har vi blant annet hatt utsp\u00f8rringer av alle stortingspartilederne i \u00abDagsrevyen\u00bb og podcast &#8211; og alle partiene har deltatt i mange sendinger p\u00e5 radio og TV.\u00a0<\/p>\n<p>    <a itemprop=\"url\" href=\"https:\/\/borsen.dagbladet.no\/nyheter\/langer-ut-flaut-og-uansvarlig\/83536839\" rel=\"nofollow noopener\" target=\"_blank\"><\/p>\n<p>      <img loading=\"lazy\" decoding=\"async\" src=\"https:\/\/www.europesays.com\/no\/wp-content\/uploads\/2025\/09\/83538076.webp\" width=\"980\" height=\"441\" title=\"Langer ut: - Flaut og uansvarlig\" alt=\"\" class=\"lazyload\" style=\"--aspect-ratio-image: 2.22; \"\/><\/p>\n<p>        Langer ut: &#8211; Flaut og uansvarlig<\/p>\n<p>    <\/a><\/p>\n<p>&#8211; Havner i bakleksa\t<\/p>\n<p>Kristjansson i R\u00f8dt ga uttrykk for at hav var bekymret for at NRKs valg av format kan p\u00e5virke valgresultatet.<\/p>\n<p>&#8211; Ja, jeg f\u00e5r jo inderlig h\u00e5pe for de tre store partiene sin del at de tjener p\u00e5 \u00e5 v\u00e6re p\u00e5 TV. For v\u00e5r del vet vi at de tre partiene har mest penger, mest presse, mest reklame, mest av alt. Og n\u00e5 f\u00e5r de v\u00e6re helt alene p\u00e5 NRK rett f\u00f8r valget i tilegg. Da havner de andre partiene i bakleksa.<\/p>\n<p class=\"font-weight-normal m-font-weight-normal\" data-lab-font_weight=\"font-weight-normal\">&#8211; Jeg vil legge til at dette er ganske urettferdig fordi det er to h\u00f8yrepartier og ett r\u00f8dgr\u00f8nt parti. NRK tar et valg der jeg tipper at Listhaug og Solberg kommer til \u00e5 f\u00e5 dobbelt s\u00e5 mye taletid som St\u00f8re, sa Kristjansson.<\/p>\n","protected":false},"excerpt":{"rendered":"Kort fortalt NRK endret planene etter kritikk og inviterte alle stortingspartiene til valgsendingen. Mimir Kristjansson fra R\u00f8dt uttrykte&hellip;\n","protected":false},"author":2,"featured_media":28110,"comment_status":"","ping_status":"","sticky":false,"template":"","format":"standard","meta":{"footnotes":""},"categories":[5],"tags":[20,21,327,24,25,15,19,201,22,23,17,18,13,30,28,29,787,14,16,776,200,26,27],"class_list":{"0":"post-28109","1":"post","2":"type-post","3":"status-publish","4":"format-standard","5":"has-post-thumbnail","7":"category-overskrifter","8":"tag-breaking-news","9":"tag-breakingnews","10":"tag-erna-solberg","11":"tag-featured-news","12":"tag-featurednews","13":"tag-headlines","14":"tag-hovedoppslag","15":"tag-jonas-gahr-store","16":"tag-latest-news","17":"tag-latestnews","18":"tag-main-news","19":"tag-mainnews","20":"tag-news","21":"tag-no","22":"tag-norge","23":"tag-norway","24":"tag-nrk","25":"tag-nyheter","26":"tag-overskrifter","27":"tag-stortingsvalg-2025","28":"tag-sylvi-listhaug","29":"tag-top-stories","30":"tag-topstories"},"share_on_mastodon":{"url":"","error":""},"_links":{"self":[{"href":"https:\/\/www.europesays.com\/no\/wp-json\/wp\/v2\/posts\/28109","targetHints":{"allow":["GET"]}}],"collection":[{"href":"https:\/\/www.europesays.com\/no\/wp-json\/wp\/v2\/posts"}],"about":[{"href":"https:\/\/www.europesays.com\/no\/wp-json\/wp\/v2\/types\/post"}],"author":[{"embeddable":true,"href":"https:\/\/www.europesays.com\/no\/wp-json\/wp\/v2\/users\/2"}],"replies":[{"embeddable":true,"href":"https:\/\/www.europesays.com\/no\/wp-json\/wp\/v2\/comments?post=28109"}],"version-history":[{"count":0,"href":"https:\/\/www.europesays.com\/no\/wp-json\/wp\/v2\/posts\/28109\/revisions"}],"wp:featuredmedia":[{"embeddable":true,"href":"https:\/\/www.europesays.com\/no\/wp-json\/wp\/v2\/media\/28110"}],"wp:attachment":[{"href":"https:\/\/www.europesays.com\/no\/wp-json\/wp\/v2\/media?parent=28109"}],"wp:term":[{"taxonomy":"category","embeddable":true,"href":"https:\/\/www.europesays.com\/no\/wp-json\/wp\/v2\/categories?post=28109"},{"taxonomy":"post_tag","embeddable":true,"href":"https:\/\/www.europesays.com\/no\/wp-json\/wp\/v2\/tags?post=28109"}],"curies":[{"name":"wp","href":"https:\/\/api.w.org\/{rel}","templated":true}]}}