{"id":281187,"date":"2026-06-30T03:34:17","date_gmt":"2026-06-30T03:34:17","guid":{"rendered":"https:\/\/www.europesays.com\/no\/281187\/"},"modified":"2026-06-30T03:34:17","modified_gmt":"2026-06-30T03:34:17","slug":"hendelse-nyhet-bjorn-i-berlevag-hold-dere-i-bilen-ikke-oppsok-bjornen","status":"publish","type":"post","link":"https:\/\/www.europesays.com\/no\/281187\/","title":{"rendered":"Hendelse, Nyhet | Bj\u00f8rn i Berlev\u00e5g: \u2013 Hold dere i bilen. IKKE opps\u00f8k bj\u00f8rnen"},"content":{"rendered":"\n<p>Politiet melder mandag kveld at en bj\u00f8rn er observert i Berlev\u00e5g. <\/p>\n<p>\u2013 Hold dere i bilen. IKKE opps\u00f8k bj\u00f8rnen, advarer operasjonsleder i Finnmark politidistrikt, Jan Arne Pettersen. <\/p>\n<p>\u2013 Bj\u00f8rnen er normalt ikke farlig for folk, men som sagt v\u00e6r forsiktig. Vi skj\u00f8nner det er en sjeldenhet som er \u00e5 f\u00e5 sett, fortsetter han. <\/p>\n<p>If\u00f8lge operasjonsleder ser bj\u00f8rnen ut til \u00e5 v\u00e6re av st\u00f8rrelse stor og virker \u00e5 v\u00e6re i godt hold. <\/p>\n<p>\u2013 Ring lokalt SNO dersom det observeres hendelser som er meldeverdig utover det at det er bj\u00f8rn i omr\u00e5det, avslutter Pettersen.<\/p>\n","protected":false},"excerpt":{"rendered":"Politiet melder mandag kveld at en bj\u00f8rn er observert i Berlev\u00e5g. \u2013 Hold dere i bilen. IKKE opps\u00f8k&hellip;\n","protected":false},"author":2,"featured_media":279294,"comment_status":"","ping_status":"","sticky":false,"template":"","format":"standard","meta":{"footnotes":"","_share_on_mastodon":"0"},"categories":[10],"tags":[36,20,21,24,25,15,1576,22,23,13,30,28,29,447,14,16,254,1510,26,27],"class_list":["post-281187","post","type-post","status-publish","format-standard","has-post-thumbnail","category-norge","tag-art","tag-breaking-news","tag-breakingnews","tag-featured-news","tag-featurednews","tag-headlines","tag-hendelse","tag-latest-news","tag-latestnews","tag-news","tag-no","tag-norge","tag-norway","tag-nyhet","tag-nyheter","tag-overskrifter","tag-politi","tag-story","tag-top-stories","tag-topstories"],"share_on_mastodon":{"url":"https:\/\/pubeurope.com\/@no\/116836962560146762","error":""},"_links":{"self":[{"href":"https:\/\/www.europesays.com\/no\/wp-json\/wp\/v2\/posts\/281187","targetHints":{"allow":["GET"]}}],"collection":[{"href":"https:\/\/www.europesays.com\/no\/wp-json\/wp\/v2\/posts"}],"about":[{"href":"https:\/\/www.europesays.com\/no\/wp-json\/wp\/v2\/types\/post"}],"author":[{"embeddable":true,"href":"https:\/\/www.europesays.com\/no\/wp-json\/wp\/v2\/users\/2"}],"replies":[{"embeddable":true,"href":"https:\/\/www.europesays.com\/no\/wp-json\/wp\/v2\/comments?post=281187"}],"version-history":[{"count":0,"href":"https:\/\/www.europesays.com\/no\/wp-json\/wp\/v2\/posts\/281187\/revisions"}],"wp:featuredmedia":[{"embeddable":true,"href":"https:\/\/www.europesays.com\/no\/wp-json\/wp\/v2\/media\/279294"}],"wp:attachment":[{"href":"https:\/\/www.europesays.com\/no\/wp-json\/wp\/v2\/media?parent=281187"}],"wp:term":[{"taxonomy":"category","embeddable":true,"href":"https:\/\/www.europesays.com\/no\/wp-json\/wp\/v2\/categories?post=281187"},{"taxonomy":"post_tag","embeddable":true,"href":"https:\/\/www.europesays.com\/no\/wp-json\/wp\/v2\/tags?post=281187"}],"curies":[{"name":"wp","href":"https:\/\/api.w.org\/{rel}","templated":true}]}}