{"id":281734,"date":"2026-06-30T14:24:14","date_gmt":"2026-06-30T14:24:14","guid":{"rendered":"https:\/\/www.europesays.com\/no\/281734\/"},"modified":"2026-06-30T14:24:14","modified_gmt":"2026-06-30T14:24:14","slug":"spinnville-straffetall-sander-tangvik-kan-bli-vm-joker","status":"publish","type":"post","link":"https:\/\/www.europesays.com\/no\/281734\/","title":{"rendered":"Spinnville straffetall: Sander Tangvik kan bli VM-joker"},"content":{"rendered":"\n<p class=\"_lead_145nj_2 _lead_6fko5_53 layout-component text-serif-m layout-normal text-serif-l layout-component layout-wide layout-padded _wide_17hqh_1 layout-padded\">Han har aldri spilt for A-landslaget, men Norges tredjekeeper har en ekspertise som kan bli sv\u00e6rt nyttig i VM.<\/p>\n<p><img alt=\" Foto: Bj\u00f8rn S. Delebekk \/ VG\" class=\"_image_jw3bv_65 layout-component layout-wide\" data-fullscreen- data-track-element-type=\"Article image fullscreen\" data-track-name=\"ImageFullscreen\" fetchpriority=\"high\" decoding=\"sync\" loading=\"eager\" height=\"4745\" itemprop=\"image\"  src=\"https:\/\/www.europesays.com\/no\/wp-content\/uploads\/2026\/06\/e060e81e-0bae-34be-a238-67f76a329ed8.jpeg\"  style=\"object-position:0% 0%\" width=\"6350\"\/> Foto: Bj\u00f8rn S. Delebekk \/ VGRapporterer fra Dallas, USA Oppdatert tirsdag 30. juni kl. 15:57    <\/p>\n<ul class=\"_list_145nj_3 _list_64s2r_85 _unordered_145nj_106 text-sans-m\">\n<li class=\"_item_145nj_30\">Norges tredjekeeper, Sander Tangvik, er ekspert p\u00e5 \u00e5 redde straffer.<\/li>\n<li class=\"_item_145nj_30\">Han har aldri spilt for A-landslaget, men kan bli viktig i VM-sluttspillet.<\/li>\n<li class=\"_item_145nj_30\">Tangvik er p\u00e5 sjetteplass i Europa for flest strafferedninger.<\/li>\n<li class=\"_item_145nj_30\">Han har reddet seks av 13 straffer i sin karriere.<\/li>\n<\/ul>\n<p>Vis mer <\/p>\n<p class=\"_paragraph_145nj_4 _paragraph_6fko5_10 layout-component text-serif-m layout-normal text-serif-m layout-padded\">23 \u00e5r gamle Sander Tangvik er den eneste i VM-troppen som enda ikke har f\u00e5tt sin debut for Norge. <\/p>\n<p class=\"_paragraph_145nj_4 _paragraph_6fko5_10 layout-component text-serif-m layout-normal text-serif-m layout-padded\">Spisskompetansen hans p\u00e5 straffer gj\u00f8r likevel at han kan bli en sv\u00e6rt viktig brikke i VM-sluttspillet. <\/p>\n<p class=\"_paragraph_145nj_4 _paragraph_6fko5_10 layout-component text-serif-m layout-normal text-serif-m layout-padded\">Siden Tangvik begynte \u00e5 spille fast for Rosenborg i 2023, har han straffetall som veldig f\u00e5 matcher:<\/p>\n<p><img alt=\"Grafikk fra Sofascore.\" class=\"_image_jw3bv_65 layout-component layout-normal\" data-fullscreen- data-track-element-type=\"Article image fullscreen\" data-track-name=\"ImageFullscreen\" decoding=\"async\" loading=\"lazy\" height=\"2000\" itemprop=\"image\"  src=\"https:\/\/www.europesays.com\/no\/wp-content\/uploads\/2026\/06\/7ee728c9-3c40-3ea8-9908-6af6df9373ca.jpeg\"  style=\"object-position:0% 0%\" width=\"2048\"\/>Grafikk fra Sofascore.<\/p>\n<p class=\"_paragraph_145nj_4 _paragraph_6fko5_10 layout-component text-serif-m layout-normal text-serif-m layout-padded\">Tr\u00f8nderen var ikke klar over statistikken f\u00f8r VG presenterte den for han.<\/p>\n<p class=\"_paragraph_145nj_4 _paragraph_6fko5_10 layout-component text-serif-m layout-normal text-serif-m layout-padded\">\u2013 Jeg hater jo ikke \u00e5 f\u00e5 straffer imot, du kan si det s\u00e5nn. Men nei, det er jo en blanding av analyse og at man kanskje er rolig og behersket i \u00f8yeblikket da, sier Tangvik i et intervju gjort f\u00f8r avreise til USA. <\/p>\n<p class=\"_paragraph_145nj_4 _paragraph_6fko5_10 layout-component text-serif-m layout-normal text-serif-m layout-padded\">For Rosenborg og Hamburger SV, der han spiller i dag, har han reddet seks av 13 straffer imot. <\/p>\n<p class=\"_paragraph_145nj_4 _paragraph_6fko5_10 layout-component text-serif-m layout-normal text-serif-m layout-padded\">\u2013 Hva er det som gj\u00f8r at du er god p\u00e5 straffer, tenker du?<\/p>\n<p class=\"_paragraph_145nj_4 _paragraph_6fko5_10 layout-component text-serif-m layout-normal text-serif-m layout-padded\">\u2013 Det er vanskelig \u00e5 svare p\u00e5. Det er jo litt tilfeldigheter og en god blanding av at jeg er en rolig type som er behersket i s\u00e5nne \u00f8yeblikk. S\u00e5 liker jeg jo \u00e5 se litt p\u00e5 hvem som eventuelt kan skyte, hvor de skyter og hva de liker \u00e5 gj\u00f8re. <\/p>\n<p class=\"_paragraph_145nj_4 _paragraph_6fko5_10 layout-component text-serif-m layout-normal text-serif-m layout-padded\">Norge er i sitt f\u00f8rste VM-sluttspill siden 1998, og har oddsen svakt i sin fav\u00f8r n\u00e5r de m\u00f8ter Elfenbenskysten i Dallas tirsdag kveld norsk tid.<\/p>\n<p><img alt=\"Tirsdag klokken 19 braker det l\u00f8s foran 80.000 tilskuere i Dallas.  Foto: Bj\u00f8rn S. Delebekk \/ VG\" class=\"_image_jw3bv_65 layout-component layout-normal\" data-fullscreen- data-track-element-type=\"Article image fullscreen\" data-track-name=\"ImageFullscreen\" decoding=\"async\" loading=\"lazy\" height=\"3024\" itemprop=\"image\"  src=\"https:\/\/www.europesays.com\/no\/wp-content\/uploads\/2026\/06\/88bd0d09-f0c3-3ffc-9f58-c0648060de97.jpeg\"  style=\"object-position:0% 0%\" width=\"4032\"\/>Tirsdag klokken 19 braker det l\u00f8s foran 80.000 tilskuere i Dallas.  Foto: Bj\u00f8rn S. Delebekk \/ VG<\/p>\n<p class=\"_paragraph_145nj_4 _paragraph_6fko5_10 layout-component text-serif-m layout-normal text-serif-m layout-padded\">Det er ikke utenkelig at kampen g\u00e5r til straffekonk, noe som har skjedd 35 ganger tidligere i VM-historien. <\/p>\n<p class=\"_paragraph_145nj_4 _paragraph_6fko5_10 layout-component text-serif-m layout-normal text-serif-m layout-padded\">Og det har blitt byttet keepere rett f\u00f8r straffekonken flere ganger f\u00f8r, for eksempel i kvartfinalen i 2014, da Louis van Gaal byttet inn Tim Krul bare sekunder f\u00f8r dommerne bl\u00e5ste i fl\u00f8yta.<\/p>\n<p class=\"_paragraph_145nj_4 _paragraph_6fko5_10 layout-component text-serif-m layout-normal text-serif-m layout-padded\">Krul reddet to av straffene og sendte Nederland videre fra kvartfinalen mot Costa Rica. <\/p>\n<p><img alt=\"Tim Krul sikret semifinale for Nederland under VM i Brasil i 2014.  Foto: MARCOS BRINDICCI \/ Reuters \/ NTB\" class=\"_image_jw3bv_65 layout-component layout-normal\" data-fullscreen- data-track-element-type=\"Article image fullscreen\" data-track-name=\"ImageFullscreen\" decoding=\"async\" loading=\"lazy\" height=\"1626\" itemprop=\"image\"  src=\"https:\/\/www.europesays.com\/no\/wp-content\/uploads\/2026\/06\/408e4ac6-96f5-3066-a422-2a6a30a4662b.jpeg\"  style=\"object-position:0% 0%\" width=\"2258\"\/>Tim Krul sikret semifinale for Nederland under VM i Brasil i 2014.  Foto: MARCOS BRINDICCI \/ Reuters \/ NTB<\/p>\n<p class=\"_paragraph_145nj_4 _paragraph_6fko5_10 layout-component text-serif-m layout-normal text-serif-m layout-padded\">Er St\u00e5le Solbakken like Gaal? P\u00e5 mandagens pressekonferanse spurte VG eksplisitt om hvordan han s\u00e5 p\u00e5 det \u00e5 bytte inn straffespesialt Tangvik i et slikt tilfelle. <\/p>\n<p class=\"_paragraph_145nj_4 _paragraph_6fko5_10 layout-component text-serif-m layout-normal text-serif-m layout-padded\">Han svarte aldri direkte p\u00e5 sp\u00f8rsm\u00e5let, men sa at han trolig ikke f\u00e5r muligheten. <\/p>\n<p class=\"_paragraph_145nj_4 _paragraph_6fko5_10 layout-component text-serif-m layout-normal text-serif-m layout-padded\">\u2013 Jeg tror ikke vi kommer dit, for jeg er nesten hundre prosent sikker p\u00e5 at det blir seks bytter. Det har den Senegal-kampen l\u00e6rt meg, at det er mye som tyder p\u00e5 at det kommer seks bytter, sier Solbakken.<\/p>\n<p class=\"_paragraph_145nj_4 _paragraph_6fko5_10 layout-component text-serif-m layout-normal text-serif-m layout-padded\">Landslaget trente p\u00e5 straffer p\u00e5 den siste treningen i Greensboro f\u00f8r de reiste til Dallas s\u00f8ndag ettermiddag.<\/p>\n<p class=\"_paragraph_145nj_4 _paragraph_6fko5_10 layout-component text-serif-m layout-normal text-serif-m layout-padded\">\u2013 Vi er godt forberedt og alle vet hvilken rekkef\u00f8lge de skal skyte i, sannsynligvis. Men det blir jo bytter underveis, s\u00e5 det vil si at noen av de som skal ta straffer i en straffekonk, de starter ikke kampen. Men rekkef\u00f8lgen er s\u00e5 langt som mulig klar, sier Solbakken.<\/p>\n<p class=\"_paragraph_145nj_4 _paragraph_6fko5_10 layout-component text-serif-m layout-normal text-serif-m layout-padded\">F\u00f8rstekeeper \u00d8rjan Nyland har reddet syv av 37 mulige i sin profesjonelle karriere, if\u00f8lge Sofascore. <\/p>\n<p class=\"_paragraph_145nj_4 _paragraph_6fko5_10 layout-component text-serif-m layout-normal text-serif-m layout-padded\">\u2013 Straffer skal jo v\u00e6re m\u00e5l, p\u00e5 en m\u00e5te. S\u00e5 man m\u00e5 jo pr\u00f8ve \u00e5 f\u00e5 noen prosenter over p\u00e5 sin side, og ja, det f\u00f8ler jeg at jeg er bra p\u00e5, sier tredjekeeper Tangvik til VG. <\/p>\n<p class=\"_paragraph_145nj_4 _paragraph_6fko5_10 layout-component text-serif-m layout-normal text-serif-m layout-padded\">Intervjuet med VG ble gjort bare noen dager f\u00f8r landslaget reiste til USA, i slutten av mai. Da hadde 23-\u00e5ringen ikke f\u00e5tt beskjed om at han var tiltenkt en rolle som straffespesialist i VM. <\/p>\n<p class=\"_paragraph_145nj_4 _paragraph_6fko5_10 layout-component text-serif-m layout-normal text-serif-m layout-padded\">\u2013 Men jeg er selvf\u00f8lgelig klar til \u00e5 bidra der jeg f\u00e5r lov til \u00e5 bidra. <\/p>\n","protected":false},"excerpt":{"rendered":"Han har aldri spilt for A-landslaget, men Norges tredjekeeper har en ekspertise som kan bli sv\u00e6rt nyttig i&hellip;\n","protected":false},"author":2,"featured_media":281735,"comment_status":"","ping_status":"","sticky":false,"template":"","format":"standard","meta":{"footnotes":"","_share_on_mastodon":"0"},"categories":[59],"tags":[4472,3163,30,28,29,1889,83,82],"class_list":["post-281734","post","type-post","status-publish","format-standard","has-post-thumbnail","category-sport","tag-fotball-vm","tag-herrelandslaget-fotball","tag-no","tag-norge","tag-norway","tag-sander-tangvik","tag-sport","tag-sports"],"share_on_mastodon":{"url":"https:\/\/pubeurope.com\/@no\/116839519004423057","error":""},"_links":{"self":[{"href":"https:\/\/www.europesays.com\/no\/wp-json\/wp\/v2\/posts\/281734","targetHints":{"allow":["GET"]}}],"collection":[{"href":"https:\/\/www.europesays.com\/no\/wp-json\/wp\/v2\/posts"}],"about":[{"href":"https:\/\/www.europesays.com\/no\/wp-json\/wp\/v2\/types\/post"}],"author":[{"embeddable":true,"href":"https:\/\/www.europesays.com\/no\/wp-json\/wp\/v2\/users\/2"}],"replies":[{"embeddable":true,"href":"https:\/\/www.europesays.com\/no\/wp-json\/wp\/v2\/comments?post=281734"}],"version-history":[{"count":0,"href":"https:\/\/www.europesays.com\/no\/wp-json\/wp\/v2\/posts\/281734\/revisions"}],"wp:featuredmedia":[{"embeddable":true,"href":"https:\/\/www.europesays.com\/no\/wp-json\/wp\/v2\/media\/281735"}],"wp:attachment":[{"href":"https:\/\/www.europesays.com\/no\/wp-json\/wp\/v2\/media?parent=281734"}],"wp:term":[{"taxonomy":"category","embeddable":true,"href":"https:\/\/www.europesays.com\/no\/wp-json\/wp\/v2\/categories?post=281734"},{"taxonomy":"post_tag","embeddable":true,"href":"https:\/\/www.europesays.com\/no\/wp-json\/wp\/v2\/tags?post=281734"}],"curies":[{"name":"wp","href":"https:\/\/api.w.org\/{rel}","templated":true}]}}