{"id":282200,"date":"2026-07-01T01:39:25","date_gmt":"2026-07-01T01:39:25","guid":{"rendered":"https:\/\/www.europesays.com\/no\/282200\/"},"modified":"2026-07-01T01:39:25","modified_gmt":"2026-07-01T01:39:25","slug":"dronning-camilla-i-sentrum-av-kongelig-maktkamp-mot-york-familien","status":"publish","type":"post","link":"https:\/\/www.europesays.com\/no\/282200\/","title":{"rendered":"Dronning Camilla i sentrum av kongelig maktkamp mot York-familien"},"content":{"rendered":"<p class=\"kicker \" style=\"\">Dronning Camilla:<\/p>\n<p class=\"subtitle \" style=\"\">Det ulmer som aldri f\u00f8r i den britiske kongefamilien &#8211; og n\u00e5 f\u00e5r dronning Camilla skylden. &#8211; En skam for monarkiet.<\/p>\n<p>\n    SKVISER UT: Dronning Camilla skal st\u00e5 i bresjen for \u00e5 kvitte seg med hele familiegrenen &#8211; og hun st\u00e5r i ledtog med prins William. Her fra statsbes\u00f8ket fra USA med Mealnia Trump. Foto: NTB\n  <\/p>\n<p>If\u00f8lge britiske medier skal <a href=\"https:\/\/www.seher.no\/kongelig\/bryter-200-ar-lang-tradisjon\/84826489\" rel=\"nofollow noopener\" target=\"_blank\">dronning Camilla (78) <\/a>ha f\u00e5tt en n\u00f8kkelrolle i det som omtales som en knallhard \u00abanti-York-fraksjon\u00bb internt i den britiske kongefamilien.<\/p>\n<p>    <a itemprop=\"url\" href=\"https:\/\/www.seher.no\/kongelig\/haakon-hylles\/84829925\" rel=\"nofollow noopener\" target=\"_blank\"><\/p>\n<p>        <img loading=\"lazy\" decoding=\"async\" src=\"https:\/\/www.europesays.com\/no\/wp-content\/uploads\/2026\/07\/84830657.webp\" width=\"147\" height=\"100\" alt=\"\" class=\"lazyload\" style=\"--aspect-ratio-image: 1.47; \"\/><\/p>\n<p>        Haakon hylles<\/p>\n<p>    <\/a><\/p>\n<p class=\"font-weight-bold m-font-weight-bold\" data-lab-font_weight=\"font-weight-bold\">Sammen med <a href=\"https:\/\/www.seher.no\/kongelig\/trosser-kates-onsker\/84786730\" rel=\"nofollow noopener\" target=\"_blank\">prins William (43) <\/a>skal hun presse p\u00e5 for at kong Charles (77) skal ta et enda tydeligere oppgj\u00f8r med sin skandalerammede bror <a href=\"https:\/\/www.seher.no\/kjendis\/nytt-bilde-sjokkerer-oi\/84719172\" class=\"\" rel=\"nofollow noopener\" target=\"_blank\">Andrew Mountbatten-Windsor (66) <\/a>&#8211;\u00a0og ikke minst d\u00f8trene hans prinsesse Beatrice (37) og prinsesse Eugenie (36).<\/p>\n<p>        MAGISK: Temaet for \u00e5rets \u00ab\u00c5pent slott\u00bb er kronprins Haakon og kronprinsesse Mette-Marits s\u00f8lvbryllup, og der f\u00e5r du ogs\u00e5 se en helt spesiell bekledning. Programleder: Caroline Vagle \/\/ Foto: NTB \/ H\u00e5vard Bj\u00f8rnerem &#8211; Se og H\u00f8r \/\/ Video: H\u00e5vard Bj\u00f8rnerem &#8211; Se og H\u00f8r<\/p>\n<p>&#8211; Vil skyve dem lenger ut i kulden\u00a0\t<\/p>\n<p>Mail on Sunday skriver at Camilla skal v\u00e6re blant dem som leder den s\u00e5kalte \u00abanti-York-fraksjonen\u00bb. If\u00f8lge avisen skal hun ha v\u00e6rt \u00abinstrumental\u00bb i \u00e5 f\u00e5 kongen til \u00e5 handle hardere mot Andrew etter Epstein-skandalen.\u00a0<\/p>\n<p>    <a itemprop=\"url\" href=\"https:\/\/www.seher.no\/kongelig\/sjokkerende-funn\/84819823\" rel=\"nofollow noopener\" target=\"_blank\"><\/p>\n<p>        <img loading=\"lazy\" decoding=\"async\" src=\"https:\/\/www.europesays.com\/no\/wp-content\/uploads\/2026\/07\/84771900.webp\" width=\"980\" height=\"441\" alt=\"\" class=\"lazyload\" style=\"--aspect-ratio-image: 2.22; \"\/><\/p>\n<p>        Sjokkerende funn<\/p>\n<p>    <\/a><\/p>\n<p>Hun skal ogs\u00e5 ha v\u00e6rt delaktig i at <a href=\"https:\/\/www.seher.no\/kongelig\/na-har-han-flyttet\/84468914\" rel=\"nofollow noopener\" target=\"_blank\">Andrew m\u00e5tte flytte fra Royal Lodge<\/a>.\u00a0\u00a0<\/p>\n<p>En kilde beskriver dronningens p\u00e5st\u00e5tte holdning p\u00e5 brutalt vis.<\/p>\n<p>        <img loading=\"lazy\" decoding=\"async\" src=\"https:\/\/www.europesays.com\/no\/wp-content\/uploads\/2026\/07\/84830728.webp\" width=\"667\" height=\"814\" alt=\"\" class=\"\" style=\"--aspect-ratio-image: 0.82; \"\/><\/p>\n<p>\n        EN FJ\u00c6R I HATTEN: Dronning Camilla skal ikke ha mye til overs for York-delen av familien, og skal ha et \u00f8nske om \u00e5 fjerne de fra den britiske kongefamilien og arverekken. Foto: NTB\n    <\/p>\n<p class=\"font-weight-bold m-font-weight-bold\" data-lab-font_weight=\"font-weight-bold\">&#8211; Hennes holdning er at de alle er en skam for monarkiet, sier kilden til <a href=\"https:\/\/www.dailymail.com\/news\/royals\/article-15804251\/Zara-Eugenie-baby-King-Andrew-Fergie-Camilla-William.html\" rel=\"nofollow noopener\" target=\"_blank\">Mail on Sunday<\/a>.<\/p>\n<p>Dermed males Camilla som \u00abden store stygge ulven\u00bb i det kongelige dramaet, og kvinnen som ikke lenger vil se mellom fingrene p\u00e5 York-familiens belastende fortid.<\/p>\n<p>    <a itemprop=\"url\" href=\"https:\/\/www.seher.no\/kongelig\/bryter-200-ar-lang-tradisjon\/84826489\" rel=\"nofollow noopener\" target=\"_blank\"><\/p>\n<p>        <img loading=\"lazy\" decoding=\"async\" src=\"https:\/\/www.europesays.com\/no\/wp-content\/uploads\/2026\/07\/84828825.webp\" width=\"980\" height=\"441\" alt=\"\" class=\"lazyload\" style=\"--aspect-ratio-image: 2.22; \"\/><\/p>\n<p>        Nekter \u00e5 flytte<\/p>\n<p>    <\/a><\/p>\n<p>If\u00f8lge de britiske opplysningene skal dronning Camilla mene at hele York-grenen b\u00f8r skyves lenger ut i kulden. Det skal ogs\u00e5 gjelde Beatrice og Eugenie &#8211; selv om de to prinsessene ikke selv er anklaget for noe straffbart.<\/p>\n<p>        15.juni falt dommen mot Marius Borg H\u00f8iby. Bli med p\u00e5 nervene f\u00f8r dommen faller, og f\u00e5 de umiddelbare reaksjonene fra akt\u00f8rene og kommentatorene. <\/p>\n<p>Bakgrunnen er farens mange\u00e5rige forbindelse til avd\u00f8de Jeffrey Epstein. Andrew har i flere \u00e5r v\u00e6rt en enorm belastning for det britiske kongehuset, og presset mot ham har \u00f8kt ytterligere etter nye avsl\u00f8ringer og p\u00e5stander.<\/p>\n<p class=\"font-weight-bold m-font-weight-bold\" data-lab-font_weight=\"font-weight-bold\">N\u00e5 skal ogs\u00e5 d\u00f8trenes rolle ha blitt et betent tema.<\/p>\n<p>        <img loading=\"lazy\" decoding=\"async\" src=\"https:\/\/www.europesays.com\/no\/wp-content\/uploads\/2026\/07\/84830765.webp\" width=\"667\" height=\"481\" alt=\"\" class=\"\" style=\"--aspect-ratio-image: 1.39; \"\/><\/p>\n<p>\n        D\u00c5RLIG LIKT: Prinsesse Eugenie og prinsesse Beatrice jobber sjelden for representasjonsoppgaver for kongefamilien, og s\u00f8strene er blant de minst popul\u00e6re av den yngre garde. Foto: NTB\n    <\/p>\n<p>If\u00f8lge Mail on Sunday skal Camilla mene at Beatrice og Eugenie b\u00f8r slutte \u00e5 bruke titlene sine frivillig. Det skal ogs\u00e5 v\u00e6re snakk om at hele York-familien kan bli fjernet fra arverekken.<\/p>\n<p>Det siste er derimot langt mer komplisert. En slik endring vil kreve politisk behandling og lovgivning &#8211; ikke bare et \u00f8nske fra kongefamilien.<\/p>\n<p>        <img loading=\"lazy\" decoding=\"async\" src=\"https:\/\/www.europesays.com\/no\/wp-content\/uploads\/2026\/07\/84830898.webp\" width=\"667\" height=\"487\" alt=\"\" class=\"\" style=\"--aspect-ratio-image: 1.37; \"\/><\/p>\n<p>\n        KREFTSENTER: Dronning Camilla og dronning Sonja under den offisielle \u00e5pningen av Maggie&#8217;s Cancer Caring Centre i Aberdeen 2013. Foto:: Julian Parker \/ UK Press Ltd\n    <\/p>\n<p>&#8211; Smertefullt for Charles\u00a0\t<\/p>\n<p>Kong Charles beskrives p\u00e5 sin side som mer delt.\u00a0<\/p>\n<p>If\u00f8lge kilder er han fortsatt sv\u00e6rt glad i niesene sine Beatrice og Eugenie. Det skal gj\u00f8re saken ekstra smertefull for monarken, som i \u00e5revis har fors\u00f8kt \u00e5 holde familien samlet.<\/p>\n<p>Men n\u00e5 skal b\u00e5de Camilla og William ha f\u00e5tt nok.<\/p>\n<p>        N\u00e5 venter \u00aballe\u00bb p\u00e5 det store sp\u00f8rsm\u00e5let! \/\/ Foto:  NTB, Privat \/\/ Stemme: AI \/\/ Klipp: Nico Aagaard<\/p>\n<p>Kongehusekspert Phil Dampier sier til Daily Mail at forholdet mellom York-familien og resten av kongefamilien er p\u00e5 et historisk lavm\u00e5l:\u00a0<\/p>\n<p class=\"font-weight-bold m-font-weight-bold\" data-lab-font_weight=\"font-weight-bold\">&#8211; Forholdet mellom York-familien og resten av de kongelige er p\u00e5 et absolutt bunniv\u00e5.\u00a0<\/p>\n<p>    <a itemprop=\"url\" href=\"https:\/\/www.seher.no\/kongelig\/ny-avsloring-vekker-oppsikt\/84820091\" rel=\"nofollow noopener\" target=\"_blank\"><\/p>\n<p>        <img loading=\"lazy\" decoding=\"async\" src=\"https:\/\/www.europesays.com\/no\/wp-content\/uploads\/2026\/07\/82139236.webp\" width=\"147\" height=\"98\" alt=\"\" class=\"lazyload\" style=\"--aspect-ratio-image: 1.50; \"\/><\/p>\n<p>        Ny avsl\u00f8ring vekker oppsikt <\/p>\n<p>    <\/a><\/p>\n<p>Han mener ogs\u00e5 at dersom Andrew skal fjernes fra arverekken, kan det bli vanskelig \u00e5 stanse der.<\/p>\n<p>&#8211; Hvis det gj\u00f8res grep for \u00e5 fjerne Andrew fra arverekken, m\u00e5 det finnes en mulighet for at ogs\u00e5 Beatrice og Eugenie, samt barna deres, blir fjernet for \u00e5 l\u00f8se problemet \u00e9n gang for alle, sier Dampier.<\/p>\n<p>        <img loading=\"lazy\" decoding=\"async\" src=\"https:\/\/www.europesays.com\/no\/wp-content\/uploads\/2026\/07\/84830769.webp\" width=\"667\" height=\"667\" alt=\"\" class=\"\" style=\"--aspect-ratio-image: 1.00; \"\/><\/p>\n<p>\n        BUCKINGHAM PALACE: Prinsesse Beatrice og prinsesse Eugenie under et hageparty p\u00e5 Buckingham Palace i 2024. N\u00e5 vil Camilla ha de fjernet fra arverekken etter Epstein-skandalen til faren. Foto. NTB\n    <\/p>\n<p>If\u00f8lge Daily Mail mener flere kritikere det fremst\u00e5r absurd at Eugenies kommende tredje barn vil havne foran den hardtarbeidende prinsesse Anne (75) i arverekken.<\/p>\n<p>Prinsesse Anne er en av kongefamiliens mest arbeidsomme medlemmer, mens Beatrice og Eugenie ikke er arbeidende kongelige.<\/p>\n<p>        P\u00c5 JOBB: Bare et par dager etter at hun heiet p\u00e5 Norge under VM i USA, er prinsesse Ingrid Alexandra tilbake i Norge og stiller p\u00e5 kongelig oppdrag alene. <\/p>\n<p>Ogs\u00e5 prins William skal ha endret syn p\u00e5 s\u00f8skenbarna sine. Tidligere skal han ha \u00f8nsket \u00e5 holde Beatrice og Eugenie n\u00e6r familien, og ikke la dem bli straffet for farens synder.<\/p>\n<p>Men if\u00f8lge en kilde skal den planen n\u00e5 v\u00e6re droppet.<\/p>\n<p class=\"font-weight-bold m-font-weight-bold\" data-lab-font_weight=\"font-weight-bold\">&#8211; William \u00f8nsket \u00e5 holde jentene n\u00e6r og ikke la dem bli farget av farens synder og begge foreldrenes dumhet, men Epstein-avsl\u00f8ringene betyr at han har droppet den planen, sier kilden til <a href=\"https:\/\/www.dailymail.com\/news\/royals\/article-15804251\/Zara-Eugenie-baby-King-Andrew-Fergie-Camilla-William.html\" rel=\"nofollow noopener\" target=\"_blank\">Mail on Sunday<\/a>.<\/p>\n<p>        <img loading=\"lazy\" decoding=\"async\" src=\"https:\/\/www.europesays.com\/no\/wp-content\/uploads\/2026\/07\/84830902.webp\" width=\"667\" height=\"561\" alt=\"\" class=\"\" style=\"--aspect-ratio-image: 1.19; \"\/><\/p>\n<p>\n        MED KRONE P\u00c5 HODET: Dronning Camilla er en av kongefamiliens mektigste kvinner. Foto: NTB\n    <\/p>\n<p>&#8211; Iskald stemning\u00a0\t<\/p>\n<p>Ogs\u00e5 prinsesse Kate (44) skal st\u00f8tte ektemannens hardere linje. If\u00f8lge britiske medier har verken William eller Kate offentlig gratulert Eugenie med nyheten om at hun venter sitt tredje barn.<\/p>\n<p>Det har blitt tolket som et tydelig signal om at avstanden mellom familiene vokser. Da Buckingham Palace bekreftet Eugenies graviditet het det at kongen var informert og glad for nyheten.\u00a0<\/p>\n<p>        FESTEN I GANG: N\u00e5r Jan Thomas og Harlem Alexander skal smis i hymnens lenker, spares det overhodet ikke p\u00e5 stemningen, men gjestene fikk en tydelig advarsel allerede i invitasjonen til bryllupet. Video: Se og H\u00f8r \/ Anormal Studios \/\/ Foto: Discovery+ \/\/ Reporter: H\u00e5vard Bj\u00f8rnerem<\/p>\n<p>Camilla ble ikke nevnt i gratulasjonen.<\/p>\n<p>Det kan selvsagt v\u00e6re en tilfeldighet, men i lys av de nye opplysningene blir frav\u00e6ret tolket som nok et tegn p\u00e5 den iskalde stemningen bak fasaden.<\/p>\n<p>    <a itemprop=\"url\" href=\"https:\/\/www.seher.no\/kongelig\/pavirker-alle-sider-av-livet\/84829169\" rel=\"nofollow noopener\" target=\"_blank\"><\/p>\n<p>        <img loading=\"lazy\" decoding=\"async\" src=\"https:\/\/www.europesays.com\/no\/wp-content\/uploads\/2026\/07\/84829198.webp\" width=\"147\" height=\"98\" alt=\"\" class=\"lazyload\" style=\"--aspect-ratio-image: 1.50; \"\/><\/p>\n<p>        &#8211; P\u00e5virker alle sider av livet<\/p>\n<p>    <\/a><\/p>\n<p>For Beatrice og Eugenie kan konsekvensene bli store. De har i mange \u00e5r fors\u00f8kt \u00e5 balansere livet som private borgere med sin kongelige bakgrunn. N\u00e5 kan farens skandaler bidra til at ogs\u00e5 deres plass i den kongelige familien blir kraftig svekket, skriver <a href=\"https:\/\/www.gala.de\/royals\/briten\/koenigin-camilla-und-prinz-william-bilden-allianz-gegen-die-yorks-24598570.html\" rel=\"nofollow noopener\" target=\"_blank\">Gala<\/a>.<\/p>\n<p class=\"font-weight-bold m-font-weight-bold\" data-lab-font_weight=\"font-weight-bold\">Og midt i stormen st\u00e5r dronning Camilla. Kvinnen som i \u00e5revis ble kritisert for \u00e5 ha \u00f8delagt kong Charles og avd\u00f8de prinsesse Dianas forhold, fremstilles n\u00e5 som den som vil rydde opp i kongefamiliens mest betente skandale.<\/p>\n","protected":false},"excerpt":{"rendered":"Dronning Camilla: Det ulmer som aldri f\u00f8r i den britiske kongefamilien &#8211; og n\u00e5 f\u00e5r dronning Camilla skylden.&hellip;\n","protected":false},"author":2,"featured_media":282201,"comment_status":"","ping_status":"","sticky":false,"template":"","format":"standard","meta":{"footnotes":"","_share_on_mastodon":"0"},"categories":[58],"tags":[10361,3868,4104,71,76,30,28,29,7479,9549,14979,72],"class_list":["post-282200","post","type-post","status-publish","format-standard","has-post-thumbnail","category-underholdning","tag-andrew-mountbatten-windsor","tag-dronning-camilla","tag-eksklusivt","tag-entertainment","tag-kongelig","tag-no","tag-norge","tag-norway","tag-prinsesse-beatrice","tag-prinsesse-eugenie","tag-prinsessetittel","tag-underholdning"],"share_on_mastodon":{"url":"https:\/\/pubeurope.com\/@no\/116842172793304369","error":""},"_links":{"self":[{"href":"https:\/\/www.europesays.com\/no\/wp-json\/wp\/v2\/posts\/282200","targetHints":{"allow":["GET"]}}],"collection":[{"href":"https:\/\/www.europesays.com\/no\/wp-json\/wp\/v2\/posts"}],"about":[{"href":"https:\/\/www.europesays.com\/no\/wp-json\/wp\/v2\/types\/post"}],"author":[{"embeddable":true,"href":"https:\/\/www.europesays.com\/no\/wp-json\/wp\/v2\/users\/2"}],"replies":[{"embeddable":true,"href":"https:\/\/www.europesays.com\/no\/wp-json\/wp\/v2\/comments?post=282200"}],"version-history":[{"count":0,"href":"https:\/\/www.europesays.com\/no\/wp-json\/wp\/v2\/posts\/282200\/revisions"}],"wp:featuredmedia":[{"embeddable":true,"href":"https:\/\/www.europesays.com\/no\/wp-json\/wp\/v2\/media\/282201"}],"wp:attachment":[{"href":"https:\/\/www.europesays.com\/no\/wp-json\/wp\/v2\/media?parent=282200"}],"wp:term":[{"taxonomy":"category","embeddable":true,"href":"https:\/\/www.europesays.com\/no\/wp-json\/wp\/v2\/categories?post=282200"},{"taxonomy":"post_tag","embeddable":true,"href":"https:\/\/www.europesays.com\/no\/wp-json\/wp\/v2\/tags?post=282200"}],"curies":[{"name":"wp","href":"https:\/\/api.w.org\/{rel}","templated":true}]}}