{"id":28222,"date":"2025-09-05T21:55:14","date_gmt":"2025-09-05T21:55:14","guid":{"rendered":"https:\/\/www.europesays.com\/no\/28222\/"},"modified":"2025-09-05T21:55:14","modified_gmt":"2025-09-05T21:55:14","slug":"dodsulykke-ulykke-dette-sier-politiet-om-ulykka-pa-e10","status":"publish","type":"post","link":"https:\/\/www.europesays.com\/no\/28222\/","title":{"rendered":"D\u00f8dsulykke, Ulykke | Dette sier politiet om ulykka p\u00e5 E10"},"content":{"rendered":"\n<p>Politiet jobber videre med etterforskningen etter trafikkulykken ved Gims\u00f8ybrua, 4. september. Blant annet jobbes det med \u00e5 f\u00e5 gjennomf\u00f8rt tekniske unders\u00f8kelser av bilene, innhente digitale bevis og foreta ytterligere vitneavh\u00f8r.<\/p>\n<p>Statens vegvesen sin ulykkesgruppe som ankom torsdag har n\u00e5 avsluttet sine unders\u00f8kelser p\u00e5 stedet, men det vil fortsatt ta en tid f\u00f8r politiet mottar ulykkesgruppens rapport.<\/p>\n<p>Det opplyser politiet i en pressemelding fredag.<\/p>\n<p>\u2013 N\u00e5r det gjelder hendelsesforl\u00f8pet er det fortsatt tidlig i etterforskningen. Politiet har behov for \u00e5 samle mer informasjon f\u00f8r man sier noe mer om hva som skjedde da ulykken fant sted, og hva som var \u00e5rsaken. Det vi kan si er at de to som omkom satt i samme bil, og at de kjente hverandre fra f\u00f8r. Ingen har status som siktet eller mistenkt i saken, sier politifullmektig Aslak Breivik Vannebo i meldingen.<\/p>\n<p>Det er besluttet obduksjon av de to omkomne, og dette vil gjennomf\u00f8res i l\u00f8pet av neste uke.<\/p>\n<p>  <a href=\"https:\/\/www.fremover.no\/5-17-1410549\" class=\"related-teaser default-story-teaser article--c-eRUmMG article--c-eRUmMG-jKCPdD-design-default article--c-eRUmMG-kpKLOW-cv\" rel=\"nofollow noopener\" target=\"_blank\"><\/p>\n<p>\n            Les ogs\u00e5<\/p>\n<p>              Tone (43) og Robin (38) omkom i ulykka ved Gims\u00f8ybrua\n        <\/p>\n<p>  <\/a><\/p>\n<p>Les mer om: artikkelemnene<\/p>\n","protected":false},"excerpt":{"rendered":"Politiet jobber videre med etterforskningen etter trafikkulykken ved Gims\u00f8ybrua, 4. september. Blant annet jobbes det med \u00e5 f\u00e5&hellip;\n","protected":false},"author":2,"featured_media":28223,"comment_status":"","ping_status":"","sticky":false,"template":"","format":"standard","meta":{"footnotes":""},"categories":[10],"tags":[36,20,21,753,2100,24,25,15,22,23,13,30,28,29,14,16,1510,26,27,51],"class_list":{"0":"post-28222","1":"post","2":"type-post","3":"status-publish","4":"format-standard","5":"has-post-thumbnail","7":"category-norge","8":"tag-art","9":"tag-breaking-news","10":"tag-breakingnews","11":"tag-dodsulykke","12":"tag-e10","13":"tag-featured-news","14":"tag-featurednews","15":"tag-headlines","16":"tag-latest-news","17":"tag-latestnews","18":"tag-news","19":"tag-no","20":"tag-norge","21":"tag-norway","22":"tag-nyheter","23":"tag-overskrifter","24":"tag-story","25":"tag-top-stories","26":"tag-topstories","27":"tag-ulykke"},"share_on_mastodon":{"url":"","error":""},"_links":{"self":[{"href":"https:\/\/www.europesays.com\/no\/wp-json\/wp\/v2\/posts\/28222","targetHints":{"allow":["GET"]}}],"collection":[{"href":"https:\/\/www.europesays.com\/no\/wp-json\/wp\/v2\/posts"}],"about":[{"href":"https:\/\/www.europesays.com\/no\/wp-json\/wp\/v2\/types\/post"}],"author":[{"embeddable":true,"href":"https:\/\/www.europesays.com\/no\/wp-json\/wp\/v2\/users\/2"}],"replies":[{"embeddable":true,"href":"https:\/\/www.europesays.com\/no\/wp-json\/wp\/v2\/comments?post=28222"}],"version-history":[{"count":0,"href":"https:\/\/www.europesays.com\/no\/wp-json\/wp\/v2\/posts\/28222\/revisions"}],"wp:featuredmedia":[{"embeddable":true,"href":"https:\/\/www.europesays.com\/no\/wp-json\/wp\/v2\/media\/28223"}],"wp:attachment":[{"href":"https:\/\/www.europesays.com\/no\/wp-json\/wp\/v2\/media?parent=28222"}],"wp:term":[{"taxonomy":"category","embeddable":true,"href":"https:\/\/www.europesays.com\/no\/wp-json\/wp\/v2\/categories?post=28222"},{"taxonomy":"post_tag","embeddable":true,"href":"https:\/\/www.europesays.com\/no\/wp-json\/wp\/v2\/tags?post=28222"}],"curies":[{"name":"wp","href":"https:\/\/api.w.org\/{rel}","templated":true}]}}