{"id":282678,"date":"2026-07-01T13:23:02","date_gmt":"2026-07-01T13:23:02","guid":{"rendered":"https:\/\/www.europesays.com\/no\/282678\/"},"modified":"2026-07-01T13:23:02","modified_gmt":"2026-07-01T13:23:02","slug":"wisting-feltet-equinor-en-god-nyhet","status":"publish","type":"post","link":"https:\/\/www.europesays.com\/no\/282678\/","title":{"rendered":"Wisting-feltet, Equinor | En god nyhet"},"content":{"rendered":"<p class=\"vignette\">Leder<\/p>\n<p class=\"disclaimer\">Dette er en leder. Lederen gir uttrykk for avisens holdning.<\/p>\n<p>Feltet ligger 300 kilometer nord for finnmarkskysten, med estimerte utvinnbare volumer p\u00e5 i underkant av 500 millioner fat oljeekvivalenter.<\/p>\n<p>Det statlig eide energiselskapet Equinor har heldigvis g\u00e5tt bort fra planene om elektrifisering av Wisting, med en 340 kilometer lang kabel, som skulle mate oljefeltet med landbasert str\u00f8m.<\/p>\n<p>I sum er dette godt nytt for b\u00e5de Norge og Europa. Equinor ser ut til \u00e5 ha forst\u00e5tt at elektrifisering oppleves som en str\u00f8mtyv fra folk og bedrifter, og er \u00f8deleggende for selskapets omd\u00f8mme i Nord-Norge. <\/p>\n<p>Equinor t\u00e5ler ikke en ny Melk\u00f8ya-aff\u00e6re. Beslutningen som selskapet har presset frem i Hammerfest, om \u00e5 erstatte gasskraft med str\u00f8m fra land, uten at det erstattes med annen fornybar energi, vil f\u00e5 store negative konsekvenser for husholdninger og bedrifter i Nord-Norge.<\/p>\n<p>I tilfellet Wisting kan man i stedet konsentrere seg om de gode nyhetene for landet v\u00e5rt; dette sikrer inntekter som danner grunnmuren i fremtidige velferdstjenester. <\/p>\n<p>Utbygging vil kunne gi store ringvirkninger for Nord-Norge, basert p\u00e5 geografisk beliggenhet. Det vil bety mye for leverand\u00f8rer, og et sted m\u00e5 det ogs\u00e5 etableres en driftsorganisasjon for Wisting-feltet, med viktige arbeidsplasser.<\/p>\n<p>For Europa handler dette om sikkerhetspolitikk. Der \u00f8nsker man at Norge fremdeles p\u00e5tar seg rollen som stabil leverand\u00f8r av olje og gass til kontinentet, i en situasjon der russiske leveranser ikke vil komme tilbake p\u00e5 markedet i overskuelig framtid. <\/p>\n<p>N\u00e5 er det selvf\u00f8lgelig viktig \u00e5 ha i mente at en endelig investeringsbeslutning ikke er tatt. Men det er tatt et stort steg i riktig retning.<\/p>\n<p>Vi registrerer at nyheten om Wisting-feltet stort f\u00f8lger kjente og forutsigbare m\u00f8nstre i norsk politikk. Det har blitt godt mottatt b\u00e5de i Senterpartiet, Frp, H\u00f8yre og den realitetsorienterte delen av Ap.<\/p>\n<p>Det betyr at utbyggingen har ryggdekning fra et solid flertall p\u00e5 Stortinget. Selv om enkelte fors\u00f8ker \u00e5 fremstille det som omstridt, har Wisting bred st\u00f8tte fra store velgergrupper i hele landet.<\/p>\n","protected":false},"excerpt":{"rendered":"Leder Dette er en leder. Lederen gir uttrykk for avisens holdning. Feltet ligger 300 kilometer nord for finnmarkskysten,&hellip;\n","protected":false},"author":2,"featured_media":282679,"comment_status":"","ping_status":"","sticky":false,"template":"","format":"standard","meta":{"footnotes":"","_share_on_mastodon":"0"},"categories":[5],"tags":[36,20,21,2261,24,25,15,19,22,23,246,17,18,13,30,28,29,14,2262,1533,16,26,27,23833],"class_list":["post-282678","post","type-post","status-publish","format-standard","has-post-thumbnail","category-overskrifter","tag-art","tag-breaking-news","tag-breakingnews","tag-equinor","tag-featured-news","tag-featurednews","tag-headlines","tag-hovedoppslag","tag-latest-news","tag-latestnews","tag-leder","tag-main-news","tag-mainnews","tag-news","tag-no","tag-norge","tag-norway","tag-nyheter","tag-olje-og-gass","tag-opinion","tag-overskrifter","tag-top-stories","tag-topstories","tag-wisting-feltet"],"share_on_mastodon":{"url":"https:\/\/pubeurope.com\/@no\/116844940716571215","error":""},"_links":{"self":[{"href":"https:\/\/www.europesays.com\/no\/wp-json\/wp\/v2\/posts\/282678","targetHints":{"allow":["GET"]}}],"collection":[{"href":"https:\/\/www.europesays.com\/no\/wp-json\/wp\/v2\/posts"}],"about":[{"href":"https:\/\/www.europesays.com\/no\/wp-json\/wp\/v2\/types\/post"}],"author":[{"embeddable":true,"href":"https:\/\/www.europesays.com\/no\/wp-json\/wp\/v2\/users\/2"}],"replies":[{"embeddable":true,"href":"https:\/\/www.europesays.com\/no\/wp-json\/wp\/v2\/comments?post=282678"}],"version-history":[{"count":0,"href":"https:\/\/www.europesays.com\/no\/wp-json\/wp\/v2\/posts\/282678\/revisions"}],"wp:featuredmedia":[{"embeddable":true,"href":"https:\/\/www.europesays.com\/no\/wp-json\/wp\/v2\/media\/282679"}],"wp:attachment":[{"href":"https:\/\/www.europesays.com\/no\/wp-json\/wp\/v2\/media?parent=282678"}],"wp:term":[{"taxonomy":"category","embeddable":true,"href":"https:\/\/www.europesays.com\/no\/wp-json\/wp\/v2\/categories?post=282678"},{"taxonomy":"post_tag","embeddable":true,"href":"https:\/\/www.europesays.com\/no\/wp-json\/wp\/v2\/tags?post=282678"}],"curies":[{"name":"wp","href":"https:\/\/api.w.org\/{rel}","templated":true}]}}