{"id":28268,"date":"2025-09-06T00:46:08","date_gmt":"2025-09-06T00:46:08","guid":{"rendered":"https:\/\/www.europesays.com\/no\/28268\/"},"modified":"2025-09-06T00:46:08","modified_gmt":"2025-09-06T00:46:08","slug":"mann-stukket-med-skarp-gjenstand-pa-gronland-gjerningsmann-pa-frifot","status":"publish","type":"post","link":"https:\/\/www.europesays.com\/no\/28268\/","title":{"rendered":"Mann stukket med skarp gjenstand p\u00e5 Gr\u00f8nland \u2013 gjerningsmann p\u00e5 frifot"},"content":{"rendered":"\n<p class=\"_lead_ew2ao_2 _lead_xtcu6_50 layout-component text-serif-m layout-normal text-serif-l layout-component layout-wide layout-padded _wide_17hqh_1 layout-padded\">En mann i 30-\u00e5rene er kj\u00f8rt til sykehus etter \u00e5 ha blitt stukket med en skarp gjenstand p\u00e5 Gr\u00f8nland i Oslo natt til l\u00f8rdag.<\/p>\n<ul aria-hidden=\"true\" class=\"_images_1y6fe_106\">\n<li><a class=\"_link_1y6fe_111\" href=\"https:\/\/www.vg.no\/forfatter\/ntb\" style=\"z-index:1\" title=\"NTB\" rel=\"nofollow noopener\" target=\"_blank\"><img alt=\"Bilde av NTB\" class=\"_image_1y6fe_88\" fetchpriority=\"low\" loading=\"lazy\" decoding=\"async\" itemprop=\"image\"  src=\"https:\/\/www.europesays.com\/no\/wp-content\/uploads\/2025\/09\/1757119568_331_c33980b0-5d07-4027-84a1-813f90a7c8d6\"  width=\"480\"\/><\/a><\/li>\n<\/ul>\n<p> Oppdatert l\u00f8rdag 6. september kl. 01:29     <\/p>\n<p class=\"_paragraph_ew2ao_4 _paragraph_xtcu6_10 layout-component text-serif-m layout-normal text-serif-m layout-padded\">N\u00f8detatene ble varslet om voldshendelsen klokken 00.57.<\/p>\n<p class=\"_paragraph_ew2ao_4 _paragraph_xtcu6_10 layout-component text-serif-m layout-normal text-serif-m layout-padded\">\u2013 Vi er p\u00e5 <a href=\"https:\/\/www.vg.no\/tag\/groenland?utm_source=vg-article&amp;utm_medium=auto-tagger&amp;utm_campaign=zAagyO\" class=\"_link_ew2ao_39\" rel=\"nofollow noopener\" target=\"_blank\">Gr\u00f8nland<\/a> sammen med ambulanse hvor en person er stukket med en skarp gjenstand. Forn\u00e6rmede blir kj\u00f8rt sykehus for videre behandling. Pasienten er v\u00e5ken, sier operasjonsleder Roy Langengen i Oslo politidistrikt like f\u00f8r klokken 1.30 natt til l\u00f8rdag.<\/p>\n<p class=\"_paragraph_ew2ao_4 _paragraph_xtcu6_10 layout-component text-serif-m layout-normal text-serif-m layout-padded\">Ingen er p\u00e5grepet i saken.<\/p>\n<p class=\"_paragraph_ew2ao_4 _paragraph_xtcu6_10 layout-component text-serif-m layout-normal text-serif-m layout-padded\">\u2013 Vi jobber med avh\u00f8r p\u00e5 stedet og har et navn p\u00e5 blokka, men kun en vag beskrivelse av gjerningsmannen, sier operasjonslederen til NTB.<\/p>\n<p class=\"_paragraph_ew2ao_4 _paragraph_xtcu6_10 layout-component text-serif-m layout-normal text-serif-m layout-padded\">Han understreker at de anser dette som en hendelse mellom to personer, og at ingen andre i omr\u00e5det er truet.<\/p>\n","protected":false},"excerpt":{"rendered":"En mann i 30-\u00e5rene er kj\u00f8rt til sykehus etter \u00e5 ha blitt stukket med en skarp gjenstand p\u00e5&hellip;\n","protected":false},"author":2,"featured_media":28269,"comment_status":"","ping_status":"","sticky":false,"template":"","format":"standard","meta":{"footnotes":""},"categories":[10],"tags":[20,21,24,25,2112,15,22,23,13,30,28,29,14,1597,16,26,27],"class_list":{"0":"post-28268","1":"post","2":"type-post","3":"status-publish","4":"format-standard","5":"has-post-thumbnail","7":"category-norge","8":"tag-breaking-news","9":"tag-breakingnews","10":"tag-featured-news","11":"tag-featurednews","12":"tag-gronland","13":"tag-headlines","14":"tag-latest-news","15":"tag-latestnews","16":"tag-news","17":"tag-no","18":"tag-norge","19":"tag-norway","20":"tag-nyheter","21":"tag-oslo-politidistrikt","22":"tag-overskrifter","23":"tag-top-stories","24":"tag-topstories"},"share_on_mastodon":{"url":"","error":""},"_links":{"self":[{"href":"https:\/\/www.europesays.com\/no\/wp-json\/wp\/v2\/posts\/28268","targetHints":{"allow":["GET"]}}],"collection":[{"href":"https:\/\/www.europesays.com\/no\/wp-json\/wp\/v2\/posts"}],"about":[{"href":"https:\/\/www.europesays.com\/no\/wp-json\/wp\/v2\/types\/post"}],"author":[{"embeddable":true,"href":"https:\/\/www.europesays.com\/no\/wp-json\/wp\/v2\/users\/2"}],"replies":[{"embeddable":true,"href":"https:\/\/www.europesays.com\/no\/wp-json\/wp\/v2\/comments?post=28268"}],"version-history":[{"count":0,"href":"https:\/\/www.europesays.com\/no\/wp-json\/wp\/v2\/posts\/28268\/revisions"}],"wp:featuredmedia":[{"embeddable":true,"href":"https:\/\/www.europesays.com\/no\/wp-json\/wp\/v2\/media\/28269"}],"wp:attachment":[{"href":"https:\/\/www.europesays.com\/no\/wp-json\/wp\/v2\/media?parent=28268"}],"wp:term":[{"taxonomy":"category","embeddable":true,"href":"https:\/\/www.europesays.com\/no\/wp-json\/wp\/v2\/categories?post=28268"},{"taxonomy":"post_tag","embeddable":true,"href":"https:\/\/www.europesays.com\/no\/wp-json\/wp\/v2\/tags?post=28268"}],"curies":[{"name":"wp","href":"https:\/\/api.w.org\/{rel}","templated":true}]}}