{"id":282732,"date":"2026-07-01T14:35:10","date_gmt":"2026-07-01T14:35:10","guid":{"rendered":"https:\/\/www.europesays.com\/no\/282732\/"},"modified":"2026-07-01T14:35:10","modified_gmt":"2026-07-01T14:35:10","slug":"nedgang-pa-wall-street-e24-12","status":"publish","type":"post","link":"https:\/\/www.europesays.com\/no\/282732\/","title":{"rendered":"Nedgang p\u00e5 Wall Street \u2013 E24"},"content":{"rendered":"\n<p class=\"_textTheme_1yhmn_1 _lead_16k26_2 _lead_3ue4t_18 layout-component layout-wide layout-padded _lead_o6m9k_5 body-large _wide_o6m9k_9\">Investorene tar gevinst i databrikke-aksjer etter en historisk oppgang p\u00e5 Wall Street.<\/p>\n<p> <img alt=\"\" class=\"_image_1jxax_84 layout-component layout-wide\" data-fullscreen- data-track-element-type=\"Article image fullscreen\" data-track-name=\"ImageFullscreen\" fetchpriority=\"high\" decoding=\"sync\" loading=\"eager\" height=\"4365\" itemprop=\"image\"  src=\"https:\/\/www.europesays.com\/no\/wp-content\/uploads\/2026\/07\/95a7740b-aace-33c1-83d4-d79efd1fcfe5.jpeg\"  style=\"object-position:0% 0%\" width=\"6548\"\/>  Foto: Seth Wenig \/ AP \/ NTBVis mer          <\/p>\n<p class=\"_textTheme_1yhmn_1 _paragraph_16k26_4 _paragraph_3ue4t_27 layout-component layout-normal layout-padded body-medium\">Saken oppdateres gjennom handels\u00f8kten.<\/p>\n<p class=\"_textTheme_1yhmn_1 _paragraph_16k26_4 _paragraph_3ue4t_27 layout-component layout-normal layout-padded body-medium\">Slik g\u00e5r det med de toneangivende indeksene rundt 20 minutter etter \u00e5pning:<\/p>\n<ul class=\"_list_16k26_3 _list_3ue4t_26 _unordered_16k26_103 _textTheme_1yhmn_1 layout-component layout-normal layout-padded body-medium\">\n<li class=\"_item_16k26_63\">S&amp;P 500 faller 0,47 prosent<\/li>\n<li class=\"_item_16k26_63\">Nasdaq Composite faller 0,77 prosent<\/li>\n<li class=\"_item_16k26_63\">Dow Jones er ned 0,47 prosent<\/li>\n<\/ul>\n<p> <a class=\"_link_12q07_20\" data-track-id=\"teaser:5pRBoX\" data-track-impression=\"true\" data-track-name=\"Sa opp jobben som 29-\u00e5ringer: Kan leve av avkastning\" data-track-element-size=\"small\" data-track-element-type=\"Teaser\" data-track-image-url=\"https:\/\/www.europesays.com\/no\/wp-content\/uploads\/2026\/07\/7f17b859-36a6-352f-a2a0-890eba40ae45.jpeg\" data-track-layout-name=\"image:right\" data-track-position-source=\"related-article\" href=\"https:\/\/e24.no\/privatoekonomi\/i\/5pRBoX\/sa-opp-jobben-som-29-aaringer-kan-leve-av-avkastning\" rel=\"nofollow noopener\" target=\"_blank\"><img decoding=\"async\" alt=\"\" class=\"_image_12q07_77\" height=\"2736\" loading=\"lazy\"  src=\"https:\/\/www.europesays.com\/no\/wp-content\/uploads\/2026\/07\/7f17b859-36a6-352f-a2a0-890eba40ae45.jpeg\"  width=\"3648\"\/><\/p>\n<p class=\"label-small _kicker_12q07_98\">Les ogs\u00e5<\/p>\n<p>Sa opp jobben som 29-\u00e5ringer: Kan leve av avkastning<\/a> <\/p>\n<p class=\"_textTheme_1yhmn_1 _paragraph_16k26_4 _paragraph_3ue4t_27 layout-component layout-normal layout-padded body-medium\">New York-b\u00f8rsen \u00e5pner i minus onsdag, etter at de toneangivende indeksene har lagt bak seg de sterkeste f\u00f8rste halv\u00e5rene p\u00e5 flere \u00e5r.<\/p>\n<p class=\"_textTheme_1yhmn_1 _paragraph_16k26_4 _paragraph_3ue4t_27 layout-component layout-normal layout-padded body-medium\">Det er s\u00e6rlig brikkeprodusentene som trekker ned. Micron faller 5,47 prosent, mens Sandisk er ned 6,99 prosent. Brikkegigantene Nividia og Broadcom er ned henholdsvis 2,51 prosent og 1,57 prosent.<\/p>\n<p class=\"_textTheme_1yhmn_1 _paragraph_16k26_4 _paragraph_3ue4t_27 layout-component layout-normal layout-padded body-medium\">Nedgangen kommer etter et rekordhalv\u00e5r for databrikkebransjen. iShares Semiconductor ETF steg over 112 prosent i \u00e5rets seks f\u00f8rste m\u00e5neder. I andre kvartal alene la Micron, Intel og AMD til sammen p\u00e5 seg to billioner dollar i markedsverdi, if\u00f8lge <a href=\"https:\/\/www.cnbc.com\/2026\/06\/30\/stock-market-today-live-updates.html\" class=\"_link_16k26_32\" rel=\"nofollow noopener\" target=\"_blank\">CNBC<\/a>.<\/p>\n<p class=\"_textTheme_1yhmn_1 _paragraph_16k26_4 _paragraph_3ue4t_27 layout-component layout-normal layout-padded body-medium\">Paul Hickey, medgr\u00fcnder i Bespoke Investment Group, mener brikke-sektoren har blitt litt for varm.<\/p>\n<p class=\"_textTheme_1yhmn_1 _paragraph_16k26_4 _paragraph_3ue4t_27 layout-component layout-normal layout-padded body-medium\">\u2013 P\u00e5 lang sikt liker vi fortsatt databrikker, men jeg ville ikke v\u00e6rt aggressiv her, sa han til CNBC.<\/p>\n<p>  Meta-aksjen hopper <\/p>\n<p class=\"_textTheme_1yhmn_1 _paragraph_16k26_4 _paragraph_3ue4t_27 layout-component layout-normal layout-padded body-medium\">Facebook-eier Meta, jobber med planer om \u00e5 starte en helt ny forretning. Selskapet planlegger \u00e5 leie ut datakraft og AI-modeller til eksterne kunder, if\u00f8lge Bloomberg, som viser til flere kilder med kjennskap til saken.<\/p>\n<p class=\"_textTheme_1yhmn_1 _paragraph_16k26_4 _paragraph_3ue4t_27 layout-component layout-normal layout-padded body-medium\">Meta har ikke kommentert saken.<\/p>\n<p class=\"_textTheme_1yhmn_1 _paragraph_16k26_4 _paragraph_3ue4t_27 layout-component layout-normal layout-padded body-medium\"><strong class=\"_strong_16k26_20\">Meta-aksjen hopper 6,73 prosent etter nyheten.<\/strong><\/p>\n<p class=\"_textTheme_1yhmn_1 _paragraph_16k26_4 _paragraph_3ue4t_27 layout-component layout-normal layout-padded body-medium\">Dermed kan Mark Zuckerbergs selskap havne i direkte konkurranse med tungvekterne Amazon Web Services, Microsoft Azure og Google Cloud.<\/p>\n<p class=\"_textTheme_1yhmn_1 _paragraph_16k26_4 _paragraph_3ue4t_27 layout-component layout-normal layout-padded body-medium\">Meta har brukt hundrevis av milliarder dollar p\u00e5 datasentre og dyre databrikker for \u00e5 satse p\u00e5 kunstig intelligens. Investeringene har gjort mange investorer nerv\u00f8se, og en skytjeneste kan bli \u00e9n m\u00e5te \u00e5 tjene inn noe av pengene p\u00e5, skriver Bloomberg.<\/p>\n<p class=\"_textTheme_1yhmn_1 _paragraph_16k26_4 _paragraph_3ue4t_27 layout-component layout-normal layout-padded body-medium\">Zuckerberg selv har allerede antydet overfor investorer at han er \u00e5pen for denne typen forretning.<\/p>\n<p class=\"_textTheme_1yhmn_1 _paragraph_16k26_4 _paragraph_3ue4t_27 layout-component layout-normal layout-padded body-medium\">\u2013 Det ligger definitivt p\u00e5 bordet, sa Meta-sjefen under en samtale med aksjon\u00e6rer i mai, if\u00f8lge Bloomberg.<\/p>\n","protected":false},"excerpt":{"rendered":"Investorene tar gevinst i databrikke-aksjer etter en historisk oppgang p\u00e5 Wall Street. Foto: Seth Wenig \/ AP \/&hellip;\n","protected":false},"author":2,"featured_media":282733,"comment_status":"","ping_status":"","sticky":false,"template":"","format":"standard","meta":{"footnotes":"","_share_on_mastodon":"0"},"categories":[56],"tags":[60,17873,61,15706,62,30,28,29,17713,17740],"class_list":["post-282732","post","type-post","status-publish","format-standard","has-post-thumbnail","category-naeringsliv","tag-business","tag-dow-jones","tag-economy","tag-nasdaq","tag-naeringsliv","tag-no","tag-norge","tag-norway","tag-sp-500","tag-sla-av-ticker-pa-front"],"share_on_mastodon":{"url":"https:\/\/pubeurope.com\/@no\/116845224111863729","error":""},"_links":{"self":[{"href":"https:\/\/www.europesays.com\/no\/wp-json\/wp\/v2\/posts\/282732","targetHints":{"allow":["GET"]}}],"collection":[{"href":"https:\/\/www.europesays.com\/no\/wp-json\/wp\/v2\/posts"}],"about":[{"href":"https:\/\/www.europesays.com\/no\/wp-json\/wp\/v2\/types\/post"}],"author":[{"embeddable":true,"href":"https:\/\/www.europesays.com\/no\/wp-json\/wp\/v2\/users\/2"}],"replies":[{"embeddable":true,"href":"https:\/\/www.europesays.com\/no\/wp-json\/wp\/v2\/comments?post=282732"}],"version-history":[{"count":0,"href":"https:\/\/www.europesays.com\/no\/wp-json\/wp\/v2\/posts\/282732\/revisions"}],"wp:featuredmedia":[{"embeddable":true,"href":"https:\/\/www.europesays.com\/no\/wp-json\/wp\/v2\/media\/282733"}],"wp:attachment":[{"href":"https:\/\/www.europesays.com\/no\/wp-json\/wp\/v2\/media?parent=282732"}],"wp:term":[{"taxonomy":"category","embeddable":true,"href":"https:\/\/www.europesays.com\/no\/wp-json\/wp\/v2\/categories?post=282732"},{"taxonomy":"post_tag","embeddable":true,"href":"https:\/\/www.europesays.com\/no\/wp-json\/wp\/v2\/tags?post=282732"}],"curies":[{"name":"wp","href":"https:\/\/api.w.org\/{rel}","templated":true}]}}