{"id":282758,"date":"2026-07-01T15:19:12","date_gmt":"2026-07-01T15:19:12","guid":{"rendered":"https:\/\/www.europesays.com\/no\/282758\/"},"modified":"2026-07-01T15:19:12","modified_gmt":"2026-07-01T15:19:12","slug":"konkurs-etter-skattesmell-e24","status":"publish","type":"post","link":"https:\/\/www.europesays.com\/no\/282758\/","title":{"rendered":"Konkurs etter skattesmell \u2013 E24"},"content":{"rendered":"\n<p class=\"_textTheme_1yhmn_1 _lead_16k26_2 _lead_3ue4t_18 layout-component layout-wide layout-padded _lead_o6m9k_5 body-large _wide_o6m9k_9\">Skattekrav p\u00e5 over 75 millioner kroner ble for mye for TTN Trucking AS.<\/p>\n<p><img alt=\"TTN Trucking AS er datterselskapet til Thermo-Transit.\" class=\"_image_1jxax_84 layout-component layout-wide\" data-fullscreen- data-track-element-type=\"Article image fullscreen\" data-track-name=\"ImageFullscreen\" fetchpriority=\"high\" decoding=\"sync\" loading=\"eager\" height=\"3402\" itemprop=\"image\"  src=\"https:\/\/www.europesays.com\/no\/wp-content\/uploads\/2026\/07\/4f16391a-1430-32c2-b9f6-b655c987a2c5.jpeg\"  style=\"object-position:53.37040781934614% 50%\" width=\"5934\"\/>TTN Trucking AS er datterselskapet til Thermo-Transit.  Foto: Thermo-TransitVis mer        <\/p>\n<p>Oppsummeringen er laget med kunstig intelligens og kvalitetssikret av E24s journalister.<\/p>\n<ul class=\"_list_16k26_3 _list_tj395_103 _unordered_16k26_103 _textTheme_1yhmn_1 body-small\">\n<li class=\"_item_16k26_63\">TTN Trucking AS er sl\u00e5tt konkurs med en total gjeld p\u00e5 rundt 202 millioner kroner.<\/li>\n<li class=\"_item_16k26_63\">I 2024 fikk selskapet et skattekrav p\u00e5 rundt 75,6 millioner kroner, if\u00f8lge bostyreren.<\/li>\n<li class=\"_item_16k26_63\">Selskapet er uenig i Skatteetatens vurdering og har anket.<\/li>\n<\/ul>\n<p>Vis mer  <\/p>\n<p class=\"_textTheme_1yhmn_1 _paragraph_16k26_4 _paragraph_3ue4t_27 layout-component layout-normal layout-padded body-medium\">Transportselskapet er sl\u00e5tt konkurs.<\/p>\n<p class=\"_textTheme_1yhmn_1 _paragraph_16k26_4 _paragraph_3ue4t_27 layout-component layout-normal layout-padded body-medium\">\u2013 Den bakenforliggende \u00e5rsaken til at selskapet har slitt er jo b\u00e5de det at det har v\u00e6rt utfordringer i transportbransjen i forhold til konkurransen p\u00e5 pris og dyrere rammevilk\u00e5r med h\u00f8yere bensinpriser, prisstigning og s\u00e5 videre, sier bostyrer Nils Holger Koefoed.<\/p>\n<p class=\"_textTheme_1yhmn_1 _paragraph_16k26_4 _paragraph_3ue4t_27 layout-component layout-normal layout-padded body-medium\">Totalt har selskapet en gjeld p\u00e5 rundt 202 millioner kroner, av dette er gjelden til konsernselskaper rundt 110 millioner kroner, opplyser bostyreren.<\/p>\n<p> <a class=\"_link_12q07_20\" data-track-id=\"teaser:wrnGz5\" data-track-impression=\"true\" data-track-name=\"Kj\u00f8pe eller selge i h\u00f8st?: \u2013 Ikke la deg rive med\" data-track-element-size=\"small\" data-track-element-type=\"Teaser\" data-track-image-url=\"https:\/\/www.europesays.com\/no\/wp-content\/uploads\/2026\/07\/c868f948-b916-3738-a6fd-9fe409a6e3f1.jpeg\" data-track-layout-name=\"image:right\" data-track-position-source=\"related-article\" href=\"https:\/\/e24.no\/norsk-oekonomi\/i\/wrnGz5\/kjoepe-eller-selge-i-hoest-ikke-la-deg-rive-med\" rel=\"nofollow noopener\" target=\"_blank\"><img decoding=\"async\" alt=\"\" class=\"_image_12q07_77\" height=\"5461\" loading=\"lazy\"  src=\"https:\/\/www.europesays.com\/no\/wp-content\/uploads\/2026\/07\/c868f948-b916-3738-a6fd-9fe409a6e3f1.jpeg\"  width=\"8192\"\/><\/p>\n<p class=\"label-small _kicker_12q07_98\">Les ogs\u00e5<\/p>\n<p>Kj\u00f8pe eller selge i h\u00f8st?: \u2013 Ikke la deg rive med<\/a> <\/p>\n<p class=\"_textTheme_1yhmn_1 _paragraph_16k26_4 _paragraph_3ue4t_27 layout-component layout-normal layout-padded body-medium\">TTN Trucking er et datterselskap av Thermo-Transit, som driver med frakt av sj\u00f8mat og andre ferskvarer i Norden. Thermo-Transit er igjen er eid av det store litauiske transportselskapet Girteka.<\/p>\n<p> Krav p\u00e5 75 millioner <\/p>\n<p class=\"_textTheme_1yhmn_1 _paragraph_16k26_4 _paragraph_3ue4t_27 layout-component layout-normal layout-padded body-medium\">I 2024 fikk selskapet nemlig et skattekrav p\u00e5 rundt 75,6 millioner kroner, if\u00f8lge bostyrer Koefoed.<\/p>\n<p class=\"_textTheme_1yhmn_1 _paragraph_16k26_4 _paragraph_3ue4t_27 layout-component layout-normal layout-padded body-medium\">Dette best\u00e5r av rundt 49,6 millioner kroner i etterberegnet arbeidsgiveravgift. I tillegg kommer tilleggsskatt og skjerpet tilleggsskattEn ekstra straffeskatt som kommer i tillegg til ordin\u00e6r tilleggsskatt. p\u00e5 til sammen rundt 26 millioner kroner, opplyser bostyreren.<\/p>\n<p class=\"_textTheme_1yhmn_1 _paragraph_16k26_4 _paragraph_3ue4t_27 layout-component layout-normal layout-padded body-medium\">If\u00f8lge selskapets styrelder, Mirza Sabanovic, gjaldt dette skattefastsettelse knyttet til arbeidsgiveravgift for perioden 2018-2023.<\/p>\n<p class=\"_textTheme_1yhmn_1 _paragraph_16k26_4 _paragraph_3ue4t_27 layout-component layout-normal layout-padded body-medium\">Selskapet hadde registrert kontor i Alta til 2024. Dette er en del av tiltakssonen i Finnmark og Nord-Troms, som har fritak for arbeidsgiveravgift.<\/p>\n<p class=\"_textTheme_1yhmn_1 _paragraph_16k26_4 _paragraph_3ue4t_27 layout-component layout-normal layout-padded body-medium\">Selskapet har innrapportert arbeidsgiveravgift i tr\u00e5d med etablert kontor i Alta. Skatteetaten har argumentert med at selskapets faktiske drift, ledelse eller ansatte ikke hadde tilstrekkelig tilknytning til Alta, if\u00f8lge bostyreren.<\/p>\n<p> Uenig <\/p>\n<p class=\"_textTheme_1yhmn_1 _paragraph_16k26_4 _paragraph_3ue4t_27 layout-component layout-normal layout-padded body-medium\">I en epost til E24 skriver styrelederen at selskapet er uenig i vurderingen og har anket.<\/p>\n<p class=\"_textTheme_1yhmn_1 _paragraph_16k26_4 _paragraph_3ue4t_27 layout-component layout-normal layout-padded body-medium\">Styrelederen peker p\u00e5 at kravet har f\u00e5tt umiddelbar \u00f8konomisk virkning, mens ankesaken p\u00e5g\u00e5r.<\/p>\n<p class=\"_textTheme_1yhmn_1 _paragraph_16k26_4 _paragraph_3ue4t_27 layout-component layout-normal layout-padded body-medium\">\u2013 Gitt kravets st\u00f8rrelse og selskapets samlede gjeldsbyrde, er ikke TTN Trucking AS, som en selvstendig juridisk enhet, i stand til \u00e5 opprettholde driften i sin n\u00e5v\u00e6rende form, skriver han.<\/p>\n<p> \u2013 Tapt penger uavhengig av kravet <\/p>\n<p class=\"_textTheme_1yhmn_1 _paragraph_16k26_4 _paragraph_3ue4t_27 layout-component layout-normal layout-padded body-medium\">Selskapet har i etterkant v\u00e6rt i rekonstruksjon i ni m\u00e5neder. Men kreditorene, med Skatteetaten som den st\u00f8rste, stemte nei til forslaget til rekonstruksjon.<\/p>\n<p class=\"_textTheme_1yhmn_1 _paragraph_16k26_4 _paragraph_3ue4t_27 layout-component layout-normal layout-padded body-medium\">I rekonstruksjonen l\u00e5 det et forslag om at kreditorene skulle f\u00e5 dekning p\u00e5 60 prosent for alle uprioriterte krav. De resterende 40 prosentene ville blitt ettergitt, if\u00f8lge bostyreren. <\/p>\n<p class=\"_textTheme_1yhmn_1 _paragraph_16k26_4 _paragraph_3ue4t_27 layout-component layout-normal layout-padded body-medium\">Selskapet har ogs\u00e5 nedbemannet betydelig. Selskapet hadde over 100 ansatte ved \u00e5pningen av rekonstruksjonen, og n\u00e5 er det 44 igjen, if\u00f8lge bostyreren.<\/p>\n<p class=\"_textTheme_1yhmn_1 _paragraph_16k26_4 _paragraph_3ue4t_27 layout-component layout-normal layout-padded body-medium\">\u2013 De hadde tapt penger, uavhengig av dette kravet ogs\u00e5, sier Koefoed.<\/p>\n<p class=\"_textTheme_1yhmn_1 _paragraph_16k26_4 _paragraph_3ue4t_27 layout-component layout-normal layout-padded body-medium\">Den eneste kundene til TTN Trucking har v\u00e6rt konsernselskap, opplyser bostyreren. <\/p>\n<p class=\"_textTheme_1yhmn_1 _paragraph_16k26_4 _paragraph_3ue4t_27 layout-component layout-normal layout-padded body-medium\">\u2013 Thermo-Transit fortsetter driften. V\u00e5re team fortsetter arbeidet sitt, transporttjenester leveres, og vi er fortsatt fokuserte p\u00e5 \u00e5 oppfylle v\u00e5re forpliktelser overfor kundene. Situasjonen knyttet til TTN Trucking AS endrer ikke kontinuiteten i Thermo-Transits drift eller v\u00e5r evne til \u00e5 betjene kunder, skriver styreleder Mirza Sabanovic.<\/p>\n","protected":false},"excerpt":{"rendered":"Skattekrav p\u00e5 over 75 millioner kroner ble for mye for TTN Trucking AS. TTN Trucking AS er datterselskapet&hellip;\n","protected":false},"author":2,"featured_media":282759,"comment_status":"","ping_status":"","sticky":false,"template":"","format":"standard","meta":{"footnotes":"","_share_on_mastodon":"0"},"categories":[5],"tags":[215,20,21,24,25,15,19,1484,5751,22,23,17,18,13,30,28,29,14,16,1316,26,27],"class_list":["post-282758","post","type-post","status-publish","format-standard","has-post-thumbnail","category-overskrifter","tag-alta","tag-breaking-news","tag-breakingnews","tag-featured-news","tag-featurednews","tag-headlines","tag-hovedoppslag","tag-konkurs","tag-lastebil","tag-latest-news","tag-latestnews","tag-main-news","tag-mainnews","tag-news","tag-no","tag-norge","tag-norway","tag-nyheter","tag-overskrifter","tag-skatteetaten","tag-top-stories","tag-topstories"],"share_on_mastodon":{"url":"","error":""},"_links":{"self":[{"href":"https:\/\/www.europesays.com\/no\/wp-json\/wp\/v2\/posts\/282758","targetHints":{"allow":["GET"]}}],"collection":[{"href":"https:\/\/www.europesays.com\/no\/wp-json\/wp\/v2\/posts"}],"about":[{"href":"https:\/\/www.europesays.com\/no\/wp-json\/wp\/v2\/types\/post"}],"author":[{"embeddable":true,"href":"https:\/\/www.europesays.com\/no\/wp-json\/wp\/v2\/users\/2"}],"replies":[{"embeddable":true,"href":"https:\/\/www.europesays.com\/no\/wp-json\/wp\/v2\/comments?post=282758"}],"version-history":[{"count":0,"href":"https:\/\/www.europesays.com\/no\/wp-json\/wp\/v2\/posts\/282758\/revisions"}],"wp:featuredmedia":[{"embeddable":true,"href":"https:\/\/www.europesays.com\/no\/wp-json\/wp\/v2\/media\/282759"}],"wp:attachment":[{"href":"https:\/\/www.europesays.com\/no\/wp-json\/wp\/v2\/media?parent=282758"}],"wp:term":[{"taxonomy":"category","embeddable":true,"href":"https:\/\/www.europesays.com\/no\/wp-json\/wp\/v2\/categories?post=282758"},{"taxonomy":"post_tag","embeddable":true,"href":"https:\/\/www.europesays.com\/no\/wp-json\/wp\/v2\/tags?post=282758"}],"curies":[{"name":"wp","href":"https:\/\/api.w.org\/{rel}","templated":true}]}}