{"id":282855,"date":"2026-07-01T17:26:29","date_gmt":"2026-07-01T17:26:29","guid":{"rendered":"https:\/\/www.europesays.com\/no\/282855\/"},"modified":"2026-07-01T17:26:29","modified_gmt":"2026-07-01T17:26:29","slug":"vil-ta-grep-han-er-den-beste","status":"publish","type":"post","link":"https:\/\/www.europesays.com\/no\/282855\/","title":{"rendered":"Vil ta grep: &#8211; Han er den beste"},"content":{"rendered":"<p class=\"kicker \" style=\"\">Fotball-VM 2026<\/p>\n<p class=\"subtitle \" style=\"\">Tusenvis av Dagbladets lesere har bestemt seg: Her m\u00e5 Norge ta grep. Ekspertene er uenige med landslagssjefen.<\/p>\n<p>\n    TR\u00d8STENDE H\u00c5ND: B\u00e5de Dagbladets lesere og St\u00e5le Solbakken skal \u00f8nske Fredrik Aursnes p\u00e5 benken fra start. Foto: Bj\u00f8rn Langsem \/ Dagbladet\n  <\/p>\n<p>DALLAS (Dagbladet): Vinn eller forsvinn. Det er statusen f\u00f8r kveldens oppgj\u00f8r mot Elfenbenskysten. Med seier vil Norge f\u00e5 en dr\u00f8mmereprise fra VM i 1998 med Brasil st\u00e5ende p\u00e5 motsatt banehalvdel s\u00f8ndag.<\/p>\n<p>Allerede i morgentimene tirsdag kunne NRK og TV 2 erfare at Marcus Holmgren Pedersen og Patrick Berg blir foretrukket p\u00e5 henholdsvis h\u00f8yreback og venstre indrel\u00f8per.<\/p>\n<p>        COWBOY: Det er noe eget med \u00e5 v\u00e6re norsk i Texas, men noen tar det lenger enn andre. Video: Losen\/S\u00f8r\u00f8 Olsen\/Dagbladet<\/p>\n<p>I begge tilfellene vil det g\u00e5 utover Fredrik Aursnes, som er den eneste som har startet alle Norges kamper, og bekledd begge posisjonene.<\/p>\n<p>Det f\u00e5r Dagbladets eksperter til \u00e5 riste p\u00e5 hodet.<\/p>\n<p class=\"font-weight-bold m-font-weight-bold\" data-lab-font_weight=\"font-weight-bold\">&#8211; Jeg mener fortsatt at Aursnes er det beste alternativet p\u00e5 midtbanen. Han spilte ogs\u00e5 sin beste kamp mot Frankrike, da som back, og virker \u00e5 v\u00e6re p\u00e5 vei til \u00e5 finne rytmen sin ogs\u00e5 p\u00e5 landslaget, sier Erik\u00a0\u00abMyggen\u00bb Mykland.<\/p>\n<p>        <img loading=\"lazy\" decoding=\"async\" itemprop=\"image\" src=\"https:\/\/www.europesays.com\/no\/wp-content\/uploads\/2026\/07\/84836419.webp\" width=\"180\" height=\"180\" alt=\"Erik \u00abMyggen\u00bb Mykland\"\/><\/p>\n<p>                    Erik \u00abMyggen\u00bb Mykland<br \/>\n                        Erik \u00abMyggen\u00bb<br \/>\n                        Mykland<\/p>\n<p>Dagbladets VM-ekspert<\/p>\n<p>Ogs\u00e5 Bernt Hulsker mener hareidsd\u00f8lingen gjorde en god figur mot Frankrike, noe som kan bli savnet fra start tirsdag kveld.<\/p>\n<p>&#8211; N\u00e5r han vandrer innover og er med i kombinasjonsspillet sentralt, s\u00e5 gj\u00f8r det at\u00a0 man f\u00e5r et ekstra oppspillspunkt for de to stopperne, som igjen gj\u00f8r det enklere \u00e5 passere ledd, sier Hulsker i VM-podden.<\/p>\n<p>        <img loading=\"lazy\" decoding=\"async\" itemprop=\"image\" src=\"https:\/\/www.europesays.com\/no\/wp-content\/uploads\/2026\/07\/84836418.webp\" width=\"180\" height=\"180\" alt=\"Bernt Hulsker\"\/><\/p>\n<p>                    Bernt Hulsker<br \/>\n                        Bernt<br \/>\n                        Hulsker<\/p>\n<p>Dagbladets fotballekspert<\/p>\n<p>Begge to presiserer at med Holmgren Pedersen inne, har Norge mer fart p\u00e5 h\u00f8yrebacken. Det kan komme godt med mot stjerneskuddet Yan Diomande, som kanskje er Elfenbenskystens fremste angrepsv\u00e5pen.<\/p>\n<p>Esten O. S\u00e6ther p\u00e5peker imidlertid at han kan f\u00e5 en t\u00f8ff dag p\u00e5 jobben.<\/p>\n<p>&#8211; Han er et naturlig valg med Julian Ryerson ute, men det kan bli t\u00f8ft. Det kunne uansett hvem som helst f\u00e5tt mot Elfenbenskystens kvikke kantspillere.<\/p>\n<p>        <img loading=\"lazy\" decoding=\"async\" itemprop=\"image\" src=\"https:\/\/www.europesays.com\/no\/wp-content\/uploads\/2026\/07\/84836390.webp\" width=\"180\" height=\"180\" alt=\"Esten O. S\u00e6ther\"\/><\/p>\n<p>                    Esten O. S\u00e6ther<br \/>\n                        Esten<br \/>\n                        O. S\u00e6ther<\/p>\n<p>Dagbladets sportskommentator<\/p>\n<p>Dagblad-kommentatorer er uansett klar p\u00e5 at Solbakken gj\u00f8r riktig valg i \u00e5 spille Berg foran Aursnes p\u00e5 midtbanen.<\/p>\n<p class=\"font-weight-bold m-font-weight-bold\" data-lab-font_weight=\"font-weight-bold\">&#8211; Han er den beste i gjenvinningsspillet og har tidligere fungert veldig bra med Martin \u00d8degaard. Han frigj\u00f8r \u00d8degaard enda mer i det offensive spillet, p\u00e5peker han.<\/p>\n<p>Den norske fansen stiller seg bak St\u00e5le Solbakken for b\u00e5de Berg og Holmgren Pedersen. Men: Dagblad-leserne \u00f8nsker ett bytte fra det forventede laget.<\/p>\n<p>        <img loading=\"lazy\" decoding=\"async\" src=\"https:\/\/www.europesays.com\/no\/wp-content\/uploads\/2026\/07\/84836257.webp\" width=\"667\" height=\"814\" alt=\"\" class=\"\" style=\"--aspect-ratio-image: 0.82; \"\/><\/p>\n<p>\n        DAGBLADETS UTVALGTE: Ti av elleve i elleveren samsvarer med den ryktede lagoppstillingen. Foto: Skjermbilde, Dagbladet\n    <\/p>\n<p>Nemlig Leo Skiri \u00d8stig\u00e5rd fra start &#8211; p\u00e5 bekostning av Torbj\u00f8rn Heggem. De to er imidlertid valgt av rundt 50 prosent av leserne, med \u00d8stig\u00e5rd hakket foran.<\/p>\n<p>Etter rapportene vil Heggem og Kristoffer Ajer igjen danne stopperparet, med nevnte Holmgren Pedersen og David M\u00f8ller Wolfe p\u00e5 backene.<\/p>\n<p>I Dagbladets VM-podkast var fotballekspert Hulsker klar p\u00e5 spesielt \u00e9n ting for Norges forsvar.<\/p>\n<p>&#8211;\u00a0\u00a0I det soneforsvaret som vi spiller, s\u00e5 er vi fullstendig avhengig av at vi holder forsvarsfireren samlet, i tillegg til at en av indrel\u00f8perne v\u00e5re kommer ned i sikring. Man m\u00e5 unng\u00e5 \u00e5 komme \u00e9n mot \u00e9n mot Diomande. Har du ikke noen bak deg der, da kommer han dundrende forbi, og da kan alt skje, forklarer Hulsker. <\/p>\n<p>Mens mediene hevder \u00e5 vite laget, har ikke St\u00e5le Solbakken bekreftet sine utvalgte enn\u00e5.<\/p>\n<p>Landslagssjefen har likevel tenkt p\u00e5 byttene han skal gj\u00f8re i kampen, s\u00e5 fremst det ikke skjer uforutsette ting som skader.<\/p>\n<p>&#8211; Den mest sannsynlige rekkef\u00f8lgen p\u00e5 byttene som sannsynligvis er gjort, er ogs\u00e5 klar. Men om det blir det endelige, vet jeg ikke. Du kan heller ikke gi den (planen) til alle spillerne, men en del har f\u00e5tt sin rekkef\u00f8lge i straffekonkurransen, sa Solbakken p\u00e5 en pressekonferanse mandag.<\/p>\n<p>Kampstart i Dallas er klokka 19.00 norsk tid, mens lagoppstillingene blir bekreftet 17.30.<\/p>\n","protected":false},"excerpt":{"rendered":"Fotball-VM 2026 Tusenvis av Dagbladets lesere har bestemt seg: Her m\u00e5 Norge ta grep. Ekspertene er uenige med&hellip;\n","protected":false},"author":2,"featured_media":282856,"comment_status":"","ping_status":"","sticky":false,"template":"","format":"standard","meta":{"footnotes":"","_share_on_mastodon":"0"},"categories":[59],"tags":[2289,92,4762,4428,10691,21550,30,28,29,83,82,1387,11859],"class_list":["post-282855","post","type-post","status-publish","format-standard","has-post-thumbnail","category-sport","tag-bernt-hulsker","tag-fotball","tag-fredrik-aursnes","tag-landslaget","tag-leo-skiri-ostigard","tag-marcus-holmgren-pedersen","tag-no","tag-norge","tag-norway","tag-sport","tag-sports","tag-stale-solbakken","tag-vm2026"],"share_on_mastodon":{"url":"https:\/\/pubeurope.com\/@no\/116845896829267325","error":""},"_links":{"self":[{"href":"https:\/\/www.europesays.com\/no\/wp-json\/wp\/v2\/posts\/282855","targetHints":{"allow":["GET"]}}],"collection":[{"href":"https:\/\/www.europesays.com\/no\/wp-json\/wp\/v2\/posts"}],"about":[{"href":"https:\/\/www.europesays.com\/no\/wp-json\/wp\/v2\/types\/post"}],"author":[{"embeddable":true,"href":"https:\/\/www.europesays.com\/no\/wp-json\/wp\/v2\/users\/2"}],"replies":[{"embeddable":true,"href":"https:\/\/www.europesays.com\/no\/wp-json\/wp\/v2\/comments?post=282855"}],"version-history":[{"count":0,"href":"https:\/\/www.europesays.com\/no\/wp-json\/wp\/v2\/posts\/282855\/revisions"}],"wp:featuredmedia":[{"embeddable":true,"href":"https:\/\/www.europesays.com\/no\/wp-json\/wp\/v2\/media\/282856"}],"wp:attachment":[{"href":"https:\/\/www.europesays.com\/no\/wp-json\/wp\/v2\/media?parent=282855"}],"wp:term":[{"taxonomy":"category","embeddable":true,"href":"https:\/\/www.europesays.com\/no\/wp-json\/wp\/v2\/categories?post=282855"},{"taxonomy":"post_tag","embeddable":true,"href":"https:\/\/www.europesays.com\/no\/wp-json\/wp\/v2\/tags?post=282855"}],"curies":[{"name":"wp","href":"https:\/\/api.w.org\/{rel}","templated":true}]}}