{"id":283021,"date":"2026-07-01T20:07:21","date_gmt":"2026-07-01T20:07:21","guid":{"rendered":"https:\/\/www.europesays.com\/no\/283021\/"},"modified":"2026-07-01T20:07:21","modified_gmt":"2026-07-01T20:07:21","slug":"norge-ma-utnytte-sine-sjeldne-jordarter-bedre-for-a-sikre-fremtiden-mener-ekspert","status":"publish","type":"post","link":"https:\/\/www.europesays.com\/no\/283021\/","title":{"rendered":"Norge m\u00e5 utnytte sine sjeldne jordarter bedre for \u00e5 sikre fremtiden., mener ekspert"},"content":{"rendered":"<p>&#8211; Jeg mener det burde tas mye st\u00f8rre grep\u00a0p\u00e5 \u00f8verste niv\u00e5 i Norge enn det som gj\u00f8res fra statsministeren og regjeringen. I forhold til hva som trengs, s\u00e5 er det for puslete.<\/p>\n<p>Det sier Fylkesgeolog i Telemark, Sven Dahlgren, til Dagbladet.\u00a0<\/p>\n<p>Han mener mineralrike Norge er altfor d\u00e5rlig p\u00e5 \u00e5 forvalte egne mineralressurser, \u00abnasjonens arves\u00f8lv\u00bb, og at den strategiske viktigheten av de store forekomstene i Norge vies for lite oppmerksomhet.\u00a0\u00a0<\/p>\n<p> &#8211; Dette er p\u00e5 agendaen n\u00e5r Kinas Xi Jinping og Donald Trump snakker sammen, og p\u00e5 samme tid sitter kanskje vi med en joker her. Det er det veldig lite oppmerksomhet om, sier Dahlgren til Dagbladet. <\/p>\n<p>    <a itemprop=\"url\" href=\"https:\/\/borsen.dagbladet.no\/nyheter\/fensfeltet-kan-gjore-hele-verdens-bilpark-gronn\/84709617\" rel=\"nofollow noopener\" target=\"_blank\"><\/p>\n<p>        <img loading=\"lazy\" decoding=\"async\" src=\"https:\/\/www.europesays.com\/no\/wp-content\/uploads\/2026\/07\/84808991.webp\" width=\"980\" height=\"441\" alt=\"\" class=\"lazyload\" style=\"--aspect-ratio-image: 2.22; \"\/><\/p>\n<p>        &#8211; Kan gj\u00f8re hele verdens bilpark gr\u00f8nn<\/p>\n<p>    <\/a><\/p>\n<p>Jerngrep\t<\/p>\n<p> Sjeldne jordarter er noe du har eller ikke har, understreker Dahlgren. De trengs for nesten all moderne teknologi, og p\u00e5 f\u00e5 \u00e5r har disse jordartene kr\u00f8pet stadig h\u00f8yere opp p\u00e5 den internasjonale agendaen.\u00a0<\/p>\n<p>Med 60 prosent av all global utvinning og en langt h\u00f8yere andel av prosesseringen, har Kina jerngrep om markedet og kan forstyrre vestlig produksjon av blant annet v\u00e5pen, databrikker og biler.\u00a0<\/p>\n<p>Dette har Kina en rekke ganger vist vilje til \u00e5 utnytte, og sjeldne jordarter er dermed et viktig stridspunkt i handelssamtaler.\u00a0<\/p>\n<p>        <img loading=\"lazy\" decoding=\"async\" src=\"https:\/\/www.europesays.com\/no\/wp-content\/uploads\/2026\/07\/84806758.webp\" width=\"980\" height=\"559\" alt=\"\" class=\"\" style=\"--aspect-ratio-image: 1.75; \"\/><\/p>\n<p>\n        UNDER JORDA: Etter andre verdenskrig fikk USA niob fra Fensfeltet. Tett p\u00e5 samme omr\u00e5de er det ogs\u00e5 h\u00f8y forekomst av sjeldne jordarter. Her vises Dagbladet rundt av REN-ansatte i den gamle gruva. Foto: Lars Eivind Bones \/ Dagbladet\n    <\/p>\n<p>Seinest som svar p\u00e5 Trump-administrasjonens tolltrussel i fjor v\u00e5r, begrenset Kina eksporten av\u00a0sjeldne\u00a0jordarter. Det ble raskt sl\u00e5tt alarm, og etter knappe fem uker hadde Trump g\u00e5tt tilbake p\u00e5 tolltrusselen.\u00a0<\/p>\n<p>Med <a href=\"https:\/\/borsen.dagbladet.no\/nyheter\/fensfeltet-kan-gjore-hele-verdens-bilpark-gronn\/84709617\" rel=\"nofollow noopener\" target=\"_blank\">forekomsten p\u00e5 Fensfeltet kan Norge og Europa bli mindre<\/a> avhengige av Kina.\u00a0<\/p>\n<p>    <a itemprop=\"url\" href=\"https:\/\/borsen.dagbladet.no\/nyheter\/rapport-om-norge-dette-vil-trump-ha\/84788262\" rel=\"nofollow noopener\" target=\"_blank\"><\/p>\n<p>        <img loading=\"lazy\" decoding=\"async\" src=\"https:\/\/www.europesays.com\/no\/wp-content\/uploads\/2026\/07\/84662762.webp\" width=\"980\" height=\"441\" alt=\"\" class=\"lazyload\" style=\"--aspect-ratio-image: 2.22; \"\/><\/p>\n<p>        Rapport om Norge: Dette vil Trump ha<\/p>\n<p>    <\/a><\/p>\n<p>&#8211; For d\u00e5rlige\t<\/p>\n<p>Fylkesgeologen i Telemark har jobbet med Fensfeltet mer eller mindre siden 80-tallet, med ulike form\u00e5l og i ulike typer jobber. Han hadde lenge mistenkt at det her var store forekomster av sjeldne jordarter, noe som ble klinkende klart for ham i 2015, alts\u00e5 for 11 \u00e5r siden.<\/p>\n<p>&#8211;\u00a0 En politisk bevilgning fra Telemark fylkeskommune gjorde at jeg kunne f\u00e5 gjort det som var n\u00f8dvendig for \u00e5 bevise det\u00a0jeg mente var viktig \u00e5 f\u00e5 bevist den gangen, uten at det var snakk om de store summene.\u00a0Da hadde jeg sloss i mange \u00e5r. <\/p>\n<p>        <img loading=\"lazy\" decoding=\"async\" src=\"https:\/\/www.europesays.com\/no\/wp-content\/uploads\/2026\/07\/84806759.webp\" width=\"980\" height=\"559\" alt=\"\" class=\"\" style=\"--aspect-ratio-image: 1.75; \"\/><\/p>\n<p>\n        PR\u00d8VER: Selskapet REN har pr\u00f8veborret p\u00e5 Fensfeltet i flere \u00e5r. I v\u00e5r kunne de sl\u00e5 fast at forekomsten er 80 prosent st\u00f8rre enn f\u00f8rst antatt. Foto: Lars Eivind Bones \/ Dagbladet\n    <\/p>\n<p>Elleve \u00e5r seinere er han alts\u00e5 langt fra forn\u00f8yd med framgangen hos politikerne. Dahlgrens kritikk gjelder mineralressursene i hele Norge, ikke\u00a0bare Fensfeltet.\u00a0<\/p>\n<p>&#8211; Vi er d\u00e5rlig til \u00e5 finne de mineralressursene vi har, og vi er d\u00e5rlige til \u00e5 f\u00f8lge opp politisk og industrielt!<\/p>\n<p>    <a itemprop=\"url\" href=\"https:\/\/www.dagbladet.no\/meninger\/et-industrielt-kjempesprang\/84532873\" rel=\"nofollow noopener\" target=\"_blank\"><\/p>\n<p>        <img loading=\"lazy\" decoding=\"async\" src=\"https:\/\/www.europesays.com\/no\/wp-content\/uploads\/2026\/07\/84533404.webp\" width=\"980\" height=\"441\" alt=\"\" class=\"lazyload\" style=\"--aspect-ratio-image: 2.22; \"\/><\/p>\n<p>        Et industrielt kjempesprang<\/p>\n<p>    <\/a><\/p>\n<p>&#8211; Ingen drahjelp\t<\/p>\n<p>Fylkesgeologen f\u00e5r st\u00f8tte fra milj\u00f8- og industrir\u00e5dgiver B\u00e5rd Bergfald, som kritiserer politikernes retning.\u00a0<\/p>\n<p>&#8211; Norge bruker 270 milliarder p\u00e5 ny oljeproduksjon i \u00e5r, men ingenting p\u00e5 mineraler. Tenkt hva man kunne f\u00e5tt til med bare en br\u00f8kdel av de pengene, sier Bergfald til Dagbladet.\u00a0<\/p>\n<p>Han mener denne prioriteringen gjennomsyrer mange norske mineralprosjekter.\u00a0<\/p>\n<p>        <img loading=\"lazy\" decoding=\"async\" itemprop=\"image\" src=\"https:\/\/www.europesays.com\/no\/wp-content\/uploads\/2026\/07\/84806780.webp\" width=\"180\" height=\"180\" alt=\"B\u00e5rd Bergfald\"\/><\/p>\n<p>                    B\u00e5rd Bergfald<br \/>\n                        B\u00e5rd<br \/>\n                        Bergfald<\/p>\n<p>                    B\u00e5rd Bergfald<br \/>\n                        Milj\u00f8r\u00e5dgiver<\/p>\n<p>&#8211; Hadde alle tillatelsene kommet i morgen, s\u00e5 hadde prosjektene likevel st\u00e5tt nakne, fordi de mangler finansiering. De f\u00e5r ingen drahjelp fra staten.\u00a0<\/p>\n<p>Det st\u00e5r i skarp kontrast til andre land, inkludert USA, understreker Bergfald.\u00a0<\/p>\n<p>&#8211; I land vi kan sammenlikne oss med, som USA, Australia og Japan, s\u00e5 dekker staten typisk halvparten av kostnadene med \u00e5 utvikle ressurser som Fensfeltet i Norge. I Norge dekker Staten via skattesystemet 78 prosent av all ny oljeproduksjon og n\u00e6r ingenting av prosjekter som Fensfeltet.\u00a0Det burde v\u00e6rt motsatt. <\/p>\n<p>    <a itemprop=\"url\" href=\"https:\/\/borsen.dagbladet.no\/nyheter\/kan-knekkes-av-kina\/84672595\" rel=\"nofollow noopener\" target=\"_blank\"><\/p>\n<p>        <img loading=\"lazy\" decoding=\"async\" src=\"https:\/\/www.europesays.com\/no\/wp-content\/uploads\/2026\/07\/84672962.webp\" width=\"980\" height=\"441\" alt=\"\" class=\"lazyload\" style=\"--aspect-ratio-image: 2.22; \"\/><\/p>\n<p>        &#8211; Kan knekkes av Kina<\/p>\n<p>    <\/a><\/p>\n<p>&#8211; Ekstrem treghet\t<\/p>\n<p>Tidlig i juni vedtok Stortinget at det m\u00e5\u00a0vurderes \u00e5 opprette et statlig mineralselskap eller mineralfond. <a href=\"https:\/\/borsen.dagbladet.no\/nyheter\/kan-knekkes-av-kina\/84672595\" rel=\"nofollow noopener\" target=\"_blank\">Alts\u00e5 skal det utredes<\/a>. <\/p>\n<p>Saken er blitt s\u00e6rlig aktuell siden det i v\u00e5r ble klart at Fensfeltet er n\u00e6r dobbelt s\u00e5 stort som f\u00f8rst antatt, og dermed Europas st\u00f8rste forekomst av sjeldne jordarter.<\/p>\n<p>Dahlgren understreker at mineralressursene potensielt kan gi arbeidsplasser for mange.\u00a0<\/p>\n<p>&#8211; Det er kjempeviktig for v\u00e5r egen industri og v\u00e5r egen sikkerhet. Du lager ikke moderne\u00a0forsvarsmateriell\u00a0eller hi-tech til det gr\u00f8nne skiftet uten disse, s\u00e5 mener vi noe med ambisjonene, trenger vi disse sjeldne jordartsmetallene, sier fylkesgeologen.\u00a0\u00a0<\/p>\n<p>&#8211; Norge sitter med muligheten til \u00e5 forsyne Europa med dette. Da mener jeg det er en ekstrem treghet i regjering og p\u00e5 Stortinget, fortsetter han.\u00a0<\/p>\n<p>Det er n\u00e6ringsminister\u00a0Cecilie Myrseth som svarer p\u00e5 kritikken p\u00e5 vegne av regjeringen. Hun sier at tilgang til kritiske mineraler er en viktig prioritering.<\/p>\n<p>&#8211; M\u00e5let er \u00e5 s\u00f8rge for raskere fremdrift i prosjektene og realisere flere prosjekter. Derfor laget vi f\u00f8rst en ny mineralstrategi og vi har endret mineralloven som trer i kraft 1. juli. I den nye loven har vi for eksempel innf\u00f8rt en samordningsplikt for de offentlige akt\u00f8rene som gj\u00f8r at s\u00f8knadsprosessen skal g\u00e5 raskere, sier Myrseth.\u00a0<\/p>\n<p>        <img loading=\"lazy\" decoding=\"async\" src=\"https:\/\/www.europesays.com\/no\/wp-content\/uploads\/2026\/07\/84806936.webp\" width=\"980\" height=\"559\" alt=\"\" class=\"\" style=\"--aspect-ratio-image: 1.75; \"\/><\/p>\n<p>\n        N\u00e6ringsminister Cecilie Myrseth og kommunal- og distriktsminister Bj\u00f8rnar Skj\u00e6ran varslet i april at staten n\u00e5 overtar Flanansvaret for Fensfeltet. Foto: Ole Berg-Rusten \/ NTB\n    <\/p>\n<p>N\u00e6ringsministeren\u00a0sier videre at disse mineralene er viktige for Norge og v\u00e5re allierte.<\/p>\n<p>&#8211; Derfor har vi satt fart p\u00e5 dette arbeidet etter vi kom i regjering, sier Myrseth.\u00a0<\/p>\n<p>&#8211; Fensfeltet er et meget spennende felt og vil gi Europa tilgang til helt n\u00f8dvendig sjeldne jordarter. For \u00e5 sikre fremdriften besluttet regjeringen at vi skulle behandle det som en statlig plan allerede dagen etter kommunen ba om det, avslutter Myrseth.\u00a0<\/p>\n<p>    <a itemprop=\"url\" href=\"https:\/\/borsen.dagbladet.no\/nyheter\/pa-trumps-liste\/84679032\" rel=\"nofollow noopener\" target=\"_blank\"><\/p>\n<p>        <img loading=\"lazy\" decoding=\"async\" src=\"https:\/\/www.europesays.com\/no\/wp-content\/uploads\/2026\/07\/84679107.webp\" width=\"980\" height=\"441\" alt=\"\" class=\"lazyload\" style=\"--aspect-ratio-image: 2.22; \"\/><\/p>\n<p>        P\u00e5 Trumps liste<\/p>\n<p>    <\/a><\/p>\n<p>\u00abDen nye olja\u00bb\t<\/p>\n<p>Flere har lenge gitt uttrykk for at sjeldne jordarter snart vil bli viktigere enn olje og gass. Blant disse er EU-president Ursula von der Leyen.<\/p>\n<p>Den sammenligningen vil Dahlgren v\u00e6re forsiktig med, i alle fall for Norges del.\u00a0<\/p>\n<p>&#8211; Det sier jeg aldri. Etter min mening kan ingenting erstatte oljens betydning for Norge, for den er eksepsjonell for norsk historie.<\/p>\n<p>        <img loading=\"lazy\" decoding=\"async\" src=\"https:\/\/www.europesays.com\/no\/wp-content\/uploads\/2026\/07\/84806765.webp\" width=\"980\" height=\"559\" alt=\"\" class=\"\" style=\"--aspect-ratio-image: 1.75; \"\/><\/p>\n<p>\n        SJELDENT: Fensfeltet inneholder Europas st\u00f8rste forekomst av sjeldne jordarter. Foto: Lars Eivind Bones \/ Dagbladet\n    <\/p>\n<p>Selv tror han ikke mineralindustrien vil ha samme \u00f8konomiske betydning. Da kommer det heller ikke til \u00e5 ha samme \u00f8konomiske konsekvenser for Norge som olja har hatt. Likevel er han ikke i tvil om at \u00e5 f\u00e5 i gang denne industrien i Norge er viktig.\u00a0<\/p>\n<p>&#8211; Har du noe som gj\u00f8r at man kan framstille ting som gj\u00f8r verden gr\u00f8nnere og som gir en mye st\u00f8rre grad av trygghet og sikkerhet i Norge, s\u00e5 synes jeg det er viktig.<\/p>\n<p>At det kan bli et norsk industrieventyr, tror han ogs\u00e5.\u00a0<\/p>\n<p>&#8211; Det kan det bli. Men dette tar fryktelig mye tid og det er store jobber\u00a0industrien m\u00e5 gj\u00f8re. Noe skal ta tid, uansett om vi liker det eller ei.\u00a0For samfunnet skal tenke seg om, og vi m\u00e5 vite hva vi gj\u00f8r. Det krever mange prosesser. Men vi m\u00e5 samtidig ikke drepe alle initiativene og alle muligheter ved \u00e5 bare se problemer. Vi m\u00e5 pr\u00f8ve \u00e5 finne l\u00f8sninger.\u00a0<\/p>\n<p>&#8211; Som en analog: Det hjelper ikke \u00e5 ha verdens st\u00f8rste oljefelt hvis man ikke klarer \u00e5 utvinne det. Det hjelper heller ikke \u00e5 ha store forekomster av sjeldne jordartsmetaller, dersom en ikke klarer \u00e5 f\u00e5 dem ut p\u00e5 industriell skala. Dette er en formidabel industriell oppgave, sier Dahlgren.<\/p>\n","protected":false},"excerpt":{"rendered":"&#8211; Jeg mener det burde tas mye st\u00f8rre grep\u00a0p\u00e5 \u00f8verste niv\u00e5 i Norge enn det som gj\u00f8res fra&hellip;\n","protected":false},"author":2,"featured_media":283022,"comment_status":"","ping_status":"","sticky":false,"template":"","format":"standard","meta":{"footnotes":"","_share_on_mastodon":"0"},"categories":[10],"tags":[20,21,24,25,10726,15,2539,22,23,13,30,28,29,14,16,26,27],"class_list":["post-283021","post","type-post","status-publish","format-standard","has-post-thumbnail","category-norge","tag-breaking-news","tag-breakingnews","tag-featured-news","tag-featurednews","tag-fensfeltet","tag-headlines","tag-innenriks","tag-latest-news","tag-latestnews","tag-news","tag-no","tag-norge","tag-norway","tag-nyheter","tag-overskrifter","tag-top-stories","tag-topstories"],"share_on_mastodon":{"url":"https:\/\/pubeurope.com\/@no\/116846530029044983","error":""},"_links":{"self":[{"href":"https:\/\/www.europesays.com\/no\/wp-json\/wp\/v2\/posts\/283021","targetHints":{"allow":["GET"]}}],"collection":[{"href":"https:\/\/www.europesays.com\/no\/wp-json\/wp\/v2\/posts"}],"about":[{"href":"https:\/\/www.europesays.com\/no\/wp-json\/wp\/v2\/types\/post"}],"author":[{"embeddable":true,"href":"https:\/\/www.europesays.com\/no\/wp-json\/wp\/v2\/users\/2"}],"replies":[{"embeddable":true,"href":"https:\/\/www.europesays.com\/no\/wp-json\/wp\/v2\/comments?post=283021"}],"version-history":[{"count":0,"href":"https:\/\/www.europesays.com\/no\/wp-json\/wp\/v2\/posts\/283021\/revisions"}],"wp:featuredmedia":[{"embeddable":true,"href":"https:\/\/www.europesays.com\/no\/wp-json\/wp\/v2\/media\/283022"}],"wp:attachment":[{"href":"https:\/\/www.europesays.com\/no\/wp-json\/wp\/v2\/media?parent=283021"}],"wp:term":[{"taxonomy":"category","embeddable":true,"href":"https:\/\/www.europesays.com\/no\/wp-json\/wp\/v2\/categories?post=283021"},{"taxonomy":"post_tag","embeddable":true,"href":"https:\/\/www.europesays.com\/no\/wp-json\/wp\/v2\/tags?post=283021"}],"curies":[{"name":"wp","href":"https:\/\/api.w.org\/{rel}","templated":true}]}}