{"id":28354,"date":"2025-09-06T07:11:14","date_gmt":"2025-09-06T07:11:14","guid":{"rendered":"https:\/\/www.europesays.com\/no\/28354\/"},"modified":"2025-09-06T07:11:14","modified_gmt":"2025-09-06T07:11:14","slug":"stenges-ned-venter-50-000","status":"publish","type":"post","link":"https:\/\/www.europesays.com\/no\/28354\/","title":{"rendered":"Stenges ned: Venter 50 000"},"content":{"rendered":"<p class=\"kicker bg-cyan color_mobile_bg-cyan text-black hasTextPadding mobile-hasTextPadding\" style=\"\">Halvmaraton<\/p>\n<p>  I dag er det duket for l\u00f8psfest i tre storbyer. Det betyr stengte gater og endringer for kollektivtrafikken.<\/p>\n<p>\n    FULL FEST: I Trondheim blir det b\u00e5de l\u00f8psfest og storkonsert l\u00f8rdag 6. september. Foto: Gorm Kallestad\/NTB\n  <\/p>\n<p>    Kort fortalt<\/p>\n<p lang=\"nb-NO\">Den norske l\u00f8peb\u00f8lgen fortsetter med tre store l\u00f8p som samler over 30 000 deltakere i Trondheim, Oslo og Drammen.<\/p>\n<p lang=\"nb-NO\">Trondheim Maraton, Jentamila i Oslo, og Drammen halvmaraton f\u00f8rer til stengte gater og endringer i kollektivtrafikken.<\/p>\n<p lang=\"nb-NO\">I Oslo p\u00e5virkes flere busslinjer, mens i Trondheim og Drammen stenges flere gater for \u00e5 gi plass til l\u00f8pene.<\/p>\n<p lang=\"nb-NO\">Arrang\u00f8rene forventer store folkemengder og anbefaler alternative transportmidler for \u00e5 unng\u00e5 forsinkelser.<\/p>\n<p class=\"italic ai-disclaimer\" data-lab-italic=\"italic\">Sammendraget er laget av ChatGPT og godkjent av DinSide.<\/p>\n<p>      Vis mer<br \/>\n      Vis mindre<\/p>\n<p>Den norske l\u00f8peb\u00f8lgen har ikke planer om \u00e5 gi seg med det f\u00f8rste, og i dag l\u00f8rdag 6. september er det tre store l\u00f8p som til sammen samler over 30 000 eliteut\u00f8vere, mosjonister og amat\u00f8rer.<\/p>\n<p>L\u00f8psfest\t<\/p>\n<p>Bare se her:<\/p>\n<p>L\u00f8rdag formiddag g\u00e5r startskuddet for Trondheim maraton, som er en fin oppvarming til \u00c5ge Aleksandersens avskjedskonsert p\u00e5 Lerkendal p\u00e5 kvelden. Arrang\u00f8rene av maratonet kan melde om rekordmange p\u00e5meldte: over 13 000 personer. L\u00f8psstart er klokka 09.00.<\/p>\n<p>        UN\u00d8DVENDIG: Hiver du i deg et par multivitamin i l\u00f8pet av dagen? Med stor sannsynlighet har det liten til ingen effekt p\u00e5 helsen din. Video: Embla Hjort-Larsen \/ Christian Andre Johnston \/ Storyblocks.<\/p>\n<p>Noen timer seinere, er det ventet damekaos n\u00e5r flere tusen kvinner begir seg ut i Oslos gater for \u00e5 l\u00f8pe Jentamila, tidligere KK-mila, som har start og m\u00e5lgang p\u00e5 Bislett stadion.<\/p>\n<p>L\u00f8pet er utsolgt, og over 10 000 damer skal tilbakelegge fem eller ti kilometer. L\u00f8psstart er klokka 14.00.<\/p>\n<p>En kort togtur &#8211; vel, husk at det er buss for tog mellom Asker og Drammen &#8211; lengre s\u00f8r, fyres startpistolen av for Drammen halvmaraton, som er kjent som en av Norges raskeste l\u00f8yper, og 7000 sprekinger har rundt 21,1 raske kilometer foran seg f\u00f8r de krysser m\u00e5lgang ved Marienlyst idrettspark.<\/p>\n<p>Her starter eliteklassen 16.15, mens den offisielle starter g\u00e5r 16.55.<\/p>\n<p>    <a itemprop=\"url\" href=\"https:\/\/www.dagbladet.no\/nyheter\/klar-melding-varsler-damekaos\/83547835\" rel=\"nofollow noopener\" target=\"_blank\"><\/p>\n<p>      <img loading=\"lazy\" decoding=\"async\" src=\"https:\/\/www.europesays.com\/no\/wp-content\/uploads\/2025\/09\/83548052.webp\" width=\"980\" height=\"441\" title=\"Klar melding: Varsler damekaos\" alt=\"\" class=\"lazyload\" style=\"--aspect-ratio-image: 2.22; \"\/><\/p>\n<p>        Klar melding: Varsler damekaos<\/p>\n<p>    <\/a><\/p>\n<p>10 000 damer\t<\/p>\n<p>Under l\u00f8psfesten i de tre byene ventes det store folkemengder og stengte gater, noe som p\u00e5virker fremkommeligheten for privatbilister og kollektivtrafikken.<\/p>\n<p>I Oslo g\u00e5r det mest ut over bussrutene, og Ruter anbefaler reisende \u00e5 bruke T-bane i stedet.<\/p>\n<p>          <img loading=\"lazy\" decoding=\"async\" src=\"https:\/\/www.europesays.com\/no\/wp-content\/uploads\/2025\/09\/83556138.webp\" width=\"686\" height=\"831\" title=\"H\u00d8YT OG LAVT: Tikilometersl\u00f8ypa til Jentemila ser slik ut. Foto: Jentemila.no\" alt=\"\" class=\"\" style=\"--aspect-ratio-image: 0.83; \"\/><\/p>\n<p>\n          H\u00d8YT OG LAVT: Tikilometersl\u00f8ypa til Jentemila ser slik ut. Foto: Jentemila.no\n      <\/p>\n<p>N\u00e5r de 10 000 damene skal l\u00f8pe gjennom hovedstadens gater mellom klokka 13 og 18, f\u00e5r fem busslinjer endrede traseer:<\/p>\n<ul>\n<li>Linje 20 mister stopp blant annet ved Sagene og Torshov.\u00a0<\/li>\n<li>Linje 21 kj\u00f8rer ikke lenger gjennom Sannergata og St. Hanshaugen.\u00a0<\/li>\n<li>Linje 34 f\u00e5r omkj\u00f8ring mellom Storgata og Sagene.\u00a0<\/li>\n<li>Linje 37 mister flere stopp i omr\u00e5det rundt Lovisenberg og St. Hanshaugen.\u00a0<\/li>\n<li>Linje 54 kj\u00f8rer utenom b\u00e5de Alexander Kiellands plass og Sagene.<\/li>\n<\/ul>\n<p>    <a itemprop=\"url\" href=\"https:\/\/dinside.dagbladet.no\/fritid\/bor-finne-seg-andre-steder\/83273432\" rel=\"nofollow noopener\" target=\"_blank\"><\/p>\n<p>      <img loading=\"lazy\" decoding=\"async\" src=\"https:\/\/www.europesays.com\/no\/wp-content\/uploads\/2025\/09\/83273519.webp\" width=\"980\" height=\"441\" title=\"- B\u00f8r finne seg andre steder\" alt=\"\" class=\"lazyload\" style=\"--aspect-ratio-image: 2.22; \"\/><\/p>\n<p>        &#8211; B\u00f8r finne seg andre steder<\/p>\n<p>    <\/a><\/p>\n<p>Her blir det stengt\t<\/p>\n<p>I Trondheim venter arrang\u00f8rene av Trondheim Maraton at 50 000 personer til byen i dag, skriver <a href=\"https:\/\/www.adressa.no\/nyheter\/trondheim\/i\/LMwbv9\/venter-over-50-000-paa-loerdag-disse-gatene-blir-stengt\" style=\"font-size: 18px; font-weight: 400; font-family: &quot;Gotham Narrow&quot;, helvetica, arial, sans-serif;\" rel=\"nofollow noopener\" target=\"_blank\">Adresseavisen<\/a>.<\/p>\n<p>L\u00f8pet, som g\u00e5r i en tras\u00e9 p\u00e5 10,5 kilometer, f\u00f8rer til flere stengte gater i bartebyen, og f\u00f8lgende gatene er stengt mellom klokka 09.00 og 16.30:<\/p>\n<ul>\n<li class=\"lab-bodytext-line\">Bispegata<\/li>\n<li class=\"lab-bodytext-line\">Munkegata mellom Bispegata og Torvet<\/li>\n<li class=\"lab-bodytext-line\">Nedre del av Kj\u00f8pmannsgata<\/li>\n<li class=\"lab-bodytext-line\">Kj\u00f8pmannsgata ved Olavshallen\/Radisson Blu<\/li>\n<li class=\"lab-bodytext-line\">Strandgata og Maskinveien mellom Havet og Kjeldsberg<\/li>\n<\/ul>\n<p>          <img loading=\"lazy\" decoding=\"async\" src=\"https:\/\/www.europesays.com\/no\/wp-content\/uploads\/2025\/09\/83556159.webp\" width=\"686\" height=\"508\" title=\"FOLKEFEST: De som l\u00f8per helmaraton, skal l\u00f8pe denne traseen fire ganger. Foto: Trondheim Maraton\" alt=\"\" class=\"\" style=\"--aspect-ratio-image: 1.35; \"\/><\/p>\n<p>\n          FOLKEFEST: De som l\u00f8per helmaraton, skal l\u00f8pe denne traseen fire ganger. Foto: Trondheim Maraton\n      <\/p>\n<p>AtB, kollektivselskapet i Trondheim, <a href=\"https:\/\/www.atb.no\/driftsmeldinger\/\" rel=\"nofollow noopener\" target=\"_blank\">informerer<\/a> om at holdeplassen Pirbadet blir midlertidig stengt i forbindelse med l\u00f8pet og at bussrute 20 kj\u00f8rer en alternativ tras\u00e9 mellom klokka 09.00 og 15.00.<\/p>\n<p>    <a itemprop=\"url\" href=\"https:\/\/dinside.dagbladet.no\/fritid\/de-storste-synderne\/83205607\" rel=\"nofollow noopener\" target=\"_blank\"><\/p>\n<p>      <img loading=\"lazy\" decoding=\"async\" src=\"https:\/\/www.europesays.com\/no\/wp-content\/uploads\/2025\/09\/83206670.webp\" width=\"980\" height=\"441\" title=\"- De st\u00f8rste synderne\" alt=\"\" class=\"lazyload\" style=\"--aspect-ratio-image: 2.22; \"\/><\/p>\n<p>        &#8211; De st\u00f8rste synderne<\/p>\n<p>    <\/a><\/p>\n<p>Stengte gater og endringer for bussen\t<\/p>\n<p>Ogs\u00e5 i Drammen kan bilistene vente seg stengte gater i dag.<\/p>\n<p>Mellom klokka 16 og 20.00 stenges flere gater p\u00e5 s\u00f8rsiden av elva, skriver <a href=\"https:\/\/www.dt.no\/slik-blir-lopefesten-i-drammen-alt-du-ma-vite-for-halvmaraton\/s\/5-57-2685986\" rel=\"nofollow noopener\" target=\"_blank\">Drammens tidende<\/a>:<\/p>\n<ul>\n<li>Nedre og \u00d8vre Eikervei, fra rundkj\u00f8ringen ved \u00d8vre Sund bru til Stormoen g\u00e5rd, inkludert alle sideveier.<\/li>\n<li>Omr\u00e5det rundt Marienlyst og Drammenshallen.<\/li>\n<li class=\"\">Knoffs gate, Schwartz gate, Colletts gate og C.O. Lunds gate.<\/li>\n<\/ul>\n<p>          <img loading=\"lazy\" decoding=\"async\" src=\"https:\/\/www.europesays.com\/no\/wp-content\/uploads\/2025\/09\/83556142.webp\" width=\"980\" height=\"559\" title=\"HALVMARATON: Slik er l\u00f8ypa for Drammen halvmaraton. Foto: Rundrm.no\" alt=\"\" class=\"\" style=\"--aspect-ratio-image: 1.75; \"\/><\/p>\n<p>\n          HALVMARATON: Slik er l\u00f8ypa for Drammen halvmaraton. Foto: Rundrm.no\n      <\/p>\n<p>Samtidig ber\u00f8res flere bussruter i forbindelse med halvmaratonet:<\/p>\n<ul>\n<li class=\"lab-bodytext-line\">Linje 52 kj\u00f8rer ikke mens veien er stengt<\/li>\n<li class=\"lab-bodytext-line\">Linje 3 til\/fra Fjell f\u00e5r endret rute<\/li>\n<li class=\"lab-bodytext-line\">Busser til\/fra Konnerud, Gulskogen og Austad skog f\u00e5r endret rute.<\/li>\n<\/ul>\n<p>        Skal du l\u00f8pe?<\/p>\n<p class=\"subtitle\">Send oss tips gjerne om hendelser! \ud83c\udfc3\ud83e\udd47<\/p>\n","protected":false},"excerpt":{"rendered":"Halvmaraton I dag er det duket for l\u00f8psfest i tre storbyer. Det betyr stengte gater og endringer for&hellip;\n","protected":false},"author":2,"featured_media":28355,"comment_status":"","ping_status":"","sticky":false,"template":"","format":"standard","meta":{"footnotes":""},"categories":[10],"tags":[20,21,427,24,25,728,15,22,23,727,13,30,28,29,14,636,16,26,27,596],"class_list":{"0":"post-28354","1":"post","2":"type-post","3":"status-publish","4":"format-standard","5":"has-post-thumbnail","7":"category-norge","8":"tag-breaking-news","9":"tag-breakingnews","10":"tag-drammen","11":"tag-featured-news","12":"tag-featurednews","13":"tag-fritid","14":"tag-headlines","15":"tag-latest-news","16":"tag-latestnews","17":"tag-loping","18":"tag-news","19":"tag-no","20":"tag-norge","21":"tag-norway","22":"tag-nyheter","23":"tag-oslo","24":"tag-overskrifter","25":"tag-top-stories","26":"tag-topstories","27":"tag-trondheim"},"share_on_mastodon":{"url":"","error":""},"_links":{"self":[{"href":"https:\/\/www.europesays.com\/no\/wp-json\/wp\/v2\/posts\/28354","targetHints":{"allow":["GET"]}}],"collection":[{"href":"https:\/\/www.europesays.com\/no\/wp-json\/wp\/v2\/posts"}],"about":[{"href":"https:\/\/www.europesays.com\/no\/wp-json\/wp\/v2\/types\/post"}],"author":[{"embeddable":true,"href":"https:\/\/www.europesays.com\/no\/wp-json\/wp\/v2\/users\/2"}],"replies":[{"embeddable":true,"href":"https:\/\/www.europesays.com\/no\/wp-json\/wp\/v2\/comments?post=28354"}],"version-history":[{"count":0,"href":"https:\/\/www.europesays.com\/no\/wp-json\/wp\/v2\/posts\/28354\/revisions"}],"wp:featuredmedia":[{"embeddable":true,"href":"https:\/\/www.europesays.com\/no\/wp-json\/wp\/v2\/media\/28355"}],"wp:attachment":[{"href":"https:\/\/www.europesays.com\/no\/wp-json\/wp\/v2\/media?parent=28354"}],"wp:term":[{"taxonomy":"category","embeddable":true,"href":"https:\/\/www.europesays.com\/no\/wp-json\/wp\/v2\/categories?post=28354"},{"taxonomy":"post_tag","embeddable":true,"href":"https:\/\/www.europesays.com\/no\/wp-json\/wp\/v2\/tags?post=28354"}],"curies":[{"name":"wp","href":"https:\/\/api.w.org\/{rel}","templated":true}]}}