{"id":283564,"date":"2026-07-02T11:39:15","date_gmt":"2026-07-02T11:39:15","guid":{"rendered":"https:\/\/www.europesays.com\/no\/283564\/"},"modified":"2026-07-02T11:39:15","modified_gmt":"2026-07-02T11:39:15","slug":"kultur-asnes-christine-mowinckel-eier-og-driver-pan-hyttene-i-gjesasen-og-gardskafeen-sostuen","status":"publish","type":"post","link":"https:\/\/www.europesays.com\/no\/283564\/","title":{"rendered":"Kultur, \u00c5snes | Christine Mowinckel eier og driver Pan-hyttene i Gjes\u00e5sen og G\u00e5rdskafeen S\u00f8stuen"},"content":{"rendered":"\n<p>\u2013 I en oppjaget verden tror jeg dette er noe riktig \u00e5 satse p\u00e5. Folk trenger noe annet enn skr\u00e5sikkerhet. Da tror jeg dette kan v\u00e6re noe av det som engasjerer og gir folk noe annet \u00e5 tenke p\u00e5.<\/p>\n<p>Det sier eier og driver, Christine Mowinckel, av Pan-hyttene i Gjes\u00e5sen, den nye sommerkafeen S\u00f8stuen og kulturfredagene som starter fredag.<\/p>\n<p>Det blir i alt slike fredagskvelder i fem uker.<\/p>\n<p>Rock og opera<\/p>\n<p>Det er spennende opplegg for kulturfredagene.<\/p>\n<p>Det spenner fra rock, pop og visemusikk til operakveld, litteraturkveld, viser og filmmusikk.<\/p>\n<p>Slik er programmet i S\u00f8stuen i Gjes\u00e5sen i juli:<\/p>\n<p>* Paper Crown fra Hamar innleder f\u00f8rste fredagen. De spiller rock, pop og viser. Dette foreg\u00e5r 3. juli.<\/p>\n<p>* Fredag den 10. juli er det s\u00e5 litteraturkveld. Dit kommer John Fosse-kjenner Anne Larsen for en samtale med Christine Mowinckel om Fosses forfatterskap og b\u00f8ker. Fosse fikk Nobels litteraturpris i 2023.<\/p>\n<p>* Fredag 17. juli kommer Johan Berggren, en norsk countrymusiker fra F\u00e5berg.<\/p>\n<p>* Fredag 24. juli er det Stina Levvels tur i hagen p\u00e5 S\u00f8stuen. Hun er frilans operasanger og har med seg den anerkjente klassiskpianisten Erik Haug St\u00f8mner.<\/p>\n<p>* Fredag 31. juli er siste kulturfredag denne gang. Da spiller Roger Gr\u00e6sberg Band blant annet rock.<\/p>\n<p>\u2013 Vi er spent. G\u00e5r det som vi h\u00e5per kan det bli mer neste sommer, sier Christine Mowinckel til \u00d8stlendingen.<\/p>\n<p>Uansett v\u00e6r<\/p>\n<p>Kulturuka i S\u00f8stuen skal gjennomf\u00f8res uansett v\u00e6r og f\u00f8re.<\/p>\n<p>\u2013 Vi h\u00e5per selvsagt p\u00e5 bra v\u00e6r. For dette er ment \u00e5 bli en utend\u00f8rsting. Blir det regn, kaldt og mye vind har vi muligheter i lokalene vi har i l\u00e5ven. S\u00e5 dette skal absolutt gjennomf\u00f8res, sier Mowinckel.<\/p>\n<p>Hun sier at dette arrangementet, i tillegg til suksessene Pan-hytter og sommerkafeen, vil vise om man er gode nok totalt sett.<\/p>\n<p>\u2013 Vi m\u00e5 utvikle oss og f\u00e5 p\u00e5 plass forskjellige temaer som kulturfredagene, sier hun.<\/p>\n<p><b>\u2013 Hvordan g\u00e5r det Pan-hyttene og turisttrafikken i forhold til de?<\/b><\/p>\n<p>\u2013 Det g\u00e5r bra. Vi markedsf\u00f8rer oss mye i utlandet, og responsen er god. Ekstra artig n\u00e5 er at den engelske avisen Financial Times har k\u00e5ret Pan-hyttene til en av de mest spennende tretopphyttene i verden. Det gir oss ekstra inspirasjon, forteller Ragnhild Mowinckel.<\/p>\n","protected":false},"excerpt":{"rendered":"\u2013 I en oppjaget verden tror jeg dette er noe riktig \u00e5 satse p\u00e5. Folk trenger noe annet&hellip;\n","protected":false},"author":2,"featured_media":283565,"comment_status":"","ping_status":"","sticky":false,"template":"","format":"standard","meta":{"footnotes":"","_share_on_mastodon":"0"},"categories":[58],"tags":[36,575,71,410,30,28,29,14,478,1510,72],"class_list":["post-283564","post","type-post","status-publish","format-standard","has-post-thumbnail","category-underholdning","tag-art","tag-asnes","tag-entertainment","tag-kultur","tag-no","tag-norge","tag-norway","tag-nyheter","tag-solor","tag-story","tag-underholdning"],"share_on_mastodon":{"url":"https:\/\/pubeurope.com\/@no\/116850194192899657","error":""},"_links":{"self":[{"href":"https:\/\/www.europesays.com\/no\/wp-json\/wp\/v2\/posts\/283564","targetHints":{"allow":["GET"]}}],"collection":[{"href":"https:\/\/www.europesays.com\/no\/wp-json\/wp\/v2\/posts"}],"about":[{"href":"https:\/\/www.europesays.com\/no\/wp-json\/wp\/v2\/types\/post"}],"author":[{"embeddable":true,"href":"https:\/\/www.europesays.com\/no\/wp-json\/wp\/v2\/users\/2"}],"replies":[{"embeddable":true,"href":"https:\/\/www.europesays.com\/no\/wp-json\/wp\/v2\/comments?post=283564"}],"version-history":[{"count":0,"href":"https:\/\/www.europesays.com\/no\/wp-json\/wp\/v2\/posts\/283564\/revisions"}],"wp:featuredmedia":[{"embeddable":true,"href":"https:\/\/www.europesays.com\/no\/wp-json\/wp\/v2\/media\/283565"}],"wp:attachment":[{"href":"https:\/\/www.europesays.com\/no\/wp-json\/wp\/v2\/media?parent=283564"}],"wp:term":[{"taxonomy":"category","embeddable":true,"href":"https:\/\/www.europesays.com\/no\/wp-json\/wp\/v2\/categories?post=283564"},{"taxonomy":"post_tag","embeddable":true,"href":"https:\/\/www.europesays.com\/no\/wp-json\/wp\/v2\/tags?post=283564"}],"curies":[{"name":"wp","href":"https:\/\/api.w.org\/{rel}","templated":true}]}}