{"id":283699,"date":"2026-07-02T14:47:13","date_gmt":"2026-07-02T14:47:13","guid":{"rendered":"https:\/\/www.europesays.com\/no\/283699\/"},"modified":"2026-07-02T14:47:13","modified_gmt":"2026-07-02T14:47:13","slug":"wall-street-vingler-etter-jobbtall-e24","status":"publish","type":"post","link":"https:\/\/www.europesays.com\/no\/283699\/","title":{"rendered":"Wall Street vingler etter jobbtall \u2013 E24"},"content":{"rendered":"\n<p class=\"_textTheme_1yhmn_1 _lead_16k26_2 _lead_3ue4t_18 layout-component layout-wide layout-padded _lead_o6m9k_5 body-large _wide_o6m9k_9\">Tesla-aksjen faller etter ferske leveransetall.<\/p>\n<p> <img alt=\"\" class=\"_image_1jxax_84 layout-component layout-wide\" data-fullscreen- data-track-element-type=\"Article image fullscreen\" data-track-name=\"ImageFullscreen\" fetchpriority=\"high\" decoding=\"sync\" loading=\"eager\" height=\"2886\" itemprop=\"image\"  src=\"https:\/\/www.europesays.com\/no\/wp-content\/uploads\/2026\/07\/db26c44c-e168-3b0b-be6c-3542138d6676.jpeg\"  style=\"object-position:0% 0%\" width=\"4329\"\/>  Foto: Richard Drew \/ AP \/ NTBVis mer<\/p>\n<ul aria-hidden=\"true\" class=\"_images_1wc6r_103\">\n<li><a class=\"_link_1wc6r_108\" href=\"https:\/\/e24.no\/forfatter\/mikkel-rildaa-vaagen\" title=\"Mikkel Rild\u00e5 V\u00e5gen\" tabindex=\"-1\" rel=\"nofollow noopener\" target=\"_blank\"><img alt=\"Bilde av Mikkel Rild\u00e5 V\u00e5gen\" class=\"_image_1wc6r_85\" fetchpriority=\"low\" decoding=\"async\" itemprop=\"image\" loading=\"lazy\"  src=\"https:\/\/www.europesays.com\/no\/wp-content\/uploads\/2026\/07\/1783003632_720_a86916b3-fcd9-4674-84c8-bea6842fda74.jpeg\"  width=\"480\"\/><\/a><\/li>\n<\/ul>\n<p class=\"_textTheme_1yhmn_1 _paragraph_16k26_4 _paragraph_3ue4t_27 layout-component layout-normal layout-padded body-medium\">Saken oppdateres gjennom handels\u00f8kten.<\/p>\n<p class=\"_textTheme_1yhmn_1 _paragraph_16k26_4 _paragraph_3ue4t_27 layout-component layout-normal layout-padded body-medium\">Slik g\u00e5r det med de toneangivende indeksene rundt klokken 16.35:<\/p>\n<ul class=\"_list_16k26_3 _list_3ue4t_26 _unordered_16k26_103 _textTheme_1yhmn_1 layout-component layout-normal layout-padded body-medium\">\n<li class=\"_item_16k26_63\">S&amp;P 500 er opp 0,31 prosent<\/li>\n<li class=\"_item_16k26_63\">Nasdaq Composite faller 0,06 prosent<\/li>\n<li class=\"_item_16k26_63\">Dow Jones er opp 0,75 prosent<\/li>\n<\/ul>\n<p> <a class=\"_link_12q07_20\" data-track-id=\"teaser:y5m6rK\" data-track-impression=\"true\" data-track-name=\"Kan koste deg tusenlapper i \u00e5ret: \u2013 Lett \u00e5 glemme\" data-track-element-size=\"small\" data-track-element-type=\"Teaser\" data-track-image-url=\"https:\/\/www.europesays.com\/no\/wp-content\/uploads\/2026\/07\/1783003632_784_e39f039d-fed6-37e7-9c85-125011aa6934.jpeg\" data-track-layout-name=\"image:right\" data-track-position-source=\"related-article\" href=\"https:\/\/e24.no\/boers-og-finans\/i\/y5m6rK\/kan-koste-deg-tusenlapper-i-aaret-lett-aa-glemme\" rel=\"nofollow noopener\" target=\"_blank\"><img decoding=\"async\" alt=\"\" class=\"_image_12q07_77\" height=\"2525\" loading=\"lazy\"  src=\"https:\/\/www.europesays.com\/no\/wp-content\/uploads\/2026\/07\/1783003632_784_e39f039d-fed6-37e7-9c85-125011aa6934.jpeg\"  width=\"3788\"\/><\/p>\n<p class=\"label-small _kicker_12q07_98\">Les ogs\u00e5<\/p>\n<p>Kan koste deg tusenlapper i \u00e5ret: \u2013 Lett \u00e5 glemme<\/a> <\/p>\n<p class=\"_textTheme_1yhmn_1 _paragraph_16k26_4 _paragraph_3ue4t_27 layout-component layout-normal layout-padded body-medium\">Amerikansk \u00f8konomi skapte langt f\u00e6rre nye jobber enn ventet i juni. Tallene viste en vekst p\u00e5 kun 57.000 stillinger, mens \u00f8konomer spurt av Bloomberg hadde sp\u00e5dd rundt 113.000 nye jobber.<\/p>\n<p class=\"_textTheme_1yhmn_1 _paragraph_16k26_4 _paragraph_3ue4t_27 layout-component layout-normal layout-padded body-medium\">Samtidig falt arbeidsledigheten fra 4,3 til 4,2 prosent, mot forventet uendret niv\u00e5.<\/p>\n<p class=\"_textTheme_1yhmn_1 _paragraph_16k26_4 _paragraph_3ue4t_27 layout-component layout-normal layout-padded body-medium\">Den svake jobbveksten f\u00e5r amerikanske aksjer til \u00e5 stige torsdag.<\/p>\n<p class=\"_textTheme_1yhmn_1 _paragraph_16k26_4 _paragraph_3ue4t_27 layout-component layout-normal layout-padded body-medium\">Til tross for den svake jobbveksten, er det bred oppgang blant amerikanske aksjer.<\/p>\n<p class=\"_textTheme_1yhmn_1 _paragraph_16k26_4 _paragraph_3ue4t_27 layout-component layout-normal layout-padded body-medium\">N\u00e5r jobbtallene ble offentliggjort falt renten p\u00e5 amerikanske statsobligasjoner. Samtidig priset markedet inn en noe lavere sannsynlighet for renteheving p\u00e5 de to neste rentem\u00f8tene i Federal Reserve, if\u00f8lge Bloomberg.<\/p>\n<p class=\"_textTheme_1yhmn_1 _paragraph_16k26_4 _paragraph_3ue4t_27 layout-component layout-normal layout-padded body-medium\">\u2013 S\u00e5 alt i alt svakere enn ventet, og det reduserer helt klart sannsynligheten for noen umiddelbar heving fra Fed. Hadde vi heller f\u00e5tt overraskende sterke tall i dag, kunne vi fort ha snakket om en god mulighet for en juli-heving, men disse tallene n\u00e5 forteller heller at Fed vil forholde seg i ro, sier Marius Gonsholt Hov sjef\u00f8konom i handelsbanken til <a href=\"https:\/\/e24.no\/internasjonal-oekonomi\/i\/k0mk2Q\/usa-57-000-nye-jobber-utenfor-landbruket-i-juni-lavere-enn-ventet\" class=\"_link_16k26_32\" rel=\"nofollow noopener\" target=\"_blank\">E24<\/a>.<\/p>\n<p> <a class=\"_link_12q07_20\" data-track-id=\"teaser:wrnGz5\" data-track-impression=\"true\" data-track-name=\"Kj\u00f8pe eller selge i h\u00f8st?: \u2013 Ikke la deg rive med\" data-track-element-size=\"small\" data-track-element-type=\"Teaser\" data-track-image-url=\"https:\/\/www.europesays.com\/no\/wp-content\/uploads\/2026\/07\/1783003633_590_c868f948-b916-3738-a6fd-9fe409a6e3f1.jpeg\" data-track-layout-name=\"image:right\" data-track-position-source=\"related-article\" href=\"https:\/\/e24.no\/norsk-oekonomi\/i\/wrnGz5\/kjoepe-eller-selge-i-hoest-ikke-la-deg-rive-med\" rel=\"nofollow noopener\" target=\"_blank\"><img decoding=\"async\" alt=\"\" class=\"_image_12q07_77\" height=\"5461\" loading=\"lazy\"  src=\"https:\/\/www.europesays.com\/no\/wp-content\/uploads\/2026\/07\/1783003633_590_c868f948-b916-3738-a6fd-9fe409a6e3f1.jpeg\"  width=\"8192\"\/><\/p>\n<p class=\"label-small _kicker_12q07_98\">Les ogs\u00e5<\/p>\n<p>Kj\u00f8pe eller selge i h\u00f8st?: \u2013 Ikke la deg rive med<\/a> Tesla slo forventningene p\u00e5 leveranser <\/p>\n<p class=\"_textTheme_1yhmn_1 _paragraph_16k26_4 _paragraph_3ue4t_27 layout-component layout-normal layout-padded body-medium\">Elon Musks elbilselskap, Tesla leverte 480 tusen biler i andre kvartal. Det er rundt 25 prosent over forh\u00e5ndsestimatene Bloomberg har samlet inn p\u00e5 380 tusen.<\/p>\n<p class=\"_textTheme_1yhmn_1 _paragraph_16k26_4 _paragraph_3ue4t_27 layout-component layout-normal layout-padded body-medium\">St\u00f8rst vekst var det p\u00e5 selskapets mest popul\u00e6re modeller Model 3 og Model Y som sto for 467 tusen leveranser alene.<\/p>\n<p class=\"_textTheme_1yhmn_1 _paragraph_16k26_4 _paragraph_3ue4t_27 layout-component layout-normal layout-padded body-medium\"><strong class=\"_strong_16k26_20\">Tesla-aksjen er ned 6,11 prosent.<\/strong><\/p>\n<p class=\"_textTheme_1yhmn_1 _paragraph_16k26_4 _paragraph_3ue4t_27 layout-component layout-normal layout-padded body-medium\">Tesla legger fram det fullstendige regnskapet for andre kvartal onsdag 22. juli.<\/p>\n<p class=\"_textTheme_1yhmn_1 _paragraph_16k26_4 _paragraph_3ue4t_27 layout-component layout-normal layout-padded body-medium\">Aksjen til elbilgiganten er ned mer enn 8 prosent siden nytt\u00e5r, til sammenligning er Nasdaq-indeksen opp over 12 prosent.<\/p>\n","protected":false},"excerpt":{"rendered":"Tesla-aksjen faller etter ferske leveransetall. Foto: Richard Drew \/ AP \/ NTBVis mer Saken oppdateres gjennom handels\u00f8kten. Slik&hellip;\n","protected":false},"author":2,"featured_media":283700,"comment_status":"","ping_status":"","sticky":false,"template":"","format":"standard","meta":{"footnotes":"","_share_on_mastodon":"0"},"categories":[56],"tags":[60,17873,61,15706,62,30,28,29,17713,17740],"class_list":["post-283699","post","type-post","status-publish","format-standard","has-post-thumbnail","category-naeringsliv","tag-business","tag-dow-jones","tag-economy","tag-nasdaq","tag-naeringsliv","tag-no","tag-norge","tag-norway","tag-sp-500","tag-sla-av-ticker-pa-front"],"share_on_mastodon":{"url":"https:\/\/pubeurope.com\/@no\/116850934050380977","error":""},"_links":{"self":[{"href":"https:\/\/www.europesays.com\/no\/wp-json\/wp\/v2\/posts\/283699","targetHints":{"allow":["GET"]}}],"collection":[{"href":"https:\/\/www.europesays.com\/no\/wp-json\/wp\/v2\/posts"}],"about":[{"href":"https:\/\/www.europesays.com\/no\/wp-json\/wp\/v2\/types\/post"}],"author":[{"embeddable":true,"href":"https:\/\/www.europesays.com\/no\/wp-json\/wp\/v2\/users\/2"}],"replies":[{"embeddable":true,"href":"https:\/\/www.europesays.com\/no\/wp-json\/wp\/v2\/comments?post=283699"}],"version-history":[{"count":0,"href":"https:\/\/www.europesays.com\/no\/wp-json\/wp\/v2\/posts\/283699\/revisions"}],"wp:featuredmedia":[{"embeddable":true,"href":"https:\/\/www.europesays.com\/no\/wp-json\/wp\/v2\/media\/283700"}],"wp:attachment":[{"href":"https:\/\/www.europesays.com\/no\/wp-json\/wp\/v2\/media?parent=283699"}],"wp:term":[{"taxonomy":"category","embeddable":true,"href":"https:\/\/www.europesays.com\/no\/wp-json\/wp\/v2\/categories?post=283699"},{"taxonomy":"post_tag","embeddable":true,"href":"https:\/\/www.europesays.com\/no\/wp-json\/wp\/v2\/tags?post=283699"}],"curies":[{"name":"wp","href":"https:\/\/api.w.org\/{rel}","templated":true}]}}