{"id":283785,"date":"2026-07-02T16:36:13","date_gmt":"2026-07-02T16:36:13","guid":{"rendered":"https:\/\/www.europesays.com\/no\/283785\/"},"modified":"2026-07-02T16:36:13","modified_gmt":"2026-07-02T16:36:13","slug":"nodhjelpsutstyr-pa-174-millioner-kroner-gikk-tapt-i-kyiv","status":"publish","type":"post","link":"https:\/\/www.europesays.com\/no\/283785\/","title":{"rendered":"N\u00f8dhjelpsutstyr p\u00e5 17,4 millioner kroner gikk tapt i Kyiv"},"content":{"rendered":"\n<p class=\"_lead_145nj_2 _lead_6fko5_53 layout-component text-serif-m layout-normal text-serif-l layout-component layout-wide layout-padded _wide_17hqh_1 layout-padded\">N\u00f8dhjelpsutstyr for 17,4 millioner kroner gikk tapt da hovedlageret til Ukrainas R\u00f8de Kors i Kyiv ble truffet i de russiske angrepene natt til torsdag.<\/p>\n<ul aria-hidden=\"true\" class=\"_images_ntbth_112\">\n<li><a class=\"_link_ntbth_117\" href=\"https:\/\/www.vg.no\/forfatter\/ntb\" style=\"z-index:1\" title=\"NTB\" rel=\"nofollow noopener\" target=\"_blank\"><img alt=\"Bilde av NTB\" class=\"_image_ntbth_93\" fetchpriority=\"low\" loading=\"lazy\" decoding=\"async\" itemprop=\"image\"  src=\"https:\/\/www.europesays.com\/no\/wp-content\/uploads\/2026\/07\/1783010173_220_c33980b0-5d07-4027-84a1-813f90a7c8d6.jpeg\"  width=\"480\"\/><\/a><\/li>\n<\/ul>\n<p> Oppdatert torsdag 2. juli kl. 17:51     <\/p>\n<p class=\"_paragraph_145nj_4 _paragraph_6fko5_10 layout-component text-serif-m layout-normal text-serif-m layout-padded\">\u2013 Ukrainas <a href=\"https:\/\/www.vg.no\/tag\/roede-kors?utm_source=vg-article&amp;utm_medium=auto-tagger&amp;utm_campaign=6qlbae\" class=\"_link_145nj_39\" rel=\"nofollow noopener\" target=\"_blank\">R\u00f8de Kors<\/a> sitt n\u00f8dhjelpslager har blitt fullstendig \u00f8delagt som f\u00f8lge av det store angrepet p\u00e5 Kyiv, skriver organisasjonen p\u00e5 Facebook.<\/p>\n<p class=\"_paragraph_145nj_4 _paragraph_6fko5_10 layout-component text-serif-m layout-normal text-serif-m layout-padded\">\u2013 Til sammen 320.000 enheter med humanit\u00e6re n\u00f8dhjelpsartikler og utstyr, med en ansl\u00e5tt verdi p\u00e5 over 79 millioner ukrainske hryvnja har g\u00e5tt tapt, skriver organisasjonen videre og legger til at angrepet p\u00e5virker hjelpearbeidet og humanit\u00e6re operasjoner over hele Ukraina.<\/p>\n<p class=\"_paragraph_145nj_4 _paragraph_6fko5_10 layout-component text-serif-m layout-normal text-serif-m layout-padded\">Minst 21 mennesker ble drept i de russiske angrepene p\u00e5 Kyiv natt til torsdag, if\u00f8lge avisen\u00a0<a href=\"https:\/\/kyivindependent.com\/explosions-rock-kyiv-as-ukraine-braces-for-russias-next-bombardment\/\" class=\"_link_145nj_39\" rel=\"nofollow noopener\" target=\"_blank\">Kyiv Independent<\/a>. I tillegg ble om lag 90 mennesker s\u00e5ret. Angrepet omtales som det st\u00f8rste mot den ukrainske hovedstaden hittil i krigen..<\/p>\n","protected":false},"excerpt":{"rendered":"N\u00f8dhjelpsutstyr for 17,4 millioner kroner gikk tapt da hovedlageret til Ukrainas R\u00f8de Kors i Kyiv ble truffet i&hellip;\n","protected":false},"author":2,"featured_media":283786,"comment_status":"","ping_status":"","sticky":false,"template":"","format":"standard","meta":{"footnotes":"","_share_on_mastodon":"0"},"categories":[12],"tags":[20,21,24,25,15,179,3137,22,23,13,30,28,29,14,16,214,26,27,42,43,44,45],"class_list":["post-283785","post","type-post","status-publish","format-standard","has-post-thumbnail","category-verden","tag-breaking-news","tag-breakingnews","tag-featured-news","tag-featurednews","tag-headlines","tag-krigen-i-ukraina","tag-kyiv","tag-latest-news","tag-latestnews","tag-news","tag-no","tag-norge","tag-norway","tag-nyheter","tag-overskrifter","tag-rode-kors","tag-top-stories","tag-topstories","tag-verden","tag-world","tag-world-news","tag-worldnews"],"share_on_mastodon":{"url":"https:\/\/pubeurope.com\/@no\/116851362612618856","error":""},"_links":{"self":[{"href":"https:\/\/www.europesays.com\/no\/wp-json\/wp\/v2\/posts\/283785","targetHints":{"allow":["GET"]}}],"collection":[{"href":"https:\/\/www.europesays.com\/no\/wp-json\/wp\/v2\/posts"}],"about":[{"href":"https:\/\/www.europesays.com\/no\/wp-json\/wp\/v2\/types\/post"}],"author":[{"embeddable":true,"href":"https:\/\/www.europesays.com\/no\/wp-json\/wp\/v2\/users\/2"}],"replies":[{"embeddable":true,"href":"https:\/\/www.europesays.com\/no\/wp-json\/wp\/v2\/comments?post=283785"}],"version-history":[{"count":0,"href":"https:\/\/www.europesays.com\/no\/wp-json\/wp\/v2\/posts\/283785\/revisions"}],"wp:featuredmedia":[{"embeddable":true,"href":"https:\/\/www.europesays.com\/no\/wp-json\/wp\/v2\/media\/283786"}],"wp:attachment":[{"href":"https:\/\/www.europesays.com\/no\/wp-json\/wp\/v2\/media?parent=283785"}],"wp:term":[{"taxonomy":"category","embeddable":true,"href":"https:\/\/www.europesays.com\/no\/wp-json\/wp\/v2\/categories?post=283785"},{"taxonomy":"post_tag","embeddable":true,"href":"https:\/\/www.europesays.com\/no\/wp-json\/wp\/v2\/tags?post=283785"}],"curies":[{"name":"wp","href":"https:\/\/api.w.org\/{rel}","templated":true}]}}