{"id":28379,"date":"2025-09-06T07:39:08","date_gmt":"2025-09-06T07:39:08","guid":{"rendered":"https:\/\/www.europesays.com\/no\/28379\/"},"modified":"2025-09-06T07:39:08","modified_gmt":"2025-09-06T07:39:08","slug":"19-millioner-velgere-har-forhandsstemt-i-arets-valg","status":"publish","type":"post","link":"https:\/\/www.europesays.com\/no\/28379\/","title":{"rendered":"1,9 millioner velgere har forh\u00e5ndsstemt i \u00e5rets valg"},"content":{"rendered":"\n<p class=\"_lead_ew2ao_2 _lead_xtcu6_50 layout-component text-serif-m layout-normal text-serif-l layout-component layout-wide layout-padded _wide_17hqh_1 layout-padded\">1,9 millioner nordmenn har avgitt forh\u00e5ndsstemmer i forkant av \u00e5rets stortingsvalg. Aller flest stemmer kom inn p\u00e5 siste dagen for forh\u00e5ndsstemning.<\/p>\n<p><img alt=\" Foto: Heiko Junge \/ NTB\" class=\"_image_qp4xg_65 layout-component layout-wide\" data-fullscreen- data-track-element-type=\"Article image fullscreen\" data-track-name=\"ImageFullscreen\" fetchpriority=\"high\" decoding=\"sync\" loading=\"eager\" height=\"5760\" itemprop=\"image\"  src=\"https:\/\/www.europesays.com\/no\/wp-content\/uploads\/2025\/09\/8b7fe0d9-17e6-418a-bc91-d1f1e86fa744\"  style=\"object-position:0% 0%\" width=\"8640\"\/> Foto: Heiko Junge \/ NTB<\/p>\n<ul aria-hidden=\"true\" class=\"_images_1y6fe_106\">\n<li><a class=\"_link_1y6fe_111\" href=\"https:\/\/www.vg.no\/forfatter\/ntb\" style=\"z-index:1\" title=\"NTB\" rel=\"nofollow noopener\" target=\"_blank\"><img alt=\"Bilde av NTB\" class=\"_image_1y6fe_88\" fetchpriority=\"low\" loading=\"lazy\" decoding=\"async\" itemprop=\"image\"  src=\"https:\/\/www.europesays.com\/no\/wp-content\/uploads\/2025\/09\/1757144348_747_c33980b0-5d07-4027-84a1-813f90a7c8d6\"  width=\"480\"\/><\/a><\/li>\n<\/ul>\n<p> Oppdatert l\u00f8rdag 6. september kl. 09:29     <\/p>\n<p class=\"_paragraph_ew2ao_4 _paragraph_xtcu6_10 layout-component text-serif-m layout-normal text-serif-m layout-padded\">Totalt har det kommet inn 1.912.194 forh\u00e5ndsstemmer, noe som tilsvarer 47,1 prosent av stemmeberettigede, if\u00f8lge tall fra\u00a0<a href=\"https:\/\/www.valg.no\/om-valg\/valgdata\/data\/forhandstemmegiving\/mottatte-forhandsstemmer-2025\/\" class=\"_link_ew2ao_39\" rel=\"nofollow noopener\" target=\"_blank\">Valgdirektoratet<\/a>. Legger man valgdeltakelsen fra 2021 (77 prosent) til grunn, har over 61 prosent av velgerne allerede stemt.<\/p>\n<p class=\"_paragraph_ew2ao_4 _paragraph_xtcu6_10 layout-component text-serif-m layout-normal text-serif-m layout-padded\">Fredag 5. september, som var siste dag for \u00e5 forh\u00e5ndsstemme, ble det avgitt hele 201.000 stemmer. Dette var dagen der flest forh\u00e5ndsstemmer kom inn.<\/p>\n<p class=\"_paragraph_ew2ao_4 _paragraph_xtcu6_10 layout-component text-serif-m layout-normal text-serif-m layout-padded\">Selve valgdagen er mandag 8. september, men da er det bare mulig \u00e5 stemme i kommunen man er folkeregistrert i. Forh\u00e5ndsstemmer kan imidlertid avlegges hvor som helst i landet.<\/p>\n<p>Flest har stemt i Oslo<\/p>\n<p class=\"_paragraph_ew2ao_4 _paragraph_xtcu6_10 layout-component text-serif-m layout-normal text-serif-m layout-padded\">Av de 1,9 millioner forh\u00e5ndsstemmene, ble 320.000 av dem avgitt i Oslo, viser tall fra\u00a0<a href=\"https:\/\/www.oslo.kommune.no\/politikk\/valg\/valgresultater-og-statistikk\/valgresultater-2025\/\" class=\"_link_ew2ao_39\" rel=\"nofollow noopener\" target=\"_blank\">kommunen<\/a>. Av disse kom rundt 275.000 fra osloborgere, mens rundt 45.000 kom fra personer folkeregistrert i en annen kommune.<\/p>\n<p class=\"_paragraph_ew2ao_4 _paragraph_xtcu6_10 layout-component text-serif-m layout-normal text-serif-m layout-padded\">Oslo, der 53,2 prosent av de med stemmerett har gjort sin borgerplikt, er en av to valgdistrikt der over halvparten av stemmeberettigede har stemt p\u00e5 forh\u00e5nd. Den andre er Hordaland, der 51,9 prosent allerede har stemt.<\/p>\n<p class=\"_paragraph_ew2ao_4 _paragraph_xtcu6_10 layout-component text-serif-m layout-normal text-serif-m layout-padded\">Samtidig er Telemark den kommunen med lavest andel forh\u00e5ndsstemmer. Bare 37,9 prosent av de dr\u00f8yt 134.000 stemmeberettigede, avla sine stemmer f\u00f8r valgdagen mandag 8. september.<\/p>\n<p>Ny rekord<\/p>\n<p class=\"_paragraph_ew2ao_4 _paragraph_xtcu6_10 layout-component text-serif-m layout-normal text-serif-m layout-padded\">Allerede torsdag ble det kjent at det var kommet inn nok stemmer til at rekorden p\u00e5 1,648 millioner forh\u00e5ndsstemmer fra 2021 var sl\u00e5tt.<\/p>\n<p class=\"_paragraph_ew2ao_4 _paragraph_xtcu6_10 layout-component text-serif-m layout-normal text-serif-m layout-padded\">Andelen som forh\u00e5ndsstemmer, har steget gradvis i flere ti\u00e5r, og den skj\u00f8t i v\u00e6ret i 2021. Pandemien ble pekt p\u00e5 som \u00e5rsak til at hele 45 prosent av de stemmeberettigede stemte p\u00e5 forh\u00e5nd i 2021, en \u00f8kning fra 29 prosent i 2017.<\/p>\n<p class=\"_paragraph_ew2ao_4 _paragraph_xtcu6_10 layout-component text-serif-m layout-normal text-serif-m layout-padded\">Samtidig var andelen i kommune- og fylkestingsvalget i 2023 ogs\u00e5 langt h\u00f8yere enn ved tidligere valg, selv om pandemien da var over.<\/p>\n","protected":false},"excerpt":{"rendered":"1,9 millioner nordmenn har avgitt forh\u00e5ndsstemmer i forkant av \u00e5rets stortingsvalg. Aller flest stemmer kom inn p\u00e5 siste&hellip;\n","protected":false},"author":2,"featured_media":28380,"comment_status":"","ping_status":"","sticky":false,"template":"","format":"standard","meta":{"footnotes":""},"categories":[10],"tags":[20,21,24,25,814,15,22,23,13,30,28,29,14,16,199,26,27],"class_list":{"0":"post-28379","1":"post","2":"type-post","3":"status-publish","4":"format-standard","5":"has-post-thumbnail","7":"category-norge","8":"tag-breaking-news","9":"tag-breakingnews","10":"tag-featured-news","11":"tag-featurednews","12":"tag-forhandsstemme","13":"tag-headlines","14":"tag-latest-news","15":"tag-latestnews","16":"tag-news","17":"tag-no","18":"tag-norge","19":"tag-norway","20":"tag-nyheter","21":"tag-overskrifter","22":"tag-stortingsvalg","23":"tag-top-stories","24":"tag-topstories"},"share_on_mastodon":{"url":"","error":""},"_links":{"self":[{"href":"https:\/\/www.europesays.com\/no\/wp-json\/wp\/v2\/posts\/28379","targetHints":{"allow":["GET"]}}],"collection":[{"href":"https:\/\/www.europesays.com\/no\/wp-json\/wp\/v2\/posts"}],"about":[{"href":"https:\/\/www.europesays.com\/no\/wp-json\/wp\/v2\/types\/post"}],"author":[{"embeddable":true,"href":"https:\/\/www.europesays.com\/no\/wp-json\/wp\/v2\/users\/2"}],"replies":[{"embeddable":true,"href":"https:\/\/www.europesays.com\/no\/wp-json\/wp\/v2\/comments?post=28379"}],"version-history":[{"count":0,"href":"https:\/\/www.europesays.com\/no\/wp-json\/wp\/v2\/posts\/28379\/revisions"}],"wp:featuredmedia":[{"embeddable":true,"href":"https:\/\/www.europesays.com\/no\/wp-json\/wp\/v2\/media\/28380"}],"wp:attachment":[{"href":"https:\/\/www.europesays.com\/no\/wp-json\/wp\/v2\/media?parent=28379"}],"wp:term":[{"taxonomy":"category","embeddable":true,"href":"https:\/\/www.europesays.com\/no\/wp-json\/wp\/v2\/categories?post=28379"},{"taxonomy":"post_tag","embeddable":true,"href":"https:\/\/www.europesays.com\/no\/wp-json\/wp\/v2\/tags?post=28379"}],"curies":[{"name":"wp","href":"https:\/\/api.w.org\/{rel}","templated":true}]}}