{"id":283833,"date":"2026-07-02T17:30:18","date_gmt":"2026-07-02T17:30:18","guid":{"rendered":"https:\/\/www.europesays.com\/no\/283833\/"},"modified":"2026-07-02T17:30:18","modified_gmt":"2026-07-02T17:30:18","slug":"tine-bekrefter-stor-endring-for-norvegia","status":"publish","type":"post","link":"https:\/\/www.europesays.com\/no\/283833\/","title":{"rendered":"Tine bekrefter stor endring for Norvegia"},"content":{"rendered":"<p class=\"kicker bg-cyan color_mobile_bg-cyan text-black hasTextPadding mobile-hasTextPadding hasTextColor\" style=\"\">Fritid<\/p>\n<p class=\"subtitle t30\" style=\"\">Tine gj\u00f8r grep med en av sine storselgere, som vekker oppsikt. Professor advarer mot feil mange gj\u00f8r med osten etterp\u00e5.<\/p>\n<p>\n    HYLLEVARE: Tine Norvegia har v\u00e6rt p\u00e5 markedet i mange \u00e5r. N\u00e5 er det gjort grep med produktet som gir store ringvirkninger. Foto: Lars O Gulbrandsen\n  <\/p>\n<p>    Kort fortalt<\/p>\n<p lang=\"nb-NO\">Tine har introdusert ny, milj\u00f8vennlig emballasje for Norvegia-osten som kan resirkuleres, og sparer 50 tonn plast \u00e5rlig. Synn\u00f8ve Finden har ogs\u00e5 implementert milj\u00f8vennlige tiltak i sin emballasje.<\/p>\n<p lang=\"nb-NO\">Professor Siv Borghild Skeie p\u00e5peker feil flere gj\u00f8r etter at de har \u00e5pnet gulosten og har den i kj\u00f8leskapet.<\/p>\n<p class=\"italic ai-disclaimer\" data-lab-italic=\"italic\">Sammendraget er laget av ChatGPT og godkjent av DinSide.<\/p>\n<p>      Vis mer<br \/>\n      Vis mindre<\/p>\n<p>Et norsk mateventyr ble startet for n\u00f8yaktig 70 \u00e5r siden, da osten med navn Norvegia for f\u00f8rste gang dukket opp i butikkene. De firkantede stykkene har underveis f\u00e5tt endret design en rekke ganger, men for ett \u00e5r siden startet Tine med et til n\u00e5 hemmeligholdt prosjekt &#8211; nemlig \u00e5 teste ut en helt ny type innpakning.\u00a0<\/p>\n<p>        TANNEMALJE: \u00c5 drikke energidrikker kan faktisk gi konsekvenser som kan gi deg plager resten av livet .. Video: Embla Hjort-Larsen \/ Storyblocks<\/p>\n<p>Ny emballasje har gitt store positive konsekvenser for milj\u00f8et:<\/p>\n<p>&#8211; Gjennom hele holdbarhetsperioden p\u00e5 fire m\u00e5neder har osten blitt<br \/>\nvurdert for lukt, smak og konsistens. Testene viser at kvaliteten er like god<br \/>\nsom for ost pakket i ordin\u00e6r emballasje, bekrefter Morten Aas overfor DinSide.<\/p>\n<p>        <img loading=\"lazy\" decoding=\"async\" src=\"https:\/\/www.europesays.com\/no\/wp-content\/uploads\/2026\/07\/84848915.webp\" width=\"667\" height=\"534\" alt=\"\" class=\"\" style=\"--aspect-ratio-image: 1.25; \"\/><\/p>\n<p>\n        M\u00c5NEDER MED TESTING: Fagsjef Morten Aas under utpr\u00f8vingen p\u00e5 TINEs ostepakkeri p\u00e5 Klepp. Foto: Privat\n    <\/p>\n<p>Aas er fagsjef Emballasje i Tine og bekrefter at endringen har tr\u00e5dt i kraft, og at Norvegian Original i fem ulike varianter n\u00e5 blir pakket med ny emballasje.\u00a0<\/p>\n<p>    <a itemprop=\"url\" href=\"https:\/\/dinside.dagbladet.no\/video\/hit-bor-du-reise-i-sommer\/vI4De5my\" rel=\"nofollow noopener\" target=\"_blank\"><\/p>\n<p>        <img loading=\"lazy\" decoding=\"async\" src=\"https:\/\/www.europesays.com\/no\/wp-content\/uploads\/2026\/07\/1783013413_792_84527913.webp\" width=\"147\" height=\"98\" alt=\"\" class=\"lazyload\" style=\"--aspect-ratio-image: 1.50; \"\/><\/p>\n<p>        Hit b\u00f8r du reise i sommer!<\/p>\n<p>    <\/a><\/p>\n<p class=\"italic m-italic font-weight-normal m-font-weight-normal\" data-lab-italic=\"italic\" data-lab-font_weight=\"font-weight-normal\">Lenger ned i artikkelen kan du lese hva en professor mener mange gj\u00f8r feil, etter at de har kj\u00f8pt denne type ost.<\/p>\n<p>&#8211; Har gjort grep\t<\/p>\n<p>Konkurrenten Synn\u00f8ve Finden ser fram til \u00e5 f\u00e5 innsikt i Tine Norvegias grep, og framholder at \u00abdet er gode nyheter at det kommer nye l\u00f8sninger p\u00e5 markedet.\u00bb<\/p>\n<p>&#8211; Vi<br \/>\ni Synn\u00f8ve Finden har allerede gjort flere grep for \u00e5 gj\u00f8re emballasjen v\u00e5r mer<br \/>\nmilj\u00f8vennlig. I<br \/>\n\u00e5rets tre f\u00f8rste m\u00e5neder var rundt 30 prosent av plasten vi kj\u00f8pte inn til bit,<br \/>\nskive, riv og brunost laget av resirkulert materiale, opplyser kommunikasjonsdirekt\u00f8r Sofie Oraug-Rygh, til DinSide.<\/p>\n<p>        <img loading=\"lazy\" decoding=\"async\" src=\"https:\/\/www.europesays.com\/no\/wp-content\/uploads\/2026\/07\/84849045.webp\" width=\"667\" height=\"461\" alt=\"\" class=\"\" style=\"--aspect-ratio-image: 1.45; \"\/><\/p>\n<p>\n        MILJ\u00d8GREP: Synn\u00f8ve Finden bruker monoplastfilm p\u00e5 brunostemballasjen, noe som gir bedre muligheter for materialgjenvinning. Foto: Produsenten\n    <\/p>\n<p>Seniorforsker<br \/>\nMarit Kvalv\u00e5g Pettersen ved <a href=\"https:\/\/nofima.no\/\" rel=\"nofollow noopener\" target=\"_blank\">Nofima<\/a> leder Re3-Plast, der nye emballasjel\u00f8sninger<br \/>\nhar gitt store kutt i plastbruken hos flere kjente merkevarer. Besparelsene<br \/>\nskjer eksempelvis ved \u00e5 bruke tynnere plastfilm, redusere st\u00f8rrelsen p\u00e5<br \/>\nemballasjen, eller velge plasttyper som sorteringsanleggene kan sende videre<br \/>\ntil gjenvinning og dermed ny produksjon.<\/p>\n<p>&#8211; Stor nytteverdi\t<\/p>\n<p> For Tines Norvegia-ost er emballasjen endret fra ikke-gjenvinnbar film til film<br \/>\nsom best\u00e5r av kun ett plastmateriale. Dette grepet alene har gjort at man har<br \/>\nkunnet h\u00f8vle bort omfattende kostnader for milj\u00f8et: Hele 50 tonn plast i<br \/>\n\u00e5ret kan n\u00e5 gjenvinnes, i stedet for \u00e5 g\u00e5 til energigjenvinning.<\/p>\n<p>    <a itemprop=\"url\" href=\"https:\/\/dinside.dagbladet.no\/fritid\/se-den-har-krympet\/84682428\" rel=\"nofollow noopener\" target=\"_blank\"><\/p>\n<p>        <img loading=\"lazy\" decoding=\"async\" src=\"https:\/\/www.europesays.com\/no\/wp-content\/uploads\/2026\/07\/84729014.webp\" width=\"980\" height=\"441\" alt=\"\" class=\"lazyload\" style=\"--aspect-ratio-image: 2.22; \"\/><\/p>\n<p>        Se, den har krympet!<\/p>\n<p>    <\/a><\/p>\n<p>        <img loading=\"lazy\" decoding=\"async\" src=\"https:\/\/www.europesays.com\/no\/wp-content\/uploads\/2026\/07\/84848554.webp\" width=\"980\" height=\"559\" alt=\"\" class=\"\" style=\"--aspect-ratio-image: 1.75; \"\/><\/p>\n<p>\n        EKSPERT: Seniorforsker Marit Kvalv\u00e5g Pettersen ved Nofima. Foto: Nofima\n    <\/p>\n<p>&#8211; Som<br \/>\nforsker er det ekstra g\u00f8y \u00e5 jobbe med prosjekter som gir stor nytteverdi for<br \/>\nmange av oss, og det kan man jo si om et produkt som Norvegia, medgir Marit<br \/>\nKvalv\u00e5g Pettersen overfor DinSide.<\/p>\n<p>Gr\u00f8nn Plattform-prosjektet Re3-Plast er finansiert av Norges<br \/>\nforskningsr\u00e5d, Innovasjon Norge og SIVA. M\u00e5let er \u00e5 redusere bruk av<br \/>\nplastemballasje i matindustrien. EU innf\u00f8rer i 2030 en lov som inneb\u00e6rer at all<br \/>\nplastemballasje m\u00e5 v\u00e6re designet for materialgjenvinning.<\/p>\n<p>    <a itemprop=\"url\" href=\"https:\/\/dinside.dagbladet.no\/okonomi\/over-dobbelt-sa-dyrt-pa-taxfree\/84830209\" rel=\"nofollow noopener\" target=\"_blank\"><\/p>\n<p>        <img loading=\"lazy\" decoding=\"async\" src=\"https:\/\/www.europesays.com\/no\/wp-content\/uploads\/2026\/07\/1783013416_692_84830222.webp\" width=\"980\" height=\"441\" alt=\"\" class=\"lazyload\" style=\"--aspect-ratio-image: 2.22; \"\/><\/p>\n<p>        &#8211; Over dobbelt s\u00e5 dyrt p\u00e5 taxfree<\/p>\n<p>    <\/a><\/p>\n<p>&#8211; Industrien og vi forskere jobber tett sammen om \u00e5 n\u00e5 disse m\u00e5lene. En utfordring er blant annet \u00e5 f\u00e5 nye typer emballasje til \u00e5 virke p\u00e5 pakkemaskinene de ulike bedriftene har, framholder seniorforskeren ved Nofima.<\/p>\n<p>Professor: &#8211; Folk tar feil<\/p>\n<p>Professor Siv Borghild Skeie ved NMBU har stor kunnskap om<br \/>\nmeieriprodukter. Etter at hun har \u00e5pnet en ost, pleier hun \u00e5 legge resten i en<br \/>\nplastpose og holde emballasjen tett i kj\u00f8leskapet &#8211; slik at man reduserer<br \/>\nrisikoen for muggvekst.<\/p>\n<p>        <img loading=\"lazy\" decoding=\"async\" src=\"https:\/\/www.europesays.com\/no\/wp-content\/uploads\/2026\/07\/84849065.webp\" width=\"667\" height=\"647\" alt=\"\" class=\"\" style=\"--aspect-ratio-image: 1.03; \"\/><\/p>\n<p>\n        EKSPERT: Professor Siv Borgild Skeie. Foto: NMBU\n    <\/p>\n<p class=\"italic m-italic\" data-lab-italic=\"italic\">&#8211; Hva gj\u00f8r man hvis man oppdager mugg p\u00e5 osten?<\/p>\n<p class=\"no_italic m-no_italic\" data-lab-italic=\"\">&#8211; P\u00e5 fastoster holder det fint at man skj\u00e6rer bort muggen p\u00e5 overflaten cirka en centimeter inn i osten, s\u00e5 er resten like god som f\u00f8r. Det samme gjelder for mykoster, men ved betydelig mugg vil det lukte amoniakk, og da er det nok greit \u00e5 kaste den.<\/p>\n<p>    <a itemprop=\"url\" href=\"https:\/\/dinside.dagbladet.no\/fritid\/her-lages-alle-mcdonalds-burgerne-i-norge\/84814534\" rel=\"nofollow noopener\" target=\"_blank\"><\/p>\n<p>        <img loading=\"lazy\" decoding=\"async\" src=\"https:\/\/www.europesays.com\/no\/wp-content\/uploads\/2026\/07\/1783013418_655_84814746.webp\" width=\"980\" height=\"441\" alt=\"\" class=\"lazyload\" style=\"--aspect-ratio-image: 2.22; \"\/><\/p>\n<p>        &#8211; Noen synes det er litt brutalt<\/p>\n<p>    <\/a><\/p>\n<p class=\"italic m-italic\" data-lab-italic=\"italic\">&#8211; Hvor streng er du selv med \u00abbest f\u00f8r\u00bb-datoer p\u00e5 ost i butikk?<\/p>\n<p class=\"no_italic m-no_italic\" data-lab-italic=\"\">&#8211; Folk tar feil hvis man tror man m\u00e5 kaste osten p\u00e5 grunn av datostempling. Faste oster som Norvegia og Synn\u00f8ve Finden modnes og f\u00e5r bare mer smak, jo lenger tid som g\u00e5r. Selv gj\u00f8r jeg ofte ostekupp og finner godbiter i utg\u00e5tte dato-disken. Men det siste b\u00f8r du kanskje droppe \u00e5 skrive, for da er de borte neste gang jeg skal handle, fastsl\u00e5r professoren og smiler bredt.<\/p>\n","protected":false},"excerpt":{"rendered":"Fritid Tine gj\u00f8r grep med en av sine storselgere, som vekker oppsikt. Professor advarer mot feil mange gj\u00f8r&hellip;\n","protected":false},"author":2,"featured_media":283834,"comment_status":"","ping_status":"","sticky":false,"template":"","format":"standard","meta":{"footnotes":"","_share_on_mastodon":"0"},"categories":[56],"tags":[2004,60,61,728,23877,23876,62,30,28,11868,29,1347],"class_list":["post-283833","post","type-post","status-publish","format-standard","has-post-thumbnail","category-naeringsliv","tag-baerekraft","tag-business","tag-economy","tag-fritid","tag-gulost","tag-miljovennlig","tag-naeringsliv","tag-no","tag-norge","tag-norvegia","tag-norway","tag-tine"],"share_on_mastodon":{"url":"https:\/\/pubeurope.com\/@no\/116851575010246355","error":""},"_links":{"self":[{"href":"https:\/\/www.europesays.com\/no\/wp-json\/wp\/v2\/posts\/283833","targetHints":{"allow":["GET"]}}],"collection":[{"href":"https:\/\/www.europesays.com\/no\/wp-json\/wp\/v2\/posts"}],"about":[{"href":"https:\/\/www.europesays.com\/no\/wp-json\/wp\/v2\/types\/post"}],"author":[{"embeddable":true,"href":"https:\/\/www.europesays.com\/no\/wp-json\/wp\/v2\/users\/2"}],"replies":[{"embeddable":true,"href":"https:\/\/www.europesays.com\/no\/wp-json\/wp\/v2\/comments?post=283833"}],"version-history":[{"count":0,"href":"https:\/\/www.europesays.com\/no\/wp-json\/wp\/v2\/posts\/283833\/revisions"}],"wp:featuredmedia":[{"embeddable":true,"href":"https:\/\/www.europesays.com\/no\/wp-json\/wp\/v2\/media\/283834"}],"wp:attachment":[{"href":"https:\/\/www.europesays.com\/no\/wp-json\/wp\/v2\/media?parent=283833"}],"wp:term":[{"taxonomy":"category","embeddable":true,"href":"https:\/\/www.europesays.com\/no\/wp-json\/wp\/v2\/categories?post=283833"},{"taxonomy":"post_tag","embeddable":true,"href":"https:\/\/www.europesays.com\/no\/wp-json\/wp\/v2\/tags?post=283833"}],"curies":[{"name":"wp","href":"https:\/\/api.w.org\/{rel}","templated":true}]}}