{"id":284203,"date":"2026-07-03T05:50:17","date_gmt":"2026-07-03T05:50:17","guid":{"rendered":"https:\/\/www.europesays.com\/no\/284203\/"},"modified":"2026-07-03T05:50:17","modified_gmt":"2026-07-03T05:50:17","slug":"ioniq-3-endelig-provekjort","status":"publish","type":"post","link":"https:\/\/www.europesays.com\/no\/284203\/","title":{"rendered":"Ioniq 3 &#8211; endelig pr\u00f8vekj\u00f8rt"},"content":{"rendered":"<p class=\"kicker text-red color_mobile_text-red hasTextColor hasTextColorMobile\" style=\"\">Pr\u00f8vekj\u00f8rt:\u00a0<\/p>\n<p class=\"subtitle \" style=\"\">En sm\u00e5bil med stort hjerte og morsomme kj\u00f8reegenskaper.<\/p>\n<p>\n    P\u00c5 HEMMELIG STED: Vi har pr\u00f8vekj\u00f8rt Ioniq 3, og har en klar anbefaling om hvilken du b\u00f8r velge.\n  <\/p>\n<p>(Elbil24): Hyundai har i en tid vist frem b\u00e5de konsepter og prototyper<br \/>\nav sin nye kompakte elbil, Ioniq 3. Bilen er bygget p\u00e5 samme plattform som<br \/>\ns\u00f8sterselskapets Kia EV2, en bil vi tidligere har pr\u00f8vekj\u00f8rt.<\/p>\n<p>N\u00e5 har vi ogs\u00e5 pr\u00f8vekj\u00f8rt Ioniq 3, og det er interessant \u00e5<br \/>\nse hvor mye kj\u00f8reglede man kan putte inn i en relativt standard elektrisk sm\u00e5bil.\n<\/p>\n<p>At bilene er bygget p\u00e5 samme plattform betyr slettes ikke at<br \/>\nbilene er like av den grunn. Foruten en del tekniske detaljer rundt batterier<br \/>\nog motoriseringer, er bilene sv\u00e6rt forskjellige. Ioniq 3, som vi her har pr\u00f8vekj\u00f8rt,<br \/>\ner av det mer sportslige og kj\u00f8reglade slaget, mens EV2 videref\u00f8rer<br \/>\nsuv-konseptet fra dens st\u00f8rre slektninger i Kia-familien. <\/p>\n<p>    <a itemprop=\"url\" href=\"https:\/\/www.elbil24.no\/nyheter\/er-ev2-kias-smarteste-bil\/84440533\" rel=\"nofollow noopener\" target=\"_blank\"><\/p>\n<p>        <img loading=\"lazy\" decoding=\"async\" src=\"https:\/\/www.europesays.com\/no\/wp-content\/uploads\/2026\/07\/1783057814_307_84440571.webp\" width=\"147\" height=\"98\" alt=\"\" class=\"lazyload\" style=\"--aspect-ratio-image: 1.50; \"\/><\/p>\n<p>        Pr\u00f8vekj\u00f8rt: Kias smarteste bil?<\/p>\n<p>    <\/a><\/p>\n<p>Liten utvendig, stor innvendig\t<\/p>\n<p>Ioniq 3 er en bil p\u00e5 dr\u00f8ye 4,15 meter i lengde, men har<br \/>\nlikevel en akselavstand p\u00e5 anstendige 2,68 meter. Dette gir spillerom for god innvendig<br \/>\nplass, ettersom b\u00e5de for- og bakaksling er skj\u00f8vet mot hver ende. Innvendig<br \/>\nskulle man tro at det var knapt med h\u00f8deh\u00f8yde, s\u00e6rlig i baksetet, men de har p\u00e5<br \/>\nen m\u00e5te funnet plass ogs\u00e5 her. <\/p>\n<p>I bagasjerommet har du til sammen 441 liter \u00e5 fylle, der 322<br \/>\nliter er m\u00e5lt fra bagasjerommet og opp, mens 119 liter er \u00e5 finne under den<br \/>\nl\u00f8se gulvplaten. Dette nederste rommet har Hyundai gitt kallenavnet Megabox,<br \/>\nbare for \u00e5 markere at det er st\u00f8rre enn man skulle tro. <\/p>\n<p>        <img loading=\"lazy\" decoding=\"async\" src=\"https:\/\/www.europesays.com\/no\/wp-content\/uploads\/2026\/07\/84851247.webp\" width=\"980\" height=\"559\" alt=\"\" class=\"\" style=\"--aspect-ratio-image: 1.75; \"\/><\/p>\n<p>To pluss to versjoner<\/p>\n<p>Nykommeren blir \u00e5 f\u00e5 med to alternative batterier, der det<br \/>\nminste er et LFP-batteri p\u00e5 42,2 kWh, og det st\u00f8rste er et NMC-batteri p\u00e5 61<br \/>\nkWh. Begge batteriene er interessante p\u00e5 hver sin m\u00e5te. <\/p>\n<p>Det minste batteriet, som sitter i Standard Range, er<br \/>\nfaktisk i stand til \u00e5 levere mer energi i kortere perioder enn det store.<br \/>\nDerfor har de ogs\u00e5 satt en st\u00f8rre motor i denne utgaven \u2013 en motor de henter<br \/>\n147 hestekrefter ut av p\u00e5 det meste. <\/p>\n<p>Long Range har som sagt et batteri p\u00e5 61 kWh, men dette er<br \/>\nkoblet opp mot en motor som yter 135 hestekrefter. <\/p>\n<p>N\u00e5r vi s\u00e5 vet at bilen med det minste batteriet ogs\u00e5 er noe<br \/>\nlettere enn utgaven med det store batteriet, s\u00e5 har vi ogs\u00e5 forklaringen p\u00e5<br \/>\nhvorfor SR-utgaven (Standard Range) er raskere enn LR-utgaven (Long Range). <\/p>\n<p>        <img loading=\"lazy\" decoding=\"async\" src=\"https:\/\/www.europesays.com\/no\/wp-content\/uploads\/2026\/07\/84851238.webp\" width=\"667\" height=\"381\" alt=\"\" class=\"\" style=\"--aspect-ratio-image: 1.75; \"\/><\/p>\n<p>Elle melle&#8230;<\/p>\n<p>Vi har som sagt f\u00e5tt pr\u00f8vekj\u00f8re begge utgavene, og kj\u00f8rt<br \/>\nbilene gjennom en rekke dynamiske \u00f8velser. Erfaringen er faktisk ikke at det er<br \/>\nmotoreffekten som gj\u00f8r det st\u00f8rste utslaget, men m\u00e5ten de to utstyrsversjonene<br \/>\ner satt opp p\u00e5.\u00a0<\/p>\n<p>Ioniq 3 kommer nemlig i en N-Line versjon, der de har satt opp<br \/>\nbilen med st\u00f8rre felgdimensjoner, 19-tommere, som gir mindre dekkh\u00f8yde og et sportsligere<br \/>\npreg. Dette legger seg p\u00e5 toppen av endringene de har gjort med tanke p\u00e5<br \/>\nmotorisering.<\/p>\n<p>Blant annet er det stivere dempere og fj\u00e6rer, en skarpere<br \/>\nstyring og mer fokus p\u00e5 det sportslige. <\/p>\n<p>    <a itemprop=\"url\" href=\"https:\/\/www.elbil24.no\/pro\/disse-eierne-velger-et-annet-merke-neste-gang\/84638236\" rel=\"nofollow noopener\" target=\"_blank\"><\/p>\n<p>        <img loading=\"lazy\" decoding=\"async\" src=\"https:\/\/www.europesays.com\/no\/wp-content\/uploads\/2026\/07\/84638886.webp\" width=\"980\" height=\"441\" alt=\"\" class=\"lazyload\" style=\"--aspect-ratio-image: 2.22; \"\/><\/p>\n<p>        Disse eierne velger et annet merke neste gang<\/p>\n<p>    <\/a><\/p>\n<p>Hvilket oppsett du b\u00f8r velge? Vel, N-Line kommer ogs\u00e5 med<br \/>\nnoen designdetaljer som du sikkert m\u00e5 betale litt ekstra for, men rent kj\u00f8reteknisk<br \/>\nheller vi helt klart mot at dette er bilen vi ville valgt. N-Line f\u00f8les mer<br \/>\ndirekte, tryggere og den vil uten tvil hjelpe deg bedre ut av situasjoner du<br \/>\nkanskje ikke vil v\u00e6re i. Den f\u00f8les rett og slett ut som en tryggere bil, og det<br \/>\ner lenge f\u00f8r vi snakker om noe som kan kalles sportslig. At den i tillegg er morsommere \u00e5 kj\u00f8re er en<br \/>\nren bonus. <\/p>\n<p>        <img loading=\"lazy\" decoding=\"async\" src=\"https:\/\/www.europesays.com\/no\/wp-content\/uploads\/2026\/07\/84851246.webp\" width=\"980\" height=\"559\" alt=\"\" class=\"\" style=\"--aspect-ratio-image: 1.75; \"\/><\/p>\n<p>Nytt f\u00f8rermilj\u00f8<\/p>\n<p>Vel plassert bak rattet vil du finne et f\u00f8rerdisplay som stikker<br \/>\nopp helt fremme ved frontruten, og strengt tatt syns vi dette var en knallgod<br \/>\nl\u00f8sning. P\u00e5 denne m\u00e5ten f\u00e5r du en sv\u00e6rt god ergonomi, og trenger knapt \u00e5 ta<br \/>\n\u00f8ynene av veien for \u00e5 f\u00e5 vite det du trenger. <\/p>\n<p>At det er et krystallklart display gj\u00f8r at et slikt display fjerner<br \/>\nbehovet for et head-up display. <\/p>\n<p>Over midtkonsollen har du i tillegg en stor nok skjerm p\u00e5 12,9<br \/>\ntommer, mens det ogs\u00e5 er mulig \u00e5 f\u00e5 den st\u00f8rre 14,6-tommeren, om du vil sl\u00e5 p\u00e5<br \/>\nstortromma. Bilen kommer med et nytt infotainmentsystem de kaller Pleos Connect,<br \/>\nsom baserer seg p\u00e5 Android Auto operativsystem, men som Hyundai har lagt sitt<br \/>\neget brukergrensesnitt over. Her er det muligheter for en egen Pleos app-butikk<br \/>\nog \u00f8kosystem, som stadig vil \u00f8ke i omfang. <\/p>\n<p class=\"font-weight-bold m-font-weight-bold\" data-lab-font_weight=\"font-weight-bold\">Se bilder av Ioniq 3 p\u00e5 norgesbes\u00f8k:\u00a0<\/p>\n<p>Konklusjon<\/p>\n<p>Alt i alt er vi overrasket over hvor mye, og hvor god bil<br \/>\ndet bor i Ioniq 3. Det er tross alt en bil som bare m\u00e5ler rett over 4 meter i<br \/>\nlengde, men som inneholder mye positivt. Norge er kanskje ikke det landet hvor<br \/>\ndenne typen bil historisk sett har solgt mest, men etter hvert som ogs\u00e5 de sm\u00e5<br \/>\nbilene byr p\u00e5 en god pakke, s\u00e5 er det kanske p\u00e5 tide vi f\u00e5r opp \u00f8ynene for<br \/>\nsm\u00e5bilene ogs\u00e5? <\/p>\n<p>    <a itemprop=\"url\" href=\"https:\/\/www.elbil24.no\/nyheter\/prisen-klar-pa-kia-ev2\/84847850\" rel=\"nofollow noopener\" target=\"_blank\"><\/p>\n<p>        <img loading=\"lazy\" decoding=\"async\" src=\"https:\/\/www.europesays.com\/no\/wp-content\/uploads\/2026\/07\/84440568.webp\" width=\"980\" height=\"441\" alt=\"\" class=\"lazyload\" style=\"--aspect-ratio-image: 2.22; \"\/><\/p>\n<p>        Norske priser klare: Lavere enn vi sp\u00e5dde<\/p>\n<p>    <\/a><\/p>\n<p>Ioniq 3 blir derimot ikke alene i dette segmentet. Kia EV2<br \/>\ner allerede nevnt. I tillegg kommer alle merkene fra Volkswagen-konsernet med<br \/>\nsine bidrag om bare uker, og det kommer etter hvert ogs\u00e5 noen kinesiske<br \/>\nalternativer. Da ender vi opp i dette segmentet som i alle de andre segmentene,<br \/>\nat den sterkeste kandidaten vinner. Men Ioniq 3 b\u00f8r definitivt v\u00e6re blant kandidatene.\n<\/p>\n<p>    Tekniske spesifikasjoner:<\/p>\n<tr>\n<td>\n                .\n                <\/td>\n<td>\n                Ioniq 3 SR\n                <\/td>\n<td>\n                Ioniq 3 LR\n                <\/td>\n<\/tr>\n<tr>\n<td>Drivlinje<\/td>\n<td>Elektrisk, fremhjul<\/td>\n<td>Elektrisk, fremhjul<\/td>\n<\/tr>\n<tr>\n<td>Motor:<\/td>\n<td>1 x elektrisk<\/td>\n<td>1 x elektrisk<\/td>\n<\/tr>\n<tr>\n<td>Total effekt<\/td>\n<td>147 hk<\/td>\n<td>135 hk<\/td>\n<\/tr>\n<tr>\n<td>Total dreiemoment<\/td>\n<td>250 Nm<\/td>\n<td>250 Nm<\/td>\n<\/tr>\n<tr>\n<td>0\u2013100 km\/h<\/td>\n<td>9 sek.<\/td>\n<td>9,6 sek<\/td>\n<\/tr>\n<tr>\n<td>Toppfart<\/td>\n<td>170 km\/t<\/td>\n<td>170km\/t<\/td>\n<\/tr>\n<tr>\n<td>Batterikapasitet<\/td>\n<td>42,2 kWh<\/td>\n<td>61 kWh<\/td>\n<\/tr>\n<tr>\n<td>Batteritype<\/td>\n<td>LFP<\/td>\n<td>NMC<\/td>\n<\/tr>\n<tr>\n<td>Arkitektur<\/td>\n<td>400V<\/td>\n<td>400V<\/td>\n<\/tr>\n<tr>\n<td>AC-ladekraft<\/td>\n<td>11 kW (22kW tilbeh\u00f8r)<\/td>\n<td>11 kW (22kW tilbeh\u00f8r)<\/td>\n<\/tr>\n<tr>\n<td>DC, hurtiglading<\/td>\n<td>118 kW<\/td>\n<td>128 kW<\/td>\n<\/tr>\n<tr>\n<td>Ladetid DC (10-80 %)<\/td>\n<td>29 min<\/td>\n<td>30 min<\/td>\n<\/tr>\n<tr>\n<td>Forbruk, kWh\/mil (WLT)<\/td>\n<td>Ikke oppgitt<\/td>\n<td>Ikke oppgitt<\/td>\n<\/tr>\n<tr>\n<td>Rekkevidde (WLTP):<\/td>\n<td>344 km<\/td>\n<td>496 km<\/td>\n<\/tr>\n<tr>\n<td>L x B x H (mm):<\/td>\n<td>4155 x 1800 x 1505<\/td>\n<td>4155 x 1800 x 1505<\/td>\n<\/tr>\n<tr>\n<td>Akselavstand (mm):<\/td>\n<td>2680<\/td>\n<td>2680<\/td>\n<\/tr>\n<tr>\n<td>Egenvekt u\/f\u00f8rer:<\/td>\n<td>1550 kg.<\/td>\n<td>1580 kg.<\/td>\n<\/tr>\n<tr>\n<td>Maks nyttelast:<\/td>\n<td>Ikke kjent<\/td>\n<td>Ikke kjent<\/td>\n<\/tr>\n<tr>\n<td>Tillatt totalvekt:<\/td>\n<td>Ikke kjent<\/td>\n<td>Ikke kjent<\/td>\n<\/tr>\n<tr>\n<td>Bagasjerom 4-seter:<\/td>\n<td>Ikke tilgjengelig<\/td>\n<td>Ikke tilgjengelig<\/td>\n<\/tr>\n<tr>\n<td>Bagasjerom 5-seter:<\/td>\n<td>322 + 119 liter<\/td>\n<td>322 + 119 liter<\/td>\n<\/tr>\n<tr>\n<td>Frunk:<\/td>\n<td>Nei<\/td>\n<td>Nei<\/td>\n<\/tr>\n<tr>\n<td>Maks hengervekt:<\/td>\n<td>750 kg.<\/td>\n<td>750 kg.<\/td>\n<\/tr>\n<tr>\n<td>Pris fra kr.:<\/td>\n<td>Ikke kjent<\/td>\n<td>Ikke kjent<\/td>\n<\/tr>\n","protected":false},"excerpt":{"rendered":"Pr\u00f8vekj\u00f8rt:\u00a0 En sm\u00e5bil med stort hjerte og morsomme kj\u00f8reegenskaper. P\u00c5 HEMMELIG STED: Vi har pr\u00f8vekj\u00f8rt Ioniq 3, og&hellip;\n","protected":false},"author":2,"featured_media":284204,"comment_status":"","ping_status":"","sticky":false,"template":"","format":"standard","meta":{"footnotes":"","_share_on_mastodon":"0"},"categories":[56],"tags":[4915,60,61,267,4561,19266,20837,62,30,28,29,14],"class_list":["post-284203","post","type-post","status-publish","format-standard","has-post-thumbnail","category-naeringsliv","tag-4915","tag-business","tag-economy","tag-elbil","tag-hyundai","tag-ioniq","tag-ioniq-3","tag-naeringsliv","tag-no","tag-norge","tag-norway","tag-nyheter"],"share_on_mastodon":{"url":"https:\/\/pubeurope.com\/@no\/116854484726773617","error":""},"_links":{"self":[{"href":"https:\/\/www.europesays.com\/no\/wp-json\/wp\/v2\/posts\/284203","targetHints":{"allow":["GET"]}}],"collection":[{"href":"https:\/\/www.europesays.com\/no\/wp-json\/wp\/v2\/posts"}],"about":[{"href":"https:\/\/www.europesays.com\/no\/wp-json\/wp\/v2\/types\/post"}],"author":[{"embeddable":true,"href":"https:\/\/www.europesays.com\/no\/wp-json\/wp\/v2\/users\/2"}],"replies":[{"embeddable":true,"href":"https:\/\/www.europesays.com\/no\/wp-json\/wp\/v2\/comments?post=284203"}],"version-history":[{"count":0,"href":"https:\/\/www.europesays.com\/no\/wp-json\/wp\/v2\/posts\/284203\/revisions"}],"wp:featuredmedia":[{"embeddable":true,"href":"https:\/\/www.europesays.com\/no\/wp-json\/wp\/v2\/media\/284204"}],"wp:attachment":[{"href":"https:\/\/www.europesays.com\/no\/wp-json\/wp\/v2\/media?parent=284203"}],"wp:term":[{"taxonomy":"category","embeddable":true,"href":"https:\/\/www.europesays.com\/no\/wp-json\/wp\/v2\/categories?post=284203"},{"taxonomy":"post_tag","embeddable":true,"href":"https:\/\/www.europesays.com\/no\/wp-json\/wp\/v2\/tags?post=284203"}],"curies":[{"name":"wp","href":"https:\/\/api.w.org\/{rel}","templated":true}]}}