{"id":284398,"date":"2026-07-03T09:43:12","date_gmt":"2026-07-03T09:43:12","guid":{"rendered":"https:\/\/www.europesays.com\/no\/284398\/"},"modified":"2026-07-03T09:43:12","modified_gmt":"2026-07-03T09:43:12","slug":"mistenkelig-dodsfall-krim-89-aring-ble-funnet-skutt-i-nedbrent-hus-har-ikke-vaert-borti-lignende","status":"publish","type":"post","link":"https:\/\/www.europesays.com\/no\/284398\/","title":{"rendered":"Mistenkelig d\u00f8dsfall, Krim | 89-\u00e5ring ble funnet skutt i nedbrent hus: \u2013 Har ikke v\u00e6rt borti lignende"},"content":{"rendered":"\n<p>Det melder <a href=\"https:\/\/www.tv2.no\/nyheter\/funnen-med-to-skot-i-hovudet-veldig-underleg\/19010414\/\" rel=\"Follow nofollow noopener\" target=\"_blank\">TV 2<\/a> fredag.<\/p>\n<p><a href=\"https:\/\/www.ba.no\/enebolig-i-bergen-overtent-ukjent-skadeomfang-for-n-person\/s\/5-8-2882013\" rel=\"Follow nofollow noopener\" target=\"_blank\">Det var natt til 15. januar i 2025<\/a> at en 89 \u00e5r gammel mann ble hentet ut av en brennende enebolig i Hausdalen i Fana.<\/p>\n<p>Han var d\u00f8d, men ikke som f\u00f8lge av brannen. Den eldre mannen var skutt i hodet to ganger.<\/p>\n<p>\u2013 Basert p\u00e5 det m\u00e5 avd\u00f8de enten ha skutt seg selv eller blitt skutt av noen andre, uttalte politiadvokat Are Nyg\u00e5rd Bergh <a href=\"https:\/\/www.ba.no\/mann-skutt-i-hodet-to-ganger-politiet-tror-det-var-selvdrap\/s\/5-8-3272693\" rel=\"Follow nofollow noopener\" target=\"_blank\">til BA<\/a> i januar i \u00e5r.<\/p>\n<p>Etter \u00e5 ha etterforsket saken, konkluderte politiet f\u00f8rst med at det var et selvdrap.<\/p>\n<p>Som TV 2 har omtalt i flere saker, har 89-\u00e5ringens etterlatte<a href=\"https:\/\/www.tv2.no\/spesialer\/nyheter\/de-fant-det-politiet-hadde-oversett-i-hausdalen\/\" rel=\"Follow nofollow noopener\" target=\"_blank\"> v\u00e6rt sv\u00e6rt kritiske til politiets etterforskning.<\/a><\/p>\n<p>Cold Case koblet p\u00e5<\/p>\n<p>Politiets f\u00f8rste konklusjon ble p\u00e5 ingen m\u00e5te punktum i saken.<\/p>\n<p>Det var flere spesielle omstendigheter ved d\u00f8dsfallet. S\u00e6rlig at den eldre mannen var skutt i hodet to ganger med en salongrifle med lyddemper p\u00e5.<\/p>\n<p>V\u00e5penet var registrert p\u00e5 ham.<\/p>\n<p>  <a href=\"https:\/\/www.ba.no\/5-8-3294564\" class=\"related-teaser has-image article--c-MkAkR\" rel=\"nofollow noopener\" target=\"_blank\"><\/p>\n<p>    <img decoding=\"async\" width=\"155\"  loading=\"lazy\"  src=\"https:\/\/www.europesays.com\/no\/wp-content\/uploads\/2026\/07\/DSCF7535%2B29.jpg\" alt=\"\" class=\"brick-c-cFOWSL\" style=\"\"\/><\/p>\n<p>\n            Les ogs\u00e5<\/p>\n<p>            TV 2: Mann (89) skutt i pannen to ganger \u2013 ble brukt lyddemper\n        <\/p>\n<p>  <\/a><\/p>\n<p>Kripos unders\u00f8kte saken, og if\u00f8lge deres animasjoner var det ikke mulig \u00e5 skyte seg selv med v\u00e5penet, verken st\u00e5ende eller sittende.<\/p>\n<p>Et skytev\u00e5pen kan imidlertid avfyres p\u00e5 flere andre m\u00e5ter enn dette, p\u00e5pekte politiadvokat Bergh.<\/p>\n<p>Politiet ble p\u00e5lagt av Statsadvokaten \u00e5 gj\u00f8re ytterligere unders\u00f8kelser av saken. Ogs\u00e5 <a href=\"https:\/\/www.ba.no\/cold-case-gruppen-kobles-inn-i-mystisk-dodsfall\/s\/5-8-3309322\" rel=\"Follow nofollow noopener\" target=\"_blank\">Cold Case-gruppen ble koblet p\u00e5.<\/a><\/p>\n<p><a href=\"https:\/\/www.ba.no\/cold-case-gruppen-enig-med-politiet-etter-at-mann-ble-funnet-i-nedbrent-hus\/s\/5-8-3355314\" rel=\"Follow nofollow noopener\" target=\"_blank\">De konkluderte med det samme som politiet<\/a>, at selvdrap er \u00e5rsaken til d\u00f8dsfallet og ingen andre har v\u00e6rt involvert.<\/p>\n<p><b>N\u00e5 har ogs\u00e5 statsadvokat Asbj\u00f8rn Onarheim kommet frem til samme konklusjon.<\/b><\/p>\n<p>\u2013 Ikke alltid man f\u00e5r svar<\/p>\n<p>\u2013 Det var jo en del p\u00e5fallende omstendigheter i saken som gjorde at man etterforsket dette med mulig drap som en hypotese, p\u00e5peker Onarheim til BA.<\/p>\n<p>\u2013 S\u00e5 er det s\u00e5nn noen ganger at selv de mest grundige etterforskningene ikke alltid gir svar p\u00e5 alle sp\u00f8rsm\u00e5l som dukker opp.<\/p>\n<p>Denne saken er en slik sak, mener statsadvokaten, som kaller det hele veldig underlig.<\/p>\n<p><b>\u2013 Jeg har ikke v\u00e6rt borti lignende. Saken er jo spesiell, og s\u00e6rlig med tanke p\u00e5 skuddene i hodet, sier Onarheim.<\/b><\/p>\n<p>   <img decoding=\"async\" width=\"5358\" height=\"3713\" fetchpriority=\"low\"  loading=\"lazy\"  src=\"https:\/\/www.europesays.com\/no\/wp-content\/uploads\/2026\/07\/CL_2nbZHoU0 %281%29.jpg\" alt=\"Bergen 20250217. &#10;Advokat Asbj\u00f8rn Onarheim. Gulating lagmannsrett starter behandlingen av ankesaken \u00abfem d\u00f8mde etter funn av 150 kilo kokain p\u00e5 skip p\u00e5 Husnes\u00bb. &#10;Foto: Paul S. Amundsen \/ NTB\" class=\"brick-c-cFOWSL\" style=\"--brick-image-ratio: 5358 \/ 3713;\"\/><\/p>\n<p>      Statsadvokat Asbj\u00f8rn Onarheim har ogs\u00e5 g\u00e5tt gjennom saken.<br \/>\n      Foto: Paul S. Amundsen \/ NTB\n    <\/p>\n<p>Han trekker frem at det var sv\u00e6rt kompliserende for etterforskningen at huset og \u00e5stedet var totalskadet i brannen.<\/p>\n<p>Det har gjort de krimtekniske unders\u00f8kelsene ekstra krevende.<\/p>\n<p>Statsadvokaten har likevel ogs\u00e5 landet p\u00e5 at det er snakk om et selvdrap, og saken er derfor henlagt.<\/p>\n<p>\u2013 Vurderingen n\u00e5 er at vi har gjort det som er mulig, og saken er blitt grundig gjennomg\u00e5tt i flere ledd. Summen av omstendighetene f\u00f8rer til at vi legger den vekk.<\/p>\n<p>Med det har saken f\u00e5tt et forel\u00f8pig punktum, men henleggelsen kan p\u00e5klages til Riksadvokaten.<\/p>\n<p>If\u00f8lge TV 2 vurderer de etterlatte dette.<\/p>\n","protected":false},"excerpt":{"rendered":"Det melder TV 2 fredag. Det var natt til 15. januar i 2025 at en 89 \u00e5r gammel&hellip;\n","protected":false},"author":2,"featured_media":284399,"comment_status":"","ping_status":"","sticky":false,"template":"","format":"standard","meta":{"footnotes":"","_share_on_mastodon":"0"},"categories":[10],"tags":[36,20,21,6004,24,25,15,983,1957,22,23,23910,13,30,28,29,14,16,23911,1510,26,27,213],"class_list":["post-284398","post","type-post","status-publish","format-standard","has-post-thumbnail","category-norge","tag-art","tag-breaking-news","tag-breakingnews","tag-cold-case","tag-featured-news","tag-featurednews","tag-headlines","tag-krim","tag-kripos","tag-latest-news","tag-latestnews","tag-mistenkelig-dodsfall","tag-news","tag-no","tag-norge","tag-norway","tag-nyheter","tag-overskrifter","tag-statsadvokaten","tag-story","tag-top-stories","tag-topstories","tag-vest-politidistrikt"],"share_on_mastodon":{"url":"https:\/\/pubeurope.com\/@no\/116855400940958857","error":""},"_links":{"self":[{"href":"https:\/\/www.europesays.com\/no\/wp-json\/wp\/v2\/posts\/284398","targetHints":{"allow":["GET"]}}],"collection":[{"href":"https:\/\/www.europesays.com\/no\/wp-json\/wp\/v2\/posts"}],"about":[{"href":"https:\/\/www.europesays.com\/no\/wp-json\/wp\/v2\/types\/post"}],"author":[{"embeddable":true,"href":"https:\/\/www.europesays.com\/no\/wp-json\/wp\/v2\/users\/2"}],"replies":[{"embeddable":true,"href":"https:\/\/www.europesays.com\/no\/wp-json\/wp\/v2\/comments?post=284398"}],"version-history":[{"count":0,"href":"https:\/\/www.europesays.com\/no\/wp-json\/wp\/v2\/posts\/284398\/revisions"}],"wp:featuredmedia":[{"embeddable":true,"href":"https:\/\/www.europesays.com\/no\/wp-json\/wp\/v2\/media\/284399"}],"wp:attachment":[{"href":"https:\/\/www.europesays.com\/no\/wp-json\/wp\/v2\/media?parent=284398"}],"wp:term":[{"taxonomy":"category","embeddable":true,"href":"https:\/\/www.europesays.com\/no\/wp-json\/wp\/v2\/categories?post=284398"},{"taxonomy":"post_tag","embeddable":true,"href":"https:\/\/www.europesays.com\/no\/wp-json\/wp\/v2\/tags?post=284398"}],"curies":[{"name":"wp","href":"https:\/\/api.w.org\/{rel}","templated":true}]}}