{"id":284878,"date":"2026-07-03T20:16:12","date_gmt":"2026-07-03T20:16:12","guid":{"rendered":"https:\/\/www.europesays.com\/no\/284878\/"},"modified":"2026-07-03T20:16:12","modified_gmt":"2026-07-03T20:16:12","slug":"her-ror-norses-vm-fly-til-new-york-e24","status":"publish","type":"post","link":"https:\/\/www.europesays.com\/no\/284878\/","title":{"rendered":"Her \u00abror\u00bb Norses VM-fly til New York \u2013 E24"},"content":{"rendered":"\n<p class=\"_textTheme_1yhmn_1 _lead_16k26_2 _lead_3ue4t_18 layout-component layout-wide layout-padded _lead_o6m9k_5 body-large _wide_o6m9k_9\">Ingenting vitner om krisestemning n\u00e5r Norse flyr ivrige supportere til VM-kamp mot Brasil. <\/p>\n<p> <img alt=\"RO!: Kjendis-supporter Rune \u00abTribune\u00bb Eikeland leder an roingen inne p\u00e5 VM-flyet til Norse.\" class=\"_image_1jxax_84 layout-component layout-wide\" data-fullscreen- data-track-element-type=\"Article image fullscreen\" data-track-name=\"ImageFullscreen\" fetchpriority=\"high\" decoding=\"sync\" loading=\"eager\" height=\"683\" itemprop=\"image\"  src=\"https:\/\/www.europesays.com\/no\/wp-content\/uploads\/2026\/07\/5a4d66b6-02c8-31f1-b108-c2cc31ecfbbf.jpeg\"  style=\"object-position:0% 0%\" width=\"1024\"\/>RO!: Kjendis-supporter Rune \u00abTribune\u00bb Eikeland leder an roingen inne p\u00e5 VM-flyet til Norse.  Foto: David Torch \/ E24Vis mer<a class=\"_link_1wc6r_108\" href=\"https:\/\/e24.no\/forfatter\/nora-rydne\" title=\"Nora Rydne\" rel=\"nofollow noopener\" target=\"_blank\"><img alt=\"Bilde av Nora Rydne\" class=\"_image_1wc6r_85\" fetchpriority=\"low\" decoding=\"async\" itemprop=\"image\" loading=\"lazy\"  src=\"https:\/\/www.europesays.com\/no\/wp-content\/uploads\/2026\/07\/a9a465f3-bd39-468f-809b-24a8d3138420.png\"  width=\"480\"\/><\/a>           <\/p>\n<p class=\"_textTheme_1yhmn_1 _paragraph_16k26_4 _paragraph_3ue4t_27 layout-component layout-normal layout-padded body-medium\">Norge-drakter skimtes under blazere. Hornene p\u00e5 en vikinghjelm i hardplast stikker opp av en Louis Vuitton-bag.<\/p>\n<p class=\"_textTheme_1yhmn_1 _paragraph_16k26_4 _paragraph_3ue4t_27 layout-component layout-normal layout-padded body-medium\">\u00c9n gate skiller seg betydelig ut p\u00e5 Gardermoen fredag kveld. Den tilh\u00f8rer Norse, og flyet setter snuten mot New York og VM-kampen mellom Norge og Brasil. <\/p>\n<p class=\"_textTheme_1yhmn_1 _paragraph_16k26_4 _paragraph_3ue4t_27 layout-component layout-normal layout-padded body-medium\">Flighten er blitt omtalt som \u00abpartyfly\u00bb, og Norse skilter med NRK-profiler B\u00e5rd Tufte Johansen og Nicolay Ramm som programledere.<\/p>\n<p> <a class=\"_link_12q07_20\" data-track-id=\"teaser:y5m6rK\" data-track-impression=\"true\" data-track-name=\"Kan koste deg tusenlapper i \u00e5ret: \u2013 Lett \u00e5 glemme\" data-track-element-size=\"small\" data-track-element-type=\"Teaser\" data-track-image-url=\"https:\/\/www.europesays.com\/no\/wp-content\/uploads\/2026\/07\/1783109772_184_e39f039d-fed6-37e7-9c85-125011aa6934.jpeg\" data-track-layout-name=\"image:right\" data-track-position-source=\"related-article\" href=\"https:\/\/e24.no\/boers-og-finans\/i\/y5m6rK\/kan-koste-deg-tusenlapper-i-aaret-lett-aa-glemme\" rel=\"nofollow noopener\" target=\"_blank\"><img decoding=\"async\" alt=\"\" class=\"_image_12q07_77\" height=\"2525\" loading=\"lazy\"  src=\"https:\/\/www.europesays.com\/no\/wp-content\/uploads\/2026\/07\/1783109772_184_e39f039d-fed6-37e7-9c85-125011aa6934.jpeg\"  width=\"3788\"\/><\/p>\n<p class=\"label-small _kicker_12q07_98\">Les ogs\u00e5<\/p>\n<p>Kan koste deg tusenlapper i \u00e5ret: \u2013 Lett \u00e5 glemme<\/a> <\/p>\n<p class=\"_textTheme_1yhmn_1 _paragraph_16k26_4 _paragraph_3ue4t_27 layout-component layout-normal layout-padded body-medium\">\u2013 Flyet er fylt med god mat og drikke, det skal synges, det skal spilles, sier Norse-sjef Eivind Roald til E24.<\/p>\n<p class=\"_textTheme_1yhmn_1 _paragraph_16k26_4 _paragraph_3ue4t_27 layout-component layout-normal layout-padded body-medium\">\u2013 Skal det ros?<\/p>\n<p class=\"_textTheme_1yhmn_1 _paragraph_16k26_4 _paragraph_3ue4t_27 layout-component layout-normal layout-padded body-medium\"><strong class=\"_strong_16k26_20\">\u2013 Det skal definitivt ros!<\/strong><\/p>\n<p class=\"_textTheme_1yhmn_1 _paragraph_16k26_4 _paragraph_3ue4t_27 layout-component layout-normal layout-padded body-medium\">Flyet er utsolgt.<\/p>\n<p class=\"_textTheme_1yhmn_1 _paragraph_16k26_4 _paragraph_3ue4t_27 layout-component layout-normal layout-padded body-medium\">Og det er ikke bare fotballgale nordmenn om bord. I lasterommet er det stappfullt med 22 tonn laks, som skal eksporteres til USA.<\/p>\n<p> \u2013 Minne for livet  <\/p>\n<p class=\"_textTheme_1yhmn_1 _paragraph_16k26_4 _paragraph_3ue4t_27 layout-component layout-normal layout-padded body-medium\">Roald mener Norse er det perfekte flyselskapet til \u00e5 nettopp \u00abro\u00bb supporterne til USA.<\/p>\n<p class=\"_textTheme_1yhmn_1 _paragraph_16k26_4 _paragraph_3ue4t_27 layout-component layout-normal layout-padded body-medium\">\u2013 Norse er spunnet ut av ideen om vikingene som dro ut og \u00abexplored the world\u00bb, sier Roald, og forteller at selskapets kallesignalUnik ID for hvert fly som blant annet blir brukt p\u00e5 flyradioen.  er \u00abLongship\u00bb \u2013 alts\u00e5 vikingskip hovedsakelig drevet frem ved \u00e5 ro.<\/p>\n<p> <img alt=\"Administrerende direkt\u00f8r Eivind Roald i Norse Atlantic Airways tror VM-flyet blir noe passasjerene sent vil glemme.\" class=\"_image_1jxax_84 layout-component layout-normal\" data-fullscreen- data-track-element-type=\"Article image fullscreen\" data-track-name=\"ImageFullscreen\" decoding=\"async\" loading=\"lazy\" height=\"1066\" itemprop=\"image\"  src=\"https:\/\/www.europesays.com\/no\/wp-content\/uploads\/2026\/07\/c4ac13f5-e703-3e80-b51f-f5d52fa8f07c.jpeg\"  style=\"object-position:0% 0%\" width=\"1066\"\/>Administrerende direkt\u00f8r Eivind Roald i Norse Atlantic Airways tror VM-flyet blir noe passasjerene sent vil glemme. Foto: NorseVis mer <\/p>\n<p class=\"_textTheme_1yhmn_1 _paragraph_16k26_4 _paragraph_3ue4t_27 layout-component layout-normal layout-padded body-medium\">Norse flyr ikke vanligvis direkte til USA fra Norge, men lekte med tanken p\u00e5 \u00e5 sette det opp da Norge kvalifiserte seg til mesterskapet. Det ble med tanken \u2013 helt til lederteamet i flyselskapet s\u00e5 kampen mellom Norge og Elfenbenskysten sammen. <\/p>\n<p class=\"_textTheme_1yhmn_1 _paragraph_16k26_4 _paragraph_3ue4t_27 layout-component layout-normal layout-padded body-medium\">\u2013 Jeg husker ikke hvem, men noen sa \u00abhvis vi vinner, skal vi gj\u00f8re det?\u00bb, sier Roald.<\/p>\n<p class=\"_textTheme_1yhmn_1 _paragraph_16k26_4 _paragraph_3ue4t_27 layout-component layout-normal layout-padded body-medium\">Mens kampen p\u00e5gikk begynte de \u00e5 sjekke \u2013 var det kabinpersonale \u00e5 f\u00e5 tak i? Ledige fly? Da Norge vant, ble det jobbet gjennom natten for \u00e5 fikse alt som m\u00e5tte v\u00e6re i orden.<\/p>\n<p class=\"_textTheme_1yhmn_1 _paragraph_16k26_4 _paragraph_3ue4t_27 layout-component layout-normal layout-padded body-medium\">Alt klaffet til slutt \u2013 og partyflyet er klart for takeoff. <\/p>\n<p class=\"_textTheme_1yhmn_1 _paragraph_16k26_4 _paragraph_3ue4t_27 layout-component layout-normal layout-padded body-medium\">\u2013 Det blir en flight folk vil huske resten av livet!<\/p>\n<p>  Fra krise til party <\/p>\n<p class=\"_textTheme_1yhmn_1 _paragraph_16k26_4 _paragraph_3ue4t_27 layout-component layout-normal layout-padded body-medium\">Det har stormet for Norse i det siste. Dyrere flybensin f\u00f8rte til <a href=\"https:\/\/e24.no\/boers-og-finans\/i\/JOrGp8\/oensker-fredriksen-om-bord-har-valgt-aa-bli-med\" class=\"_link_16k26_32\" rel=\"nofollow noopener\" target=\"_blank\">pengebehov og kriseemisjon<\/a> i v\u00e5r, og i juni varslet selskapet at de skulle kutte kostnader og<a href=\"https:\/\/e24.no\/boers-og-finans\/i\/V6gA0W\/flyselskapet-norse-atlantic-kutter-rundt-75-stillinger\" class=\"_link_16k26_32\" rel=\"nofollow noopener\" target=\"_blank\"> redusere administrativt ansatte<\/a> med 35 prosent. <\/p>\n<p class=\"_textTheme_1yhmn_1 _paragraph_16k26_4 _paragraph_3ue4t_27 layout-component layout-normal layout-padded body-medium\">\u00abPartyflyet\u00bb har v\u00e6rt en energiboost, forteller Norse-sjefen. <\/p>\n<p class=\"_textTheme_1yhmn_1 _paragraph_16k26_4 _paragraph_3ue4t_27 layout-component layout-normal layout-padded body-medium\">\u2013 Folk har virkelig st\u00e5tt p\u00e5, n\u00e5r det har oppst\u00e5tt utfordringer har det bare v\u00e6rt \u00abopp i ringa, dette f\u00e5r vi til!\u00bb. S\u00e5 har vi ogs\u00e5 gode inntekter p\u00e5 dette flyet, det er ikke noe tapsprosjekt, sier han. <\/p>\n<p class=\"_textTheme_1yhmn_1 _paragraph_16k26_4 _paragraph_3ue4t_27 layout-component layout-normal layout-padded body-medium\">\u2013 Hvor mye tjener dere?<\/p>\n<p class=\"_textTheme_1yhmn_1 _paragraph_16k26_4 _paragraph_3ue4t_27 layout-component layout-normal layout-padded body-medium\">\u2013 Det vil vi ikke si noe om, utover at det blir noen millioner og at vi definitivt sitter igjen med et overskudd, sier Roald.<\/p>\n<p class=\"_textTheme_1yhmn_1 _paragraph_16k26_4 _paragraph_3ue4t_27 layout-component layout-normal layout-padded body-medium\">Om det blir nytt partyfly til Miami om Norge sl\u00e5r Brasil, er mer usikkert. Men han utelukker ingenting. <\/p>\n<p class=\"_textTheme_1yhmn_1 _paragraph_16k26_4 _paragraph_3ue4t_27 layout-component layout-normal layout-padded body-medium\">\u2013 Et par ting m\u00e5 p\u00e5 plass, s\u00e5 jeg kan ikke si definitivt ja eller nei. Det jeg kan si, er at hvis vi vinner m\u00e5 folk tenke seg raskt om p\u00e5 om de vil v\u00e6re med \u2013 f\u00e5r vi det til, legger vi ut billetter raskt og det blir en stor opplevelse. <\/p>\n","protected":false},"excerpt":{"rendered":"Ingenting vitner om krisestemning n\u00e5r Norse flyr ivrige supportere til VM-kamp mot Brasil. RO!: Kjendis-supporter Rune \u00abTribune\u00bb Eikeland&hellip;\n","protected":false},"author":2,"featured_media":284879,"comment_status":"","ping_status":"","sticky":false,"template":"","format":"standard","meta":{"footnotes":"","_share_on_mastodon":"0"},"categories":[5],"tags":[20,21,18059,24,25,744,15,19,22,23,17,18,13,30,28,2530,18021,29,14,16,17740,26,27,1871],"class_list":["post-284878","post","type-post","status-publish","format-standard","has-post-thumbnail","category-overskrifter","tag-breaking-news","tag-breakingnews","tag-eivind-roald","tag-featured-news","tag-featurednews","tag-flyselskaper","tag-headlines","tag-hovedoppslag","tag-latest-news","tag-latestnews","tag-main-news","tag-mainnews","tag-news","tag-no","tag-norge","tag-norse","tag-norse-atlantic-airways","tag-norway","tag-nyheter","tag-overskrifter","tag-sla-av-ticker-pa-front","tag-top-stories","tag-topstories","tag-vm"],"share_on_mastodon":{"url":"https:\/\/pubeurope.com\/@no\/116857890146996608","error":""},"_links":{"self":[{"href":"https:\/\/www.europesays.com\/no\/wp-json\/wp\/v2\/posts\/284878","targetHints":{"allow":["GET"]}}],"collection":[{"href":"https:\/\/www.europesays.com\/no\/wp-json\/wp\/v2\/posts"}],"about":[{"href":"https:\/\/www.europesays.com\/no\/wp-json\/wp\/v2\/types\/post"}],"author":[{"embeddable":true,"href":"https:\/\/www.europesays.com\/no\/wp-json\/wp\/v2\/users\/2"}],"replies":[{"embeddable":true,"href":"https:\/\/www.europesays.com\/no\/wp-json\/wp\/v2\/comments?post=284878"}],"version-history":[{"count":0,"href":"https:\/\/www.europesays.com\/no\/wp-json\/wp\/v2\/posts\/284878\/revisions"}],"wp:featuredmedia":[{"embeddable":true,"href":"https:\/\/www.europesays.com\/no\/wp-json\/wp\/v2\/media\/284879"}],"wp:attachment":[{"href":"https:\/\/www.europesays.com\/no\/wp-json\/wp\/v2\/media?parent=284878"}],"wp:term":[{"taxonomy":"category","embeddable":true,"href":"https:\/\/www.europesays.com\/no\/wp-json\/wp\/v2\/categories?post=284878"},{"taxonomy":"post_tag","embeddable":true,"href":"https:\/\/www.europesays.com\/no\/wp-json\/wp\/v2\/tags?post=284878"}],"curies":[{"name":"wp","href":"https:\/\/api.w.org\/{rel}","templated":true}]}}