{"id":284992,"date":"2026-07-03T23:59:14","date_gmt":"2026-07-03T23:59:14","guid":{"rendered":"https:\/\/www.europesays.com\/no\/284992\/"},"modified":"2026-07-03T23:59:14","modified_gmt":"2026-07-03T23:59:14","slug":"tibetansk-aktivist-satte-fyr-pa-seg-selv-utenfor-fn-i-protest-mot-kina","status":"publish","type":"post","link":"https:\/\/www.europesays.com\/no\/284992\/","title":{"rendered":"Tibetansk aktivist satte fyr p\u00e5 seg selv utenfor FN i protest mot Kina"},"content":{"rendered":"<p><strong>En tibetanskf\u00f8dt mann bosatt i New York d\u00f8de torsdag etter at han skal ha satt fyr p\u00e5 seg selv utenfor FNs hovedkvarter i Manhattan.<\/strong><\/p>\n<p>If\u00f8lge aktivistgrupper var handlingen en protest mot Kinas styre over Tibet. Mannen er identifisert som 52 \u00e5r gamle Lobsang Palden, ogs\u00e5 kjent som Lobga Rangzen, skriver <a href=\"https:\/\/www.wsj.com\/world\/china\/tibet-born-man-dies-outside-u-n-after-appearing-to-set-himself-alight-9b41a1e6?mod=mhp\" rel=\"nofollow noopener\" target=\"_blank\">Wall Street Journal<\/a>.<\/p>\n<p>Selvp\u00e5tenningen skal ha blitt filmet live. Klipp ligger n\u00e5 ute p\u00e5 X.<\/p>\n<p>Vi advarer mot sterke bilder. Mannen setter fra seg et kamera og g\u00e5r et stykke fremover. Der setter han fyr p\u00e5 seg selv. Etter omlag 90 sekunder faller han om.<\/p>\n<p>Det kommer da til sikerhetvakter fra FN med brannslukningsapparater.<\/p>\n<p><video controls=\"\" src=\"https:\/\/inyheter.no\/wp-content\/uploads\/2026\/07\/Griha_Atul_-_A_42-year-old_Tibetan_man_identified_as_Lobga_Rangzen_has_died_afte_oIG9GO.mp4\"\/><\/p>\n<p>Mannen blor frakter til sykehus, men blir der erkl\u00e5rt d\u00f8d, skriver WSJ.<\/p>\n<p>Hendelsen skal v\u00e6re det f\u00f8rste kjente tilfellet i USA av denne formen for protest mot Kinas kontroll over Tibet. If\u00f8lge WSJ har munker, nonner og lekfolk gjennomf\u00f8rt slike protester mer enn 168 ganger i Kina, Nepal og India.<\/p>\n<p><strong>Kjent aktivist i New York<\/strong><\/p>\n<p>Tibetanske grupper beskriver Palden som en ledende skikkelse i det lokale tibetanske aktivistmilj\u00f8et i New York. Han skal ha v\u00e6rt tidligere president i Tibetan National Congress New York New Jersey.<\/p>\n<p>Gruppen opplyser at han bodde i Queens og var blant de mest kjente lokale aktivistene som arbeidet for fredelige og ikke-voldelige demonstrasjoner mot Beijing-regimets styre i Tibet.<\/p>\n<p>Palden ble f\u00f8dt i Karze, et tibetansk omr\u00e5de i den kinesiske Sichuan-provinsen. Han skal ha flyktet til India som ten\u00e5ring og flyttet til USA for mer enn 20 \u00e5r siden. If\u00f8lge aktivister jobbet han som taxisj\u00e5f\u00f8r i New York.<\/p>\n<p><strong>Protesterte mot ny kinesisk lov<\/strong><\/p>\n<p>Selvantenningen skjedde dagen etter at Kina innf\u00f8rte en ny lov som if\u00f8lge WSJ gjenspeiler president Xi Jinpings visjon om et mektig land samlet rundt \u00e9n nasjonal identitet.<\/p>\n<p>Loven beskrives som en del av en langvarig kampanje for \u00e5 assimilere landets etniske minoriteter.<\/p>\n<p>Aktivister sier Palden denne uken hadde protestert offentlig mot den nye loven om \u00abetnisk enhet\u00bb.<\/p>\n<p><strong>Hundrevis samlet seg utenfor FN<\/strong><\/p>\n<p>Politiet i New York opplyser at n\u00f8detatene rykket ut torsdag og fraktet en alvorlig forbrent mann til sykehus, hvor han ble erkl\u00e6rt d\u00f8d.<\/p>\n<p>En talsmann for FN sier organisasjonen er dypt ber\u00f8rt av hendelsen, og opplyser at FNs sikkerhetsvakter fors\u00f8kte \u00e5 slukke flammene.<\/p>\n<p>\u2013 Det vil v\u00e6re opp til myndighetene \u00e5 samle mer informasjon om denne personen og hans motivasjon, sier talsmannen.<\/p>\n<p>Fredag samlet flere hundre mennesker seg utenfor FN-bygningen etter d\u00f8dsfallet. If\u00f8lge Tsela Zoksang, talskvinne for den USA-baserte organisasjonen Students for a Free Tibet, vil hendelsen bli markert med minnevaker flere steder i verden de kommende dagene.<\/p>\n<p><strong>\u2013 Fortsett kampen<\/strong><\/p>\n<p>Aktivistgrupper har publisert en video som skal vise Palden snakke p\u00e5 tibetansk f\u00f8r hendelsen.<\/p>\n<p>\u2013 Jeg vil at dere fortsetter kampen for tibetansk uavhengighet, fordi mangelen p\u00e5 uavhengighet er roten til alle v\u00e5re problemer, skal han ha sagt, if\u00f8lge WSJ.<\/p>\n","protected":false},"excerpt":{"rendered":"En tibetanskf\u00f8dt mann bosatt i New York d\u00f8de torsdag etter at han skal ha satt fyr p\u00e5 seg&hellip;\n","protected":false},"author":2,"featured_media":284993,"comment_status":"","ping_status":"","sticky":false,"template":"","format":"standard","meta":{"footnotes":"","_share_on_mastodon":"0"},"categories":[12],"tags":[20,21,24,25,15,413,22,23,13,30,28,29,14,16,8128,26,27,42,43,44,45],"class_list":["post-284992","post","type-post","status-publish","format-standard","has-post-thumbnail","category-verden","tag-breaking-news","tag-breakingnews","tag-featured-news","tag-featurednews","tag-headlines","tag-kina","tag-latest-news","tag-latestnews","tag-news","tag-no","tag-norge","tag-norway","tag-nyheter","tag-overskrifter","tag-tibet","tag-top-stories","tag-topstories","tag-verden","tag-world","tag-world-news","tag-worldnews"],"share_on_mastodon":{"url":"https:\/\/pubeurope.com\/@no\/116858766346841968","error":""},"_links":{"self":[{"href":"https:\/\/www.europesays.com\/no\/wp-json\/wp\/v2\/posts\/284992","targetHints":{"allow":["GET"]}}],"collection":[{"href":"https:\/\/www.europesays.com\/no\/wp-json\/wp\/v2\/posts"}],"about":[{"href":"https:\/\/www.europesays.com\/no\/wp-json\/wp\/v2\/types\/post"}],"author":[{"embeddable":true,"href":"https:\/\/www.europesays.com\/no\/wp-json\/wp\/v2\/users\/2"}],"replies":[{"embeddable":true,"href":"https:\/\/www.europesays.com\/no\/wp-json\/wp\/v2\/comments?post=284992"}],"version-history":[{"count":0,"href":"https:\/\/www.europesays.com\/no\/wp-json\/wp\/v2\/posts\/284992\/revisions"}],"wp:featuredmedia":[{"embeddable":true,"href":"https:\/\/www.europesays.com\/no\/wp-json\/wp\/v2\/media\/284993"}],"wp:attachment":[{"href":"https:\/\/www.europesays.com\/no\/wp-json\/wp\/v2\/media?parent=284992"}],"wp:term":[{"taxonomy":"category","embeddable":true,"href":"https:\/\/www.europesays.com\/no\/wp-json\/wp\/v2\/categories?post=284992"},{"taxonomy":"post_tag","embeddable":true,"href":"https:\/\/www.europesays.com\/no\/wp-json\/wp\/v2\/tags?post=284992"}],"curies":[{"name":"wp","href":"https:\/\/api.w.org\/{rel}","templated":true}]}}