{"id":28553,"date":"2025-09-06T13:17:12","date_gmt":"2025-09-06T13:17:12","guid":{"rendered":"https:\/\/www.europesays.com\/no\/28553\/"},"modified":"2025-09-06T13:17:12","modified_gmt":"2025-09-06T13:17:12","slug":"valg-2025-politikk-mdg-og-rodt-sikrer-store-flertall-hoyre-nede-pa-2009-niva","status":"publish","type":"post","link":"https:\/\/www.europesays.com\/no\/28553\/","title":{"rendered":"Valg 2025, Politikk | MDG og R\u00f8dt sikrer St\u00f8re flertall \u2013 H\u00f8yre nede p\u00e5 2009-niv\u00e5"},"content":{"rendered":"\n<p><b>VALG 2025: <\/b>De r\u00f8dgr\u00f8nne partiene f\u00e5r til sammen 91 mandater mot de borgerliges 78. Arbeiderpartiet ligger an til \u00e5 beholde regjeringsmakten med st\u00f8tte fra de andre partiene p\u00e5 venstresiden, med et komfortabelt flertall p\u00e5 seks mandater.<\/p>\n<p>Samtidig sprer bekymringen seg i SV som kun f\u00e5r 5,3 prosent, en tilbakegang p\u00e5 0,9 prosentpoeng. Mer enn hver fjerde SV-velger sier at de vil stemme p\u00e5 MDG. SV som for ikke altfor lenge \u00adsiden s\u00e5 10-tallet p\u00e5 \u00adm\u00e5lingene, er n\u00e5 nest minst av alle stortingspartiene, med 5,3 prosent.<\/p>\n<p><b> \u2013 Dette er alvor. N\u00e5 m\u00e5 alle som \u00f8nsker et sterkt SV v\u00e5kne. Vi st\u00e5r p\u00e5 kanten av et altfor d\u00e5rlig resultat, sier partileder Kirsti Bergst\u00f8 til <a href=\"https:\/\/klassekampen.no\/artikkel\/2025-09-06\/velgerflukt-fra-sv\" rel=\"nofollow noopener\" target=\"_blank\">Klassekampen<\/a>.<\/b><\/p>\n<p>Kun 39 prosent av de som stemte SV i 2021 sier i denne m\u00e5lingen at de vil gj\u00f8re det p\u00e5 nytt i \u00e5r.<\/p>\n<p>Feilsl\u00e5tt H\u00f8yre-strategi<\/p>\n<p>P\u00e5 borgerlig side holder Frp seg over 20 prosent, mens KrF gj\u00f8r sin beste Norfakta-m\u00e5ling siden 2015 med 5,8 prosent. Venstre ligger s\u00e5 vidt over sperregrensen med 4,1 prosent. H\u00f8yre f\u00e5r 13,5 prosent, ned p\u00e5 sitt laveste niv\u00e5 p\u00e5 16 \u00e5r.<\/p>\n<p> Valgforsker Svein Erik Tuastad <a href=\"https:\/\/www.nationen.no\/valgekspert-om-erna-solberg-jeg-tror-hun-er-ferdig-for-bladene-begynner-a-falle\/s\/5-148-783782\" rel=\"nofollow noopener\" target=\"_blank\">sier til Nationen<\/a> at Erna Solbergs strategi med \u00e5 framst\u00e5 som borgerlig statsministerkandidat for \u00e5 hente Frp-skeptiske velgere ned fra gjerdet, ikke har gitt effekt. Bakgrunnstallene viser at en av fire H\u00f8yre-velgere har g\u00e5tt til Frp, og s\u00f8rget for en betydelig del av Frps vekst.<\/p>\n<p><b>\u2013 I ettertid s\u00e5 risikerer de at det kan vise seg som en kjempetabbe: At man g\u00e5r inn i siste valgkampuken p\u00e5 en sak du nesten ikke kan vinne noe p\u00e5, og som var veldig lite sannsynlig at de ville vinne noe p\u00e5, men i stedet skaper du en veldig negativ mediesak som f\u00e5r dominere den nest siste helga f\u00f8r valget, sier han.<\/b><\/p>\n<p>Tallenes tale<\/p>\n<p>B\u00e5de MDG og Kristelig Folkeparti og Venstre kjemper for \u00e5 komme over sperregrensen p\u00e5 fire prosent i dette valget, og der er kun endringene for KrF, MDG og Venstre som er utenfor usikkerhetsmarginen p\u00e5 m\u00e5lingen.<\/p>\n<p>Resultater for alle partiene med endring fra august i parentes:<\/p>\n<p>Ap 27,0 (+0,2)<\/p>\n<p>Frp 20,8 (\u22120,1)<\/p>\n<p>H\u00f8yre 13,5 (\u22120,9)<\/p>\n<p>Sp 7,0 (+0,3)<\/p>\n<p>MDG 6,0 (+1,8)<\/p>\n<p>KrF 5,8 (+2,0)<\/p>\n<p>R\u00f8dt 5,6 (\u22120,7)<\/p>\n<p>SV 5,3 (\u22120,9)<\/p>\n<p>Venstre 4,1 (\u22121,5)<\/p>\n<p>Andre 4,9 (\u22120,3)<\/p>\n<p>Ved stortingsvalget i 2021 fikk sm\u00e5partiene i andre-kategorien til sammen 3,6 prosent av stemmene. <\/p>\n<p>M\u00e5lingen er utf\u00f8rt 1.\u20132. september av Norfakta for Klassekampen og Nationen. Et representativt utvalg p\u00e5 1004 personer er spurt i m\u00e5lingen. Usikkerhetsmarginene p\u00e5 m\u00e5lingen er mellom 1,2 og 2,7 prosentpoeng.<\/p>\n","protected":false},"excerpt":{"rendered":"VALG 2025: De r\u00f8dgr\u00f8nne partiene f\u00e5r til sammen 91 mandater mot de borgerliges 78. Arbeiderpartiet ligger an til&hellip;\n","protected":false},"author":2,"featured_media":28554,"comment_status":"","ping_status":"","sticky":false,"template":"","format":"standard","meta":{"footnotes":""},"categories":[10],"tags":[36,20,21,24,25,15,22,23,13,30,28,29,14,16,41,199,1510,26,27,845],"class_list":{"0":"post-28553","1":"post","2":"type-post","3":"status-publish","4":"format-standard","5":"has-post-thumbnail","7":"category-norge","8":"tag-art","9":"tag-breaking-news","10":"tag-breakingnews","11":"tag-featured-news","12":"tag-featurednews","13":"tag-headlines","14":"tag-latest-news","15":"tag-latestnews","16":"tag-news","17":"tag-no","18":"tag-norge","19":"tag-norway","20":"tag-nyheter","21":"tag-overskrifter","22":"tag-politikk","23":"tag-stortingsvalg","24":"tag-story","25":"tag-top-stories","26":"tag-topstories","27":"tag-valg-2025"},"share_on_mastodon":{"url":"","error":""},"_links":{"self":[{"href":"https:\/\/www.europesays.com\/no\/wp-json\/wp\/v2\/posts\/28553","targetHints":{"allow":["GET"]}}],"collection":[{"href":"https:\/\/www.europesays.com\/no\/wp-json\/wp\/v2\/posts"}],"about":[{"href":"https:\/\/www.europesays.com\/no\/wp-json\/wp\/v2\/types\/post"}],"author":[{"embeddable":true,"href":"https:\/\/www.europesays.com\/no\/wp-json\/wp\/v2\/users\/2"}],"replies":[{"embeddable":true,"href":"https:\/\/www.europesays.com\/no\/wp-json\/wp\/v2\/comments?post=28553"}],"version-history":[{"count":0,"href":"https:\/\/www.europesays.com\/no\/wp-json\/wp\/v2\/posts\/28553\/revisions"}],"wp:featuredmedia":[{"embeddable":true,"href":"https:\/\/www.europesays.com\/no\/wp-json\/wp\/v2\/media\/28554"}],"wp:attachment":[{"href":"https:\/\/www.europesays.com\/no\/wp-json\/wp\/v2\/media?parent=28553"}],"wp:term":[{"taxonomy":"category","embeddable":true,"href":"https:\/\/www.europesays.com\/no\/wp-json\/wp\/v2\/categories?post=28553"},{"taxonomy":"post_tag","embeddable":true,"href":"https:\/\/www.europesays.com\/no\/wp-json\/wp\/v2\/tags?post=28553"}],"curies":[{"name":"wp","href":"https:\/\/api.w.org\/{rel}","templated":true}]}}