{"id":285787,"date":"2026-07-05T02:10:23","date_gmt":"2026-07-05T02:10:23","guid":{"rendered":"https:\/\/www.europesays.com\/no\/285787\/"},"modified":"2026-07-05T02:10:23","modified_gmt":"2026-07-05T02:10:23","slug":"nyheter-tour-de-france-knallsterk-start-for-tobias-foss-under-tour-de-france","status":"publish","type":"post","link":"https:\/\/www.europesays.com\/no\/285787\/","title":{"rendered":"Nyheter, Tour de France | Knallsterk start for Tobias Foss under Tour de France"},"content":{"rendered":"\n<p>Jonas Vingegaard avsluttet lagtempoen mesterlig og hjalp Per Strand Hagenes og resten av Visma til seier p\u00e5 \u00e5pningsetappen i Tour de France.<\/p>\n<p>Ikke siden 1971 har Tour de France startet med en lagtempo. I Barcelona viste Visma seg sterkest, og Vingegaard er leder av rittet etter f\u00f8rste dag. Det er ventet at dansken skal kjempe med Tadej Pogacar om sammenlagtseieren. Pogacar og UAE-laget kom i m\u00e5l tolv sekunder bak Vingegaard.<\/p>\n<p>\u2013 Det er en mental seier for Jonas Vingegaard og en dr\u00f8mmestart for hans del, sa TV 2s Magnus Drivenes.<\/p>\n<p>Tobias Foss og Ineos ble nummer to p\u00e5 etappen, og Foss er p\u00e5 15.-plass sammenlagt med 38 sekunder opp til Vingegaard.<\/p>\n<p>Arrang\u00f8ren har f\u00f8r \u00e5rets Tour de France-utgave endret reglene rundt lagtempoen. Tidligere har lagets tid blitt tatt etter at fjerde rytter er i m\u00e5l, mens tiden stoppet allerede da f\u00f8rstemann p\u00e5 laget passerte m\u00e5lstreken i \u00e5rets ritt.<\/p>\n<p>Dermed kan ryttere p\u00e5 lag som ikke er blant de sterkeste, f\u00e5 en god start i sammendraget selv om laget ikke plasserer seg i toppen. Det gj\u00f8r ogs\u00e5 at de som sykler sakte, f\u00e5r d\u00e5rligere individuell tid enn resten av laget.<\/p>\n<p>L\u00f8rdagens etappe startet ganske flatt f\u00f8r det kom noen bakker i avslutningen. Det var ogs\u00e5 p\u00e5 slutten mange h\u00e5pet \u00e5 sette inn st\u00f8tet i jakten p\u00e5 hente tid p\u00e5 konkurrentene allerede p\u00e5 f\u00f8rste etappe.<\/p>\n<p>Dramatisk for norsk lag<\/p>\n<p>Det norske Uno-X-laget endte p\u00e5 14.-plass, 59 sekunder bak vinnerne. Uno-X er inne i sin f\u00f8rste sesong som World Tour-lag, og dermed var de ikke avhengig av invitasjon til Tour de France slik de har f\u00e5tt de to foreg\u00e5ende \u00e5rene.<\/p>\n<p>P\u00e5 oppvarmingsrunden f\u00f8r l\u00f8rdagens etappe falt et av gjerdene ned mens Uno-X var p\u00e5 vei forbi. TV-bildene viste at det ikke var mye om \u00e5 gj\u00f8re f\u00f8r det traff en av rytterne.<\/p>\n<p>\u2013 Her kunne Touren v\u00e6rt over for noen av Uno-X-gutta f\u00f8r den hadde begynt, sa TV 2s Magnus Drivenes.<\/p>\n<p>Jonas Abrahamsen stemte i.<\/p>\n<p>\u2013 Jeg var nesten helt sikker p\u00e5 at jeg kom til \u00e5 g\u00e5 ned, og s\u00e5 hadde jeg fire lagkamerater p\u00e5 hjul. Det er et under at de greide \u00e5 holde seg p\u00e5 hjulene. Det kunne endt med katastrofe med fire mann ut p\u00e5 f\u00f8rste dag, sa han til TV 2.<\/p>\n<p>Jakter mer jubel<\/p>\n<p>Nevnte Abrahamsen tok i fjor lagets f\u00f8rste etappeseier i verdens st\u00f8rste sykkelritt, mens Tobias Halland Johannessen tok en knallsterk sjetteplass i sammendraget. Uno-X har dermed h\u00e5p om \u00e5 f\u00e5 til noe ogs\u00e5 i \u00e5r.<\/p>\n<p>Pogacar jakter i sommer \u00e5 tangere rekorden i rittet med sin femte sammenlagtseier.<\/p>\n<p>Rytterne fortsetter i Spania ogs\u00e5 de kommende dagene. Den andre etappen g\u00e5r fra Tarragona til Barcelona og er 168,5 kilometer lang. Der blir det trolig bruddkamp.<\/p>\n<p>(\u00a9NTB)<\/p>\n","protected":false},"excerpt":{"rendered":"Jonas Vingegaard avsluttet lagtempoen mesterlig og hjalp Per Strand Hagenes og resten av Visma til seier p\u00e5 \u00e5pningsetappen&hellip;\n","protected":false},"author":2,"featured_media":285788,"comment_status":"","ping_status":"","sticky":false,"template":"","format":"standard","meta":{"footnotes":"","_share_on_mastodon":"0"},"categories":[59],"tags":[36,1427,30,28,29,14,83,82,1510,542,15047],"class_list":["post-285787","post","type-post","status-publish","format-standard","has-post-thumbnail","category-sport","tag-art","tag-lillehammer","tag-no","tag-norge","tag-norway","tag-nyheter","tag-sport","tag-sports","tag-story","tag-tour-de-france","tag-vingrom"],"share_on_mastodon":{"url":"https:\/\/pubeurope.com\/@no\/116864944020625879","error":""},"_links":{"self":[{"href":"https:\/\/www.europesays.com\/no\/wp-json\/wp\/v2\/posts\/285787","targetHints":{"allow":["GET"]}}],"collection":[{"href":"https:\/\/www.europesays.com\/no\/wp-json\/wp\/v2\/posts"}],"about":[{"href":"https:\/\/www.europesays.com\/no\/wp-json\/wp\/v2\/types\/post"}],"author":[{"embeddable":true,"href":"https:\/\/www.europesays.com\/no\/wp-json\/wp\/v2\/users\/2"}],"replies":[{"embeddable":true,"href":"https:\/\/www.europesays.com\/no\/wp-json\/wp\/v2\/comments?post=285787"}],"version-history":[{"count":0,"href":"https:\/\/www.europesays.com\/no\/wp-json\/wp\/v2\/posts\/285787\/revisions"}],"wp:featuredmedia":[{"embeddable":true,"href":"https:\/\/www.europesays.com\/no\/wp-json\/wp\/v2\/media\/285788"}],"wp:attachment":[{"href":"https:\/\/www.europesays.com\/no\/wp-json\/wp\/v2\/media?parent=285787"}],"wp:term":[{"taxonomy":"category","embeddable":true,"href":"https:\/\/www.europesays.com\/no\/wp-json\/wp\/v2\/categories?post=285787"},{"taxonomy":"post_tag","embeddable":true,"href":"https:\/\/www.europesays.com\/no\/wp-json\/wp\/v2\/tags?post=285787"}],"curies":[{"name":"wp","href":"https:\/\/api.w.org\/{rel}","templated":true}]}}