{"id":285900,"date":"2026-07-05T07:46:29","date_gmt":"2026-07-05T07:46:29","guid":{"rendered":"https:\/\/www.europesays.com\/no\/285900\/"},"modified":"2026-07-05T07:46:29","modified_gmt":"2026-07-05T07:46:29","slug":"sogndal-fotball-meiningar-sogndal-trenger-tydelige-grep-na","status":"publish","type":"post","link":"https:\/\/www.europesays.com\/no\/285900\/","title":{"rendered":"Sogndal Fotball, Meiningar | Sogndal trenger tydelige grep \u2013 n\u00e5"},"content":{"rendered":"<p class=\"vignette\">Meiningar<\/p>\n<p class=\"disclaimer\">Dette er eit debattinnlegg. Innlegget gir uttrykk for skribenten sine haldningar.<\/p>\n<p>Som en engasjert supporter som er glad i norsk fotball \u2013 og med dyp respekt for Sogndal Fotball \u2013 er det tungt \u00e5 se klubben slite b\u00e5de sportslig og organisatorisk. Sogndal har en unik posisjon i norsk fotball. Nettopp derfor m\u00e5 klubben n\u00e5 ta tydelige og modige valg for \u00e5 gjenopprette ro, retning og stolthet.<\/p>\n<p>Her er ti grep som kan l\u00f8fte klubben:<\/p>\n<p>Gjennomf\u00f8r et trenerskifte. Resultatene og uroen rundt A\u2011laget tilsier at et skifte er n\u00f8dvendig for \u00e5 gjenopprette tillit og tydelig retning.<\/p>\n<p>Ansett Eirik Bakke ut sesongen. Bakke har integriteten, autoriteten og lokalkunnskapen klubben trenger n\u00e5. Han kan umiddelbart skape ro og gi laget en klar identitet.<\/p>\n<p>Planlegg langsiktig med Christian Michelsen og Renate Blindheim. Dersom Bakke ikke er aktuell videre, er dette en sterk duo. Michelsen har dokumentert Eliteserie\u2011suksess, mens Blindheim st\u00e5r for mot, nytenkning og imponerende resultater.<\/p>\n<p>Hent Johan Bakke p\u00e5 l\u00e5n. En lokal spiller med stort potensial som kan vokse i trygge omgivelser \u2013 og samtidig styrke laget sportslig. Han kommer til \u00e5 ta Eliteserien med storm, men noen ganger m\u00e5 man ta to steg tilbake for \u00e5 ta et steg frem.<\/p>\n<p>Rekrutter Phillip Holseter-Karlsen. En spennende midtbanespiller fra T\u00f8nsberg som spiller for PSV Eindhoven U19 og Norge G18, og som kan blomstre i et utviklingsorientert milj\u00f8 som Sogndal.<\/p>\n<p>Styrk talentarbeidet. Sogndal er en av landets beste talentfabrikker. Prioriter dette arbeidet videre, og husk at tett samarbeid med regionklubber er avgj\u00f8rende for \u00e5 beholde denne posisjonen.<\/p>\n<p>Bygg kontinuitet i spillergruppa. Kulturb\u00e6rere som Even Hovland er uvurderlige b\u00e5de sportslig og menneskelig. Han er en kaptein p\u00e5 og utenfor banen, og en n\u00f8kkelperson i klubbens identitet.<\/p>\n<p>Gi Ingrid Narum tillit som daglig leder. Hun har vist at hun fungerer sv\u00e6rt godt i rollen og fremst\u00e5r som en profesjonell og samlende leder som fortjener trygghet og kontinuitet.<\/p>\n<p>Bruk Rasmus Moe som kulturressurs. En Sogndal\u2011legende og sterk relasjonsbygger som ser det beste i mennesker, bygger lag og skaper trivsel rundt seg. Han kan styrke b\u00e5de klubbkultur og enkeltpersoner.<\/p>\n<p>Sett menneskene f\u00f8rst \u2013 hver dag. N\u00e5r folk trives og f\u00f8ler seg sett, skapes en kultur som gir b\u00e5de resultater og stolthet. Sogndal Fotball m\u00e5 ha som m\u00e5l at alle skal gj\u00f8re hverandre gode hver eneste dag, hele \u00e5ret. Den jobben m\u00e5 starte n\u00e5.<\/p>\n<p>Stao no pao!<\/p>\n<p>  <a href=\"https:\/\/www.sognavis.no\/5-115-1459423\" class=\"related-teaser has-image article--c-MkAkR\" rel=\"nofollow noopener\" target=\"_blank\"><\/p>\n<p>    <img decoding=\"async\" width=\"155\"  loading=\"lazy\"  src=\"https:\/\/www.europesays.com\/no\/wp-content\/uploads\/2026\/07\/kari.jpg\" alt=\"\" class=\"brick-c-cFOWSL\" style=\"\"\/><\/p>\n<p>\n            Les ogs\u00e5<\/p>\n<p>            Har det ikkje vore nokon vaksne heime i organisasjonen Sogndal Fotball?\n        <\/p>\n<p>  <\/a><\/p>\n<p>  <a href=\"https:\/\/www.sognavis.no\/5-115-1457701\" class=\"related-teaser has-image article--c-MkAkR\" rel=\"nofollow noopener\" target=\"_blank\"><\/p>\n<p>    <img decoding=\"async\" width=\"155\"  loading=\"lazy\"  src=\"https:\/\/www.europesays.com\/no\/wp-content\/uploads\/2026\/07\/untitled-68.jpg\" alt=\"\" class=\"brick-c-cFOWSL\" style=\"\"\/><\/p>\n<p>\n            Les ogs\u00e5<\/p>\n<p>Det er p\u00e5 tide at ogs\u00e5 to andre stiller sine plassar til disposisjon\n        <\/p>\n<p>  <\/a><\/p>\n<p>  <a href=\"https:\/\/www.sognavis.no\/5-115-1455575\" class=\"related-teaser has-image article--c-MkAkR\" rel=\"nofollow noopener\" target=\"_blank\"><\/p>\n<p>    <img decoding=\"async\" width=\"155\"  loading=\"lazy\"  src=\"https:\/\/www.europesays.com\/no\/wp-content\/uploads\/2026\/07\/Kommentar+NYE+MALAR++.png\" alt=\"\" class=\"brick-c-cFOWSL\" style=\"\"\/><\/p>\n<p>\n            Les ogs\u00e5<\/p>\n<p>            Det m\u00e5tte ein modig 20-\u00e5ring til for \u00e5 f\u00e5 hol p\u00e5 verkebyllen. Men det er vanskeleg \u00e5 sj\u00e5 f\u00f8re seg ein veg vidare utan ytterlegare konsekvensar\n        <\/p>\n<p>  <\/a><\/p>\n","protected":false},"excerpt":{"rendered":"Meiningar Dette er eit debattinnlegg. Innlegget gir uttrykk for skribenten sine haldningar. Som en engasjert supporter som er&hellip;\n","protected":false},"author":2,"featured_media":285901,"comment_status":"","ping_status":"","sticky":false,"template":"","format":"standard","meta":{"footnotes":"","_share_on_mastodon":"0"},"categories":[59],"tags":[36,92,1939,30,28,29,1533,7865,83,82],"class_list":["post-285900","post","type-post","status-publish","format-standard","has-post-thumbnail","category-sport","tag-art","tag-fotball","tag-meiningar","tag-no","tag-norge","tag-norway","tag-opinion","tag-sogndal-fotball","tag-sport","tag-sports"],"share_on_mastodon":{"url":"https:\/\/pubeurope.com\/@no\/116866265446418184","error":""},"_links":{"self":[{"href":"https:\/\/www.europesays.com\/no\/wp-json\/wp\/v2\/posts\/285900","targetHints":{"allow":["GET"]}}],"collection":[{"href":"https:\/\/www.europesays.com\/no\/wp-json\/wp\/v2\/posts"}],"about":[{"href":"https:\/\/www.europesays.com\/no\/wp-json\/wp\/v2\/types\/post"}],"author":[{"embeddable":true,"href":"https:\/\/www.europesays.com\/no\/wp-json\/wp\/v2\/users\/2"}],"replies":[{"embeddable":true,"href":"https:\/\/www.europesays.com\/no\/wp-json\/wp\/v2\/comments?post=285900"}],"version-history":[{"count":0,"href":"https:\/\/www.europesays.com\/no\/wp-json\/wp\/v2\/posts\/285900\/revisions"}],"wp:featuredmedia":[{"embeddable":true,"href":"https:\/\/www.europesays.com\/no\/wp-json\/wp\/v2\/media\/285901"}],"wp:attachment":[{"href":"https:\/\/www.europesays.com\/no\/wp-json\/wp\/v2\/media?parent=285900"}],"wp:term":[{"taxonomy":"category","embeddable":true,"href":"https:\/\/www.europesays.com\/no\/wp-json\/wp\/v2\/categories?post=285900"},{"taxonomy":"post_tag","embeddable":true,"href":"https:\/\/www.europesays.com\/no\/wp-json\/wp\/v2\/tags?post=285900"}],"curies":[{"name":"wp","href":"https:\/\/api.w.org\/{rel}","templated":true}]}}