{"id":28594,"date":"2025-09-06T15:29:05","date_gmt":"2025-09-06T15:29:05","guid":{"rendered":"https:\/\/www.europesays.com\/no\/28594\/"},"modified":"2025-09-06T15:29:05","modified_gmt":"2025-09-06T15:29:05","slug":"dnb-carnegies-anbefaling-pa-dof-group-og-nibe","status":"publish","type":"post","link":"https:\/\/www.europesays.com\/no\/28594\/","title":{"rendered":"DNB Carnegies anbefaling p\u00e5 DOF Group og Nibe"},"content":{"rendered":"<p>I likhet med hva vi har sett gjennom denne uken vil en rekke selskaper ogs\u00e5 neste uke benytte perioden mellom kvartalsrapporteringene til \u00e5 delta p\u00e5 konferanser og presentere mer langsiktige m\u00e5l og utsikter for investorene. Et av disse er<b>\u00a0DOF Group<\/b>, som tirsdag har invitert til en kapitalmarkedsdag hvor ledelsen vil gi en oppdatering av strategien og i tillegg spesielt fokusere p\u00e5 de operasjonelle aktivitetene i Brasil og Nord-Amerika. Ved Q2-presentasjonen i august la selskapet fram en EBITDA som l\u00e5 solid over forventningene, men i en aksje hvor mye dreier seg om utbyttevisibilitet og -kapasitet ble dette for en stor grad oppveid av \u00f8kning i arbeidskapitalen og et oppjustert investeringsbehov fremover. I etterkant av rapporteringen har selskapet imidlertid annonsert tilleggskontrakter i Brasil p\u00e5 USD 50 mill. for innev\u00e6rende \u00e5r og nye fire\u00e5rige avtaler i Brasil for til sammen USD 165 mill. med oppstart inn i 2026. Videre er det b\u00e5de inng\u00e5tt en ett\u00e5rig avtale i Asia p\u00e5 mellom USD 20\u201350 mill. og utstedt et obligasjonsl\u00e5n p\u00e5 USD 150 mill. Hva dette impliserer for langsiktig guiding og videre utbyttepolitikk vil derfor v\u00e6re noe investorene vil holde \u00f8ye med p\u00e5 tirsdag.<\/p>\n<p>DOF Group stengte i g\u00e5r p\u00e5 NOK 97.80 pr. aksje og<b>\u00a0vi har en <a href=\"https:\/\/www.dnb.no\/portalfrontapp\/markets\/aksjehandel-v10\/#\/company\/DOFG.OL\" target=\"_blank\" rel=\"nofollow noopener\">kj\u00f8psanbefaling<\/a> med et kursm\u00e5l p\u00e5 NOK 130 pr. aksje.\u00a0\u00a0 \u00a0<br \/>\u00a0\u00a0\u00a0\u00a0\u00a0\u00a0\u00a0<\/b><br \/>Tirsdag har ogs\u00e5<b>\u00a0Nibe\u00a0<\/b>invitert til en noe kortene presentasjon. Selskapet opererer globalt og p\u00e5 v\u00e5re estimater vil de i innev\u00e6rende \u00e5r ende opp med et salg av hovedsakelig varmepumper p\u00e5 SEK 41 mrd. Lavere gasspriser, h\u00f8yere renteniv\u00e5 og distribut\u00f8renes behov for \u00e5 redusere lagrene har de siste \u00e5rene gitt et utfordrende marked, men p\u00e5 tross av dette leverte selskapet h\u00f8yere salg og bedre marginer for Q2 enn ventet. EBIT-marginen for varmepumpedivisjonen l\u00e5 i kvartalet p\u00e5 12.3 % med en utnyttelse p\u00e5 30-40% av produksjonskapasiteten og sp\u00f8rsm\u00e5let blir da hva som kan skje med inntjeningen om og n\u00e5r volumene kommer tilbake.<\/p>\n<p>Nibe stengte i g\u00e5r p\u00e5 SEK 37.40 pr. aksje og<b>\u00a0vi har en <a href=\"https:\/\/www.dnb.no\/portalfrontapp\/markets\/aksjehandel-v10\/#\/company\/NIBEb.ST\" target=\"_blank\" rel=\"nofollow noopener\">kj\u00f8psanbefaling<\/a> med et kursm\u00e5l p\u00e5 SEK 58 pr. aksje.<\/b><\/p>\n","protected":false},"excerpt":{"rendered":"I likhet med hva vi har sett gjennom denne uken vil en rekke selskaper ogs\u00e5 neste uke benytte&hellip;\n","protected":false},"author":2,"featured_media":28595,"comment_status":"","ping_status":"","sticky":false,"template":"","format":"standard","meta":{"footnotes":""},"categories":[56],"tags":[184,60,185,61,62,30,28,29],"class_list":{"0":"post-28594","1":"post","2":"type-post","3":"status-publish","4":"format-standard","5":"has-post-thumbnail","7":"category-naeringsliv","8":"tag-aksjer","9":"tag-business","10":"tag-dnb-carnegie","11":"tag-economy","12":"tag-naeringsliv","13":"tag-no","14":"tag-norge","15":"tag-norway"},"share_on_mastodon":{"url":"","error":""},"_links":{"self":[{"href":"https:\/\/www.europesays.com\/no\/wp-json\/wp\/v2\/posts\/28594","targetHints":{"allow":["GET"]}}],"collection":[{"href":"https:\/\/www.europesays.com\/no\/wp-json\/wp\/v2\/posts"}],"about":[{"href":"https:\/\/www.europesays.com\/no\/wp-json\/wp\/v2\/types\/post"}],"author":[{"embeddable":true,"href":"https:\/\/www.europesays.com\/no\/wp-json\/wp\/v2\/users\/2"}],"replies":[{"embeddable":true,"href":"https:\/\/www.europesays.com\/no\/wp-json\/wp\/v2\/comments?post=28594"}],"version-history":[{"count":0,"href":"https:\/\/www.europesays.com\/no\/wp-json\/wp\/v2\/posts\/28594\/revisions"}],"wp:featuredmedia":[{"embeddable":true,"href":"https:\/\/www.europesays.com\/no\/wp-json\/wp\/v2\/media\/28595"}],"wp:attachment":[{"href":"https:\/\/www.europesays.com\/no\/wp-json\/wp\/v2\/media?parent=28594"}],"wp:term":[{"taxonomy":"category","embeddable":true,"href":"https:\/\/www.europesays.com\/no\/wp-json\/wp\/v2\/categories?post=28594"},{"taxonomy":"post_tag","embeddable":true,"href":"https:\/\/www.europesays.com\/no\/wp-json\/wp\/v2\/tags?post=28594"}],"curies":[{"name":"wp","href":"https:\/\/api.w.org\/{rel}","templated":true}]}}