{"id":286106,"date":"2026-07-05T13:26:12","date_gmt":"2026-07-05T13:26:12","guid":{"rendered":"https:\/\/www.europesays.com\/no\/286106\/"},"modified":"2026-07-05T13:26:12","modified_gmt":"2026-07-05T13:26:12","slug":"ulykker-trafikk-bil-koyrde-ut-i-ein-sving-star-pa-skra-i-grofta","status":"publish","type":"post","link":"https:\/\/www.europesays.com\/no\/286106\/","title":{"rendered":"Ulykker, Trafikk | Bil k\u00f8yrde ut i ein sving \u2013 st\u00e5r p\u00e5 skr\u00e5 i gr\u00f8fta"},"content":{"rendered":"\n<p>Operasjonssentralen i Vest politidistrikt melde klokka 13.36 om at AMK om lag eit kvarter tidlegare hadde blitt varsla om ein bil utfor vegen p\u00e5 E39 Nordfjordvegen, n\u00e6r Nordfjordeid.<\/p>\n<p>Bilen er opplyst \u00e5 st\u00e5 p\u00e5 skr\u00e5 i ei gr\u00f8ft, etter \u00e5 ha k\u00f8yrd ut i ein sving.<\/p>\n<p>Prega av hendinga<\/p>\n<p>Det skal ikkje ha vore andre enn f\u00f8raren i bilen, som er ei kvinne i 50-\u00e5ra. <\/p>\n<p>Ambulanse og politi er p\u00e5 staden, og kvinna er opplyst \u00e5 vere vaken og bevisst. Det er heller ikkje meldt om personskadar, men den involverte kvinna framst\u00e5r noko prega av hendinga, skriv politiet.<\/p>\n<p>Ho vert tilsett av helsepersonell.<\/p>\n<p>Det har ikkje vore andre k\u00f8yret\u00f8y involverte i utfork\u00f8yringa, og det er mogleg for anna trafikk \u00e5 passere.<\/p>\n<p>Bl\u00e6s raudt<\/p>\n<p>Like etter klokka 14, oppdaterer politiet med at kvinna som k\u00f8yrde bilen har bl\u00e5st over lovleg verdi p\u00e5 i alkometer, og at dei ogs\u00e5 skal gjennomf\u00f8re ei blodpr\u00f8ve.<\/p>\n<p>Det skal vere mindre materielle skadar p\u00e5 bilen, men ein treng bilbergar for \u00e5 f\u00e5 den fr\u00e5 staden.<\/p>\n<p>Kvinna vil bli teken til F\u00f8rde sentralsjukehus for under\u00f8king og observasjon. Dette grunna at utfork\u00f8yringa skjedde i ei 80-sone.<\/p>\n<p>Firda oppdaterer saka.<\/p>\n","protected":false},"excerpt":{"rendered":"Operasjonssentralen i Vest politidistrikt melde klokka 13.36 om at AMK om lag eit kvarter tidlegare hadde blitt varsla&hellip;\n","protected":false},"author":2,"featured_media":286028,"comment_status":"","ping_status":"","sticky":false,"template":"","format":"standard","meta":{"footnotes":"","_share_on_mastodon":"0"},"categories":[10],"tags":[36,20,21,24,25,15,22,23,13,30,28,29,14,16,2027,1510,26,27,224,1204],"class_list":["post-286106","post","type-post","status-publish","format-standard","has-post-thumbnail","category-norge","tag-art","tag-breaking-news","tag-breakingnews","tag-featured-news","tag-featurednews","tag-headlines","tag-latest-news","tag-latestnews","tag-news","tag-no","tag-norge","tag-norway","tag-nyheter","tag-overskrifter","tag-stad","tag-story","tag-top-stories","tag-topstories","tag-trafikk","tag-ulykker"],"share_on_mastodon":{"url":"","error":""},"_links":{"self":[{"href":"https:\/\/www.europesays.com\/no\/wp-json\/wp\/v2\/posts\/286106","targetHints":{"allow":["GET"]}}],"collection":[{"href":"https:\/\/www.europesays.com\/no\/wp-json\/wp\/v2\/posts"}],"about":[{"href":"https:\/\/www.europesays.com\/no\/wp-json\/wp\/v2\/types\/post"}],"author":[{"embeddable":true,"href":"https:\/\/www.europesays.com\/no\/wp-json\/wp\/v2\/users\/2"}],"replies":[{"embeddable":true,"href":"https:\/\/www.europesays.com\/no\/wp-json\/wp\/v2\/comments?post=286106"}],"version-history":[{"count":0,"href":"https:\/\/www.europesays.com\/no\/wp-json\/wp\/v2\/posts\/286106\/revisions"}],"wp:featuredmedia":[{"embeddable":true,"href":"https:\/\/www.europesays.com\/no\/wp-json\/wp\/v2\/media\/286028"}],"wp:attachment":[{"href":"https:\/\/www.europesays.com\/no\/wp-json\/wp\/v2\/media?parent=286106"}],"wp:term":[{"taxonomy":"category","embeddable":true,"href":"https:\/\/www.europesays.com\/no\/wp-json\/wp\/v2\/categories?post=286106"},{"taxonomy":"post_tag","embeddable":true,"href":"https:\/\/www.europesays.com\/no\/wp-json\/wp\/v2\/tags?post=286106"}],"curies":[{"name":"wp","href":"https:\/\/api.w.org\/{rel}","templated":true}]}}