{"id":286132,"date":"2026-07-05T14:02:19","date_gmt":"2026-07-05T14:02:19","guid":{"rendered":"https:\/\/www.europesays.com\/no\/286132\/"},"modified":"2026-07-05T14:02:19","modified_gmt":"2026-07-05T14:02:19","slug":"rekordmange-ballistiske-missiler-mot-kyiv-flere-liv-kunne-vaert-reddet","status":"publish","type":"post","link":"https:\/\/www.europesays.com\/no\/286132\/","title":{"rendered":"Rekordmange ballistiske missiler mot Kyiv: \u2013 Flere liv kunne v\u00e6rt reddet"},"content":{"rendered":"\n<p class=\"_paragraph_145nj_4 _paragraph_6fko5_10 layout-component text-serif-m layout-normal text-serif-m layout-padded\">Natt til torsdag sendte Russland b\u00f8lge etter b\u00f8lge av missiler og droner mot Kyiv. S\u00f8ndag er omfanget tydelig: Knuste boligblokker, utbrente bygninger, titusenvis av mennesker i tilfluktsrom.<\/p>\n<p class=\"_paragraph_145nj_4 _paragraph_6fko5_10 layout-component text-serif-m layout-normal text-serif-m layout-padded\">If\u00f8lge Kyiv Independent var minst 31 mennesker drept da redningsarbeidet ble avsluttet. Over 100 mennesker er s\u00e5ret.<\/p>\n<p class=\"_paragraph_145nj_4 _paragraph_6fko5_10 layout-component text-serif-m layout-normal text-serif-m layout-padded\">Russland avfyrte 74 missiler og 496 langtrekkende droner i angrepet, if\u00f8lge det ukrainske flyv\u00e5penet. Ukraina oppgir at 48 missiler og 476 droner ble skutt ned eller n\u00f8ytralisert. 25 ballistiske missilerballistiske missilerEt ballistisk missil skytes opp, g\u00e5r h\u00f8yt opp i atmosf\u00e6ren eller verdensrommet, og faller deretter ned mot m\u00e5let i sv\u00e6rt h\u00f8y fart. og 12 droner traff 33 steder.<\/p>\n<p class=\"_paragraph_145nj_4 _paragraph_6fko5_10 layout-component text-serif-m layout-normal text-serif-m layout-padded\">\u2013 Dette er blant de mest krevende v\u00e5pnene \u00e5 forsvare seg mot, selv for de mest avanserte luftvernsystemene i verden, sier Ole J\u00f8rgen Maa\u00f8. <\/p>\n<p class=\"_paragraph_145nj_4 _paragraph_6fko5_10 layout-component text-serif-m layout-normal text-serif-m layout-padded\">Han er historiker og f\u00f8rsteamanuensis ved Luftkrigsskolen i Trondheim ved Luftkrigsskolen, og er en av Norges fremste eksperter p\u00e5 luftmakt og missilforsvar. <\/p>\n<p><img alt=\"Foto: SERGEI SUPINSKY \/ AFP \/ NTB\" class=\"_image_jw3bv_65 layout-component layout-normal\" data-fullscreen- data-track-element-type=\"Article image fullscreen\" data-track-name=\"ImageFullscreen\" decoding=\"async\" loading=\"lazy\" height=\"3580\" itemprop=\"image\"  src=\"https:\/\/www.europesays.com\/no\/wp-content\/uploads\/2026\/07\/a000a354-c817-3523-83ee-b12ec150dab1.jpeg\"  style=\"object-position:0% 0%\" width=\"5196\"\/>Foto: SERGEI SUPINSKY \/ AFP \/ NTB<\/p>\n<p class=\"_paragraph_145nj_4 _paragraph_6fko5_10 layout-component text-serif-m layout-normal text-serif-m layout-padded\"><strong class=\"_strong_145nj_25\">If\u00f8lge det ukrainske flyv\u00e5penets talsperson Jurij Ihnat var 28 av missilene som ble sendt mot Kyiv ballistiske. Det skal v\u00e6re det h\u00f8yeste antallet ballistiske missiler brukt i ett enkelt angrep mot hovedstaden.<\/strong><\/p>\n<p class=\"_paragraph_145nj_4 _paragraph_6fko5_10 layout-component text-serif-m layout-normal text-serif-m layout-padded\"><strong class=\"_strong_145nj_25\">NATO m\u00f8tes i skyggen av angrepet<\/strong><\/p>\n<p class=\"_paragraph_145nj_4 _paragraph_6fko5_10 layout-component text-serif-m layout-normal text-serif-m layout-padded\">Angrepet kommer bare dager f\u00f8r NATO-landene samles i Tyrkias hovedstad Ankara 7. og 8. juli. Zelenskyj er invitert, og luftvern til Ukraina ventes \u00e5 bli et sentralt tema.<\/p>\n<p><img alt=\"Russiske missiler knuste en boligblokk i Kyiv natt til torsdag. F\u00e5 timer senere kom president Volodymyr Zelenskyj til stedet og snakket med redningsmannskapene.  Foto: Presidentkontoret i Ukraina\" class=\"_image_jw3bv_65 layout-component layout-normal\" data-fullscreen- data-track-element-type=\"Article image fullscreen\" data-track-name=\"ImageFullscreen\" decoding=\"async\" loading=\"lazy\" height=\"3953\" itemprop=\"image\"  src=\"https:\/\/www.europesays.com\/no\/wp-content\/uploads\/2026\/07\/457dcc8b-ceb8-3efb-998a-4ecfa6c12584.jpeg\"  style=\"object-position:0% 0%\" width=\"5930\"\/>Russiske missiler knuste en boligblokk i Kyiv natt til torsdag. F\u00e5 timer senere kom president Volodymyr Zelenskyj til stedet og snakket med redningsmannskapene.  Foto: Presidentkontoret i Ukraina<\/p>\n<p class=\"_paragraph_145nj_4 _paragraph_6fko5_10 layout-component text-serif-m layout-normal text-serif-m layout-padded\">President <a href=\"https:\/\/www.vg.no\/tag\/volodymyr-zelenskyj?utm_source=vg-article&amp;utm_medium=auto-tagger&amp;utm_campaign=K8GB4e\" class=\"_link_145nj_39\" rel=\"nofollow noopener\" target=\"_blank\">Volodymyr Zelenskyj<\/a> har rettet skarp kritikk mot Ukrainas allierte.<\/p>\n<p class=\"_paragraph_145nj_4 _paragraph_6fko5_10 layout-component text-serif-m layout-normal text-serif-m layout-padded\">\u2013 Hvis v\u00e5re partnere hadde levert det de lovet i tide, tror jeg vi kunne ha reddet flere hjem og, \u00e6rlig talt, flere liv, sa Zelenskyj, if\u00f8lge Kyiv Independent.<\/p>\n<p class=\"_paragraph_145nj_4 _paragraph_6fko5_10 layout-component text-serif-m layout-normal text-serif-m layout-padded\">If\u00f8lge presidenten ville Ukraina trenge minst 140 PatriotPatriotEt avansert luftvernsystem som brukes til \u00e5 skyte ned innkommende missiler og fly.-missiler for \u00e5 avverge et angrep med rundt 70 ballistiske missiler.<\/p>\n<p><img alt=\"Et Patriot-system i Polen. Det er flere slike Ukraina \u00f8nsker seg, sammen med flere Patriot-missiler.  Foto: Jacek Marczewski\/Agencja Wyborcza.pl \/ Reuters \/ NTB\" class=\"_image_jw3bv_65 layout-component layout-normal\" data-fullscreen- data-track-element-type=\"Article image fullscreen\" data-track-name=\"ImageFullscreen\" decoding=\"async\" loading=\"lazy\" height=\"4000\" itemprop=\"image\"  src=\"https:\/\/www.europesays.com\/no\/wp-content\/uploads\/2026\/07\/5e866f0c-5b23-32ed-8e5a-05bb0ed07d9f.jpeg\"  style=\"object-position:0% 0%\" width=\"6000\"\/>Et Patriot-system i Polen. Det er flere slike Ukraina \u00f8nsker seg, sammen med flere Patriot-missiler.  Foto: Jacek Marczewski\/Agencja Wyborcza.pl \/ Reuters \/ NTBKort reaksjonstid<\/p>\n<p class=\"_paragraph_145nj_4 _paragraph_6fko5_10 layout-component text-serif-m layout-normal text-serif-m layout-padded\">Maa\u00f8 er ikke overrasket over at nettopp ballistiske missiler er det Ukraina sliter mest med \u00e5 stanse.<\/p>\n<p class=\"_paragraph_145nj_4 _paragraph_6fko5_10 layout-component text-serif-m layout-normal text-serif-m layout-padded\">\u2013 Du har et veldig kort tidsvindu for \u00e5 beskytte deg, sier Maa\u00f8.<\/p>\n<p><img alt=\"Ole J\u00f8rgen Maa\u00f8 er f\u00f8rsteamanuensis ved Luftkrigsskolen i Trondheim.  Foto: Hanna Johre \/ NTB\" class=\"_image_jw3bv_65 layout-component layout-normal\" data-fullscreen- data-track-element-type=\"Article image fullscreen\" data-track-name=\"ImageFullscreen\" decoding=\"async\" loading=\"lazy\" height=\"1667\" itemprop=\"image\"  src=\"https:\/\/www.europesays.com\/no\/wp-content\/uploads\/2026\/07\/62c8e34e-d265-3aa6-a59e-53daa803f9c0.jpeg\"  style=\"object-position:0% 0%\" width=\"2500\"\/>Ole J\u00f8rgen Maa\u00f8 er f\u00f8rsteamanuensis ved Luftkrigsskolen i Trondheim.  Foto: Hanna Johre \/ NTB<\/p>\n<p class=\"_paragraph_145nj_4 _paragraph_6fko5_10 layout-component text-serif-m layout-normal text-serif-m layout-padded\">Han sier Ukraina over tid har blitt sv\u00e6rt gode til \u00e5 beskytte seg mot angrepsdroner og kryssermissilerkryssermissilerMissiler som kan styres mot et m\u00e5l og fly lavt over bakken for \u00e5 unng\u00e5 \u00e5 bli oppdaget., s\u00e6rlig rundt h\u00f8yverdige m\u00e5l som Kyiv. Men ballistiske missiler er en helt annen trussel og vanskelig \u00e5 beskytte seg mot.<\/p>\n<p class=\"_paragraph_145nj_4 _paragraph_6fko5_10 layout-component text-serif-m layout-normal text-serif-m layout-padded\">\u2013 Vi snakker om missiler som kan komme inn i fem til ti ganger lydens hastighet. Da har du bare sekunder p\u00e5 deg, sier Maa\u00f8.<\/p>\n<p class=\"_paragraph_145nj_4 _paragraph_6fko5_10 layout-component text-serif-m layout-normal text-serif-m layout-padded\">I tillegg er rekkevidden til forsvarssystemene begrenset. Ett Patriot-system kan ikke beskytte et helt land.<\/p>\n<p class=\"_paragraph_145nj_4 _paragraph_6fko5_10 layout-component text-serif-m layout-normal text-serif-m layout-padded\">\u2013 Landet er sv\u00e6rt stort, og du m\u00e5 ha flere Patriot-systemer bare for \u00e5 beskytte Kyiv, sier Maa\u00f8.<\/p>\n<p><img alt=\"Et ukrainsk F-16 over Kyiv.  Foto: Evgeniy Maloletka \/ AP \/ NTB\" class=\"_image_jw3bv_65 layout-component layout-normal\" data-fullscreen- data-track-element-type=\"Article image fullscreen\" data-track-name=\"ImageFullscreen\" decoding=\"async\" loading=\"lazy\" height=\"3827\" itemprop=\"image\"  src=\"https:\/\/www.europesays.com\/no\/wp-content\/uploads\/2026\/07\/cb1102ec-aaee-3561-855c-511c63787e09.jpeg\"  style=\"object-position:0% 0%\" width=\"5740\"\/>Et ukrainsk F-16 over Kyiv.  Foto: Evgeniy Maloletka \/ AP \/ NTB<\/p>\n<p class=\"_paragraph_145nj_4 _paragraph_6fko5_10 layout-component text-serif-m layout-normal text-serif-m layout-padded\"><strong class=\"_strong_145nj_25\">F-16<\/strong><\/p>\n<p class=\"_paragraph_145nj_4 _paragraph_6fko5_10 layout-component text-serif-m layout-normal text-serif-m layout-padded\">Ukraina har f\u00e5tt F-16-jagerfly fra flere allierte land. Kan ikke de bidra i forsvaret mot missilangrepene?<\/p>\n<p class=\"_paragraph_145nj_4 _paragraph_6fko5_10 layout-component text-serif-m layout-normal text-serif-m layout-padded\">\u2013 Nei, sier Maa\u00f8 kontant.<\/p>\n<p class=\"_paragraph_145nj_4 _paragraph_6fko5_10 layout-component text-serif-m layout-normal text-serif-m layout-padded\">\u2013 F-16 kan skyte ned kryssermissiler og st\u00f8rre angrepsdroner, men har ingen kapasitet mot ballistiske missiler, forklarer han.<\/p>\n<p class=\"_paragraph_145nj_4 _paragraph_6fko5_10 layout-component text-serif-m layout-normal layout-padded\"><strong class=\"_strong_145nj_25\">Les ogs\u00e5:<\/strong> <a href=\"https:\/\/www.vg.no\/i\/oE9Xa7\" data-track-element-type=\"Link\" data-track-id=\"link:oE9Xa7\" class=\"_link_145nj_39\" rel=\"nofollow noopener\" target=\"_blank\">Ukraina trygler om Patriot-missiler etter flere d\u00f8delige angrep<\/a><\/p>\n<p class=\"_paragraph_145nj_4 _paragraph_6fko5_10 layout-component text-serif-m layout-normal text-serif-m layout-padded\"><strong class=\"_strong_145nj_25\">En 50 \u00e5r gammel avtale<\/strong><\/p>\n<p class=\"_paragraph_145nj_4 _paragraph_6fko5_10 layout-component text-serif-m layout-normal text-serif-m layout-padded\">Mangelen p\u00e5 slike forsvarssystemer handler if\u00f8lge Maa\u00f8 ikke bare om at de er vanskelige \u00e5 bygge. Det har ogs\u00e5 historiske r\u00f8tter.<\/p>\n<p class=\"_paragraph_145nj_4 _paragraph_6fko5_10 layout-component text-serif-m layout-normal text-serif-m layout-padded\">I 1972 signerte USA og Sovjetunionen den s\u00e5kalte ABM-avtalen, der begge parter forpliktet seg til \u00e5 ikke bygge for sterke forsvar mot ballistiske missiler.<\/p>\n<p><img alt=\"Brannkonstabler fors\u00f8ker \u00e5 slukke brannen etter det ballistiske angrepet mot Kyiv.  Foto: ROMAN PILIPEY \/ AFP \/ NTB\" class=\"_image_jw3bv_65 layout-component layout-normal\" data-fullscreen- data-track-element-type=\"Article image fullscreen\" data-track-name=\"ImageFullscreen\" decoding=\"async\" loading=\"lazy\" height=\"4000\" itemprop=\"image\"  src=\"https:\/\/www.europesays.com\/no\/wp-content\/uploads\/2026\/07\/c283fac6-9fa2-316f-b10b-040f4c061fb1.jpeg\"  style=\"object-position:0% 0%\" width=\"6000\"\/>Brannkonstabler fors\u00f8ker \u00e5 slukke brannen etter det ballistiske angrepet mot Kyiv.  Foto: ROMAN PILIPEY \/ AFP \/ NTB<\/p>\n<p class=\"_paragraph_145nj_4 _paragraph_6fko5_10 layout-component text-serif-m layout-normal text-serif-m layout-padded\">\u2013 Det h\u00f8res rart ut, men tanken var \u00e5 bevare en terrorbalanse. Hvis den ene parten bygger et godt nok forsvar, kan det friste til \u00e5 angripe f\u00f8rst, fordi man da t\u00e5ler et gjengjeldelsesangrep. Da blir balansen ustabil, sier Maa\u00f8.<\/p>\n<p class=\"_paragraph_145nj_4 _paragraph_6fko5_10 layout-component text-serif-m layout-normal text-serif-m layout-padded\">Avtalen bidro til \u00e5 utsette utviklingen av forsvarssystemer og bidro til at sv\u00e6rt f\u00e5 land i dag har utviklet avansert forsvar mot slike missiler.<\/p>\n<p class=\"_paragraph_145nj_4 _paragraph_6fko5_10 layout-component text-serif-m layout-normal layout-padded\"><strong class=\"_strong_145nj_25\">Les ogs\u00e5:<\/strong> <a href=\"https:\/\/www.vg.no\/i\/JOvVp4\" data-track-element-type=\"Link\" data-track-id=\"link:JOvVp4\" class=\"_link_145nj_39\" rel=\"nofollow noopener\" target=\"_blank\">Zelenskyj: Norge skulle betale for 200 missiler til Ukraina \u2013 ingen er levert<\/a><\/p>\n<p class=\"_paragraph_145nj_4 _paragraph_6fko5_10 layout-component text-serif-m layout-normal text-serif-m layout-padded\"><strong class=\"_strong_145nj_25\">Vil ramme kilden til angrepene<\/strong><\/p>\n<p class=\"_paragraph_145nj_4 _paragraph_6fko5_10 layout-component text-serif-m layout-normal text-serif-m layout-padded\">Maa\u00f8 peker p\u00e5 et annet mulig svar enn mer Patriot-missiler: \u00c5 finne og ramme v\u00e5pnene f\u00f8r de blir skutt opp.<\/p>\n<p class=\"_paragraph_145nj_4 _paragraph_6fko5_10 layout-component text-serif-m layout-normal text-serif-m layout-padded\">\u2013 En effektiv motstrategi ville v\u00e6rt \u00e5 pr\u00f8ve \u00e5 finne de mobile utskytningsrampene og angripe dem. Da tar du kilden til problemet, sier han og fortsetter:<\/p>\n<p class=\"_paragraph_145nj_4 _paragraph_6fko5_10 layout-component text-serif-m layout-normal text-serif-m layout-padded\">\u2013 P\u00e5 den m\u00e5ten tvinger de Russland til \u00e5 bruke mer tid, mer ressurser og ta st\u00f8rre risiko for hvert angrep, men det er en vanskelig strategi som blant annet krever sv\u00e6rt god etterretning, avslutter Maa\u00f8.<\/p>\n<p><img alt=\"Russiske RS-24 Yars ballistiske missilutskytningsramper blir vist frem under milit\u00e6rparaden p\u00e5 Seiersdagen i Moskva, Russland, fredag \u200b\u200b9. mai 2025.  Foto: Alexey Maishev \/ AP \/ NTB\" class=\"_image_jw3bv_65 layout-component layout-normal\" data-fullscreen- data-track-element-type=\"Article image fullscreen\" data-track-name=\"ImageFullscreen\" decoding=\"async\" loading=\"lazy\" height=\"3356\" itemprop=\"image\"  src=\"https:\/\/www.europesays.com\/no\/wp-content\/uploads\/2026\/07\/2e20c25d-40b0-3944-a7e8-7866481e3ae7.jpeg\"  style=\"object-position:0% 0%\" width=\"5161\"\/>Russiske RS-24 Yars ballistiske missilutskytningsramper blir vist frem under milit\u00e6rparaden p\u00e5 Seiersdagen i Moskva, Russland, fredag \u200b\u200b9. mai 2025.  Foto: Alexey Maishev \/ AP \/ NTB    <\/p>\n","protected":false},"excerpt":{"rendered":"Natt til torsdag sendte Russland b\u00f8lge etter b\u00f8lge av missiler og droner mot Kyiv. S\u00f8ndag er omfanget tydelig:&hellip;\n","protected":false},"author":2,"featured_media":286133,"comment_status":"","ping_status":"","sticky":false,"template":"","format":"standard","meta":{"footnotes":"","_share_on_mastodon":"0"},"categories":[12],"tags":[20,21,24,25,15,3137,22,23,13,30,28,29,14,16,188,26,27,42,488,43,44,45],"class_list":["post-286132","post","type-post","status-publish","format-standard","has-post-thumbnail","category-verden","tag-breaking-news","tag-breakingnews","tag-featured-news","tag-featurednews","tag-headlines","tag-kyiv","tag-latest-news","tag-latestnews","tag-news","tag-no","tag-norge","tag-norway","tag-nyheter","tag-overskrifter","tag-russland","tag-top-stories","tag-topstories","tag-verden","tag-volodymyr-zelenskyj","tag-world","tag-world-news","tag-worldnews"],"share_on_mastodon":{"url":"https:\/\/pubeurope.com\/@no\/116867744024489790","error":""},"_links":{"self":[{"href":"https:\/\/www.europesays.com\/no\/wp-json\/wp\/v2\/posts\/286132","targetHints":{"allow":["GET"]}}],"collection":[{"href":"https:\/\/www.europesays.com\/no\/wp-json\/wp\/v2\/posts"}],"about":[{"href":"https:\/\/www.europesays.com\/no\/wp-json\/wp\/v2\/types\/post"}],"author":[{"embeddable":true,"href":"https:\/\/www.europesays.com\/no\/wp-json\/wp\/v2\/users\/2"}],"replies":[{"embeddable":true,"href":"https:\/\/www.europesays.com\/no\/wp-json\/wp\/v2\/comments?post=286132"}],"version-history":[{"count":0,"href":"https:\/\/www.europesays.com\/no\/wp-json\/wp\/v2\/posts\/286132\/revisions"}],"wp:featuredmedia":[{"embeddable":true,"href":"https:\/\/www.europesays.com\/no\/wp-json\/wp\/v2\/media\/286133"}],"wp:attachment":[{"href":"https:\/\/www.europesays.com\/no\/wp-json\/wp\/v2\/media?parent=286132"}],"wp:term":[{"taxonomy":"category","embeddable":true,"href":"https:\/\/www.europesays.com\/no\/wp-json\/wp\/v2\/categories?post=286132"},{"taxonomy":"post_tag","embeddable":true,"href":"https:\/\/www.europesays.com\/no\/wp-json\/wp\/v2\/tags?post=286132"}],"curies":[{"name":"wp","href":"https:\/\/api.w.org\/{rel}","templated":true}]}}