{"id":286879,"date":"2026-07-06T12:33:14","date_gmt":"2026-07-06T12:33:14","guid":{"rendered":"https:\/\/www.europesays.com\/no\/286879\/"},"modified":"2026-07-06T12:33:14","modified_gmt":"2026-07-06T12:33:14","slug":"porsgrunn-a-ha-for-30-ar-siden-fikk-ove-en-opplevelse-han-aldri-glemmer-endelig-kommer-erfaringen-godt-med","status":"publish","type":"post","link":"https:\/\/www.europesays.com\/no\/286879\/","title":{"rendered":"Porsgrunn, A-ha | For 30 \u00e5r siden fikk Ove en opplevelse han aldri glemmer. Endelig kommer erfaringen godt med"},"content":{"rendered":"\n<p>De som vil p\u00e5 konserten i \u00c6lvespeilet m\u00e5 vente til februar neste \u00e5r. Flere har allerede kj\u00f8pt billetter.<\/p>\n<p>\u2013 Det blir en godtepose av hits. Jeg tror det kan bli veldig kult, sier Erik Damberg. Han n\u00f8lte ikke med \u00e5 svare ja da han ble spurt om \u00e5 v\u00e6re med i bandet. Mange forbinder gitaristen med band som Det Betales og The Daytrippers, som begge er coverband og spiller l\u00e5ter av The Beatles.<\/p>\n<p>&#8211; Jeg slet ut den f\u00f8rste kassetten<\/p>\n<p>I ungdommen rakk han ogs\u00e5 \u00e5 slite fullstendig ut A-has f\u00f8rste kassett. \u00abHunting High and Low\u00bb.<\/p>\n<p>\u2013 Jeg spilte den i hjel, rett og slett. til slutt ble den s\u00e5 slitt at jeg m\u00e5tte kj\u00f8pe en til, minnes Erik Damberg og ler.<\/p>\n<p>\u2013 Til og med fatter`n skr\u00f8t litt av dem, husker jeg. Da m\u00e5tte jeg jo begynne \u00e5 digge noe annet.<\/p>\n<p>   <img decoding=\"async\" width=\"5712\" height=\"4284\" fetchpriority=\"low\"  loading=\"lazy\"  src=\"https:\/\/www.europesays.com\/no\/wp-content\/uploads\/2026\/07\/ove+randow.jpg\" alt=\"\" class=\"brick-c-cFOWSL\" style=\"--brick-image-ratio: 5712 \/ 4284;\"\/><\/p>\n<p>      I SANGL\u00c6RE: Ove Randow h\u00f8res for mange ut som Morten Harket n\u00e5r han synger. Han gikk i l\u00e6re hos Anders Vangen for \u00e5 kvitte seg med med stemmelikheten.<br \/>\n      Foto: Anne Lill W. Aas\n    <\/p>\n<p>Ove Randow lyttet p\u00e5 alt a-ha ga ut. han slet ut omtrent alle albumene og kunne ikke unng\u00e5 \u00e5 bli p\u00e5virket av det han h\u00f8rte. Det endte opp med at han h\u00f8rtes ut som Morten Harket da han sang, Samme hvor mye han pr\u00f8vde klarte han ikke \u00e5 synge annerledes. Det endte opp med at han gikk til sangl\u00e6rer Anders Vangen for \u00e5 pr\u00f8ve \u00e5 finne sitt eget s\u00e6rpreg.<\/p>\n<p>\u2013 I mange \u00e5r jobbet jeg med \u00e5 finne min egen identitet som artist og synge mindre som Morten Harket. Men jeg klarte ikke \u00e5 bli kvitt likheten. Det passer jo perfekt n\u00e5 som vi skal hylle A-ha, sier Ove Randow og ler.<\/p>\n<p>Sang sammen med Morten Harket<\/p>\n<p>Han var lenge en del av duoen Hansen\/Randow. For 30 \u00e5r siden fikk han en opplevelse i Wrightegaarden som han aldri glemmer. Der fikk han sjansen til \u00e5 st\u00e5 p\u00e5 scenen og synge sammen med selveste Morten Harket. Han skal ha reagert p\u00e5 stemmelikheten.<\/p>\n<p>\u2013 Det var en uforglemmelig opplevelse \u00e5 st\u00e5 p\u00e5 scenen og synge sammen med Morten Harket.<\/p>\n<p>   <img decoding=\"async\" width=\"2463\" height=\"1711\" fetchpriority=\"low\"  loading=\"lazy\"  src=\"https:\/\/www.europesays.com\/no\/wp-content\/uploads\/2026\/07\/HARKET.jpg\" alt=\"\" class=\"brick-c-cFOWSL\" style=\"--brick-image-ratio: 2463 \/ 1711;\"\/><\/p>\n<p>      SANG SAMMEN: Ove Randow da han sang sammen med Morten Harket i Wrightegaarden.<br \/>\n      Foto: Privat\n    <\/p>\n<p>Han ble overrasket over hvor lik stemmen var, sier Ove Randow. Som musiker opplevde han likheten som en utfordring.<\/p>\n<p>\u2013 Folk i platebransjen mente jeg sang s\u00e5 likt Morten Harket at det kunne v\u00e6re vanskelig \u00e5 bygge sin egen artistkarriere rundt det. Vokalisten har trommet sammen et band som best\u00e5r av Erik Damberg p\u00e5 bass, gitar og vokal, Espen Gjelstad Gundersen p\u00e5 keyboard og vokal, Ketil Arvesen Nesheim p\u00e5 gitar og Carl Erik Hansen p\u00e5 trommer.<\/p>\n<p>\u00c5pen om parkinsondiagnose<\/p>\n<p>De har v\u00e6rt i kontakt med managementet rundt A-ha for \u00e5 sikre at prosjektet gjennomf\u00f8res p\u00e5 en ryddig og respektfull m\u00e5te. Morten Harket har v\u00e6rt \u00e5pen om sin parkinsondiagnose.<\/p>\n<p>\u2013 Ingen kan erstatte a-ha, og det er heller ikke m\u00e5let. Men vi h\u00e5per det kan gi publikum muligheten til \u00e5 oppleve disse fantastiske l\u00e5tene liove, i en ny innpakning, sier Randow. Etter turn\u00e9start p\u00e5 \u00c6lvespeilet i Porsgrunn 12. februar 2027 spiller de p\u00e5 Harmonie Arena i Sandefjord 12. mars. Erik Damberg forteller at de har blitt kontaktet av folk som vil ha dem til Tyskland. Han tror prosjektet kan ha et stort potensial.<\/p>\n<p>\u2013 Hvis det sl\u00e5r an har vi nok \u00e5 gj\u00f8re de neste to \u00e5rene.<\/p>\n","protected":false},"excerpt":{"rendered":"De som vil p\u00e5 konserten i \u00c6lvespeilet m\u00e5 vente til februar neste \u00e5r. Flere har allerede kj\u00f8pt billetter.&hellip;\n","protected":false},"author":2,"featured_media":286880,"comment_status":"","ping_status":"","sticky":false,"template":"","format":"standard","meta":{"footnotes":"","_share_on_mastodon":"0"},"categories":[58],"tags":[11145,36,8302,71,9767,155,30,28,29,1370,1510,23997,72],"class_list":["post-286879","post","type-post","status-publish","format-standard","has-post-thumbnail","category-underholdning","tag-a-ha","tag-art","tag-aelvespeilet","tag-entertainment","tag-hyllest","tag-konsert","tag-no","tag-norge","tag-norway","tag-porsgrunn","tag-story","tag-tribute","tag-underholdning"],"share_on_mastodon":{"url":"https:\/\/pubeurope.com\/@no\/116873056293807076","error":""},"_links":{"self":[{"href":"https:\/\/www.europesays.com\/no\/wp-json\/wp\/v2\/posts\/286879","targetHints":{"allow":["GET"]}}],"collection":[{"href":"https:\/\/www.europesays.com\/no\/wp-json\/wp\/v2\/posts"}],"about":[{"href":"https:\/\/www.europesays.com\/no\/wp-json\/wp\/v2\/types\/post"}],"author":[{"embeddable":true,"href":"https:\/\/www.europesays.com\/no\/wp-json\/wp\/v2\/users\/2"}],"replies":[{"embeddable":true,"href":"https:\/\/www.europesays.com\/no\/wp-json\/wp\/v2\/comments?post=286879"}],"version-history":[{"count":0,"href":"https:\/\/www.europesays.com\/no\/wp-json\/wp\/v2\/posts\/286879\/revisions"}],"wp:featuredmedia":[{"embeddable":true,"href":"https:\/\/www.europesays.com\/no\/wp-json\/wp\/v2\/media\/286880"}],"wp:attachment":[{"href":"https:\/\/www.europesays.com\/no\/wp-json\/wp\/v2\/media?parent=286879"}],"wp:term":[{"taxonomy":"category","embeddable":true,"href":"https:\/\/www.europesays.com\/no\/wp-json\/wp\/v2\/categories?post=286879"},{"taxonomy":"post_tag","embeddable":true,"href":"https:\/\/www.europesays.com\/no\/wp-json\/wp\/v2\/tags?post=286879"}],"curies":[{"name":"wp","href":"https:\/\/api.w.org\/{rel}","templated":true}]}}