{"id":28714,"date":"2025-09-06T19:24:13","date_gmt":"2025-09-06T19:24:13","guid":{"rendered":"https:\/\/www.europesays.com\/no\/28714\/"},"modified":"2025-09-06T19:24:13","modified_gmt":"2025-09-06T19:24:13","slug":"cristiano-ronaldo-dobbel-da-portugal-smadret-armenia-england-med-full-kontroll-mot-andorra","status":"publish","type":"post","link":"https:\/\/www.europesays.com\/no\/28714\/","title":{"rendered":"Cristiano Ronaldo-dobbel da Portugal smadret Armenia \u2013 England med full kontroll mot Andorra"},"content":{"rendered":"\n<p class=\"_lead_ew2ao_2 _lead_xtcu6_50 layout-component text-serif-m layout-normal text-serif-l layout-component layout-wide layout-padded _wide_17hqh_1 layout-padded\">Cristiano Ronaldo viste at han fortsatt kan i en alder av 40 \u00e5r og scoret m\u00e5l nummer 139 og 140 for Portugal.<\/p>\n<p><img alt=\"M\u00c5LFARLIG: Ronaldo fortsetter \u00e5 banke inn m\u00e5l for det portugisiske landslaget.  Foto: Hakob Berberyan \/ AP \/ NTB\" class=\"_image_qp4xg_65 layout-component layout-wide\" data-fullscreen- data-track-element-type=\"Article image fullscreen\" data-track-name=\"ImageFullscreen\" fetchpriority=\"high\" decoding=\"sync\" loading=\"eager\" height=\"2110\" itemprop=\"image\"  src=\"https:\/\/www.europesays.com\/no\/wp-content\/uploads\/2025\/09\/53ef2374-3836-461b-9a81-e04a833fa562\"  style=\"object-position:0% 0%\" width=\"3164\"\/>M\u00c5LFARLIG: Ronaldo fortsetter \u00e5 banke inn m\u00e5l for det portugisiske landslaget.  Foto: Hakob Berberyan \/ AP \/ NTB<\/p>\n<ul aria-hidden=\"true\" class=\"_images_1y6fe_106\">\n<li><a class=\"_link_1y6fe_111\" href=\"https:\/\/www.vg.no\/forfatter\/benjamin-kvaale\" style=\"z-index:2\" title=\"Benjamin Kvaale\" rel=\"nofollow noopener\" target=\"_blank\"><img alt=\"Bilde av Benjamin Kvaale\" class=\"_image_1y6fe_88\" fetchpriority=\"low\" loading=\"lazy\" decoding=\"async\" itemprop=\"image\"  src=\"https:\/\/www.europesays.com\/no\/wp-content\/uploads\/2025\/09\/21fe9a1c-5915-4269-bbd5-7feeec1fa8ae\"  width=\"480\"\/><\/a><\/li>\n<li><a class=\"_link_1y6fe_111\" href=\"https:\/\/www.vg.no\/forfatter\/eirik-soerenmo-paasche\" style=\"z-index:1\" title=\"Eirik S\u00f8renmo P\u00e5sche\" rel=\"nofollow noopener\" target=\"_blank\"><img alt=\"Bilde av Eirik S\u00f8renmo P\u00e5sche\" class=\"_image_1y6fe_88\" fetchpriority=\"low\" loading=\"lazy\" decoding=\"async\" itemprop=\"image\"  src=\"https:\/\/www.europesays.com\/no\/wp-content\/uploads\/2025\/09\/1757186651_987_cfda420f-d23e-4c6c-b420-faa95e9679ed\"  width=\"480\"\/><\/a><\/li>\n<\/ul>\n<p> Oppdatert l\u00f8rdag 6. september kl. 19:53     <\/p>\n<p class=\"_paragraph_ew2ao_4 _paragraph_xtcu6_10 layout-component text-serif-m layout-normal text-serif-m layout-padded\">L\u00f8rdagens oppgj\u00f8r i VM-kvaliken var den f\u00f8rste kampen for det portugisiske landslaget siden Diogo Jotas bortgang. <\/p>\n<p class=\"_paragraph_ew2ao_4 _paragraph_xtcu6_10 layout-component text-serif-m layout-normal text-serif-m layout-padded\">Etter markeringen for Jota og broren Andr\u00e9 Silva, skulle det bli en portugisisk m\u00e5lfest. <\/p>\n<ul class=\"_list_ew2ao_3 _list_xtcu6_9 _unordered_ew2ao_99 layout-component text-serif-m layout-normal text-serif-m layout-padded\">\n<li class=\"_item_ew2ao_30\">F\u00f8rst var det Jo\u00e3o F\u00e9lix som fikk st\u00e5 umarkert i Armenia-boksen, og han stanget inn 1\u20130 til gjestene.<\/li>\n<li class=\"_item_ew2ao_30\">Like etter satte Cristiano Ronaldo det andre. 40-\u00e5ringen l\u00f8p seg enkelt fri, og tuppet ballen i m\u00e5l. <\/li>\n<li class=\"_item_ew2ao_30\">Ronaldo var n\u00e6re p\u00e5 \u00e5 sette sitt andre da han smalt ballen i tverrligger, men Jo\u00e3o Cancelo satte returen i nettet.<\/li>\n<li class=\"_item_ew2ao_30\">45 sekunder ut i andre omgang fikk Ronaldo ballen med gunstig sprett p\u00e5 25 meter. Superstjernen banket til \u2013 i det lengste hj\u00f8rnet bak Henri Avagyan i Armenia-m\u00e5let.<\/li>\n<\/ul>\n<p class=\"_paragraph_ew2ao_4 _paragraph_xtcu6_10 layout-component text-serif-m layout-normal text-serif-m layout-padded\">\u2013 Han slutter aldri \u00e5 imponere, kommenterte TV 2s Kasper Kvello.<\/p>\n<ul class=\"_list_ew2ao_3 _list_xtcu6_9 _unordered_ew2ao_99 layout-component text-serif-m layout-normal text-serif-m layout-padded\">\n<li class=\"_item_ew2ao_30\">Etter timen gjorde Jo\u00e3o F\u00e9lix det samme som Ronaldo og scoret sitt andre for kvelden og Portugals femte da Gon\u00e7alo Ramos fant ham inne i Armenia-boksen.<\/li>\n<\/ul>\n<p><img alt=\"NUMMER 140: Cristiano Ronaldo scorer Portugals fjerde for kvelden.  Foto: HAYK BAGHDASARYAN \/ Reuters \/ NTB\" class=\"_image_qp4xg_65 layout-component layout-normal\" data-fullscreen- data-track-element-type=\"Article image fullscreen\" data-track-name=\"ImageFullscreen\" decoding=\"async\" loading=\"lazy\" height=\"2732\" itemprop=\"image\"  src=\"https:\/\/www.europesays.com\/no\/wp-content\/uploads\/2025\/09\/cac06718-9deb-4244-9a77-134bb0dd42f6\"  style=\"object-position:0% 0%\" width=\"4125\"\/>NUMMER 140: Cristiano Ronaldo scorer Portugals fjerde for kvelden.  Foto: HAYK BAGHDASARYAN \/ Reuters \/ NTB<\/p>\n<p class=\"_paragraph_ew2ao_4 _paragraph_xtcu6_10 layout-component text-serif-m layout-normal text-serif-m layout-padded\">Kampen var den f\u00f8rste i gruppe F med Portugal, Ungarn, Irland og Armenia. Irland og Ungarn m\u00f8tes senere l\u00f8rdag kveld i Dublin.<\/p>\n<p class=\"_paragraph_ew2ao_4 _paragraph_xtcu6_10 layout-component text-serif-m layout-normal text-serif-m layout-padded\">Portugal er allerede sikret playoff siden de vant Nations League i juni, men de kan unng\u00e5 det og g\u00e5 rett til VM hvis de vinner gruppen.<\/p>\n<p class=\"_paragraph_ew2ao_4 _paragraph_xtcu6_10 layout-component text-serif-m layout-normal text-serif-m layout-padded\">P\u00e5 tirsdag venter Ungarn p\u00e5 bortebane for Portugal, mens Armenia m\u00f8ter Irland.<\/p>\n<p class=\"_paragraph_ew2ao_4 _paragraph_xtcu6_10 layout-component text-serif-m layout-normal text-serif-m layout-padded\">England var enorme favoritter mot lille Andorra p\u00e5 Villa Park, men de trengte hjelp av bortelaget for \u00e5 f\u00e5 en scoring i f\u00f8rste omgang. <\/p>\n<ul class=\"_list_ew2ao_3 _list_xtcu6_9 _unordered_ew2ao_99 layout-component text-serif-m layout-normal text-serif-m layout-padded\">\n<li class=\"_item_ew2ao_30\">Ved 24. spilte minutter la Eberechi Eze ballen inn mot Harry Kane, men det var Christian Garcia Gonzalez som fikk notert seg for et selvm\u00e5l. <\/li>\n<\/ul>\n<p class=\"_paragraph_ew2ao_4 _paragraph_xtcu6_10 layout-component text-serif-m layout-normal text-serif-m layout-padded\">1\u20130 var ogs\u00e5 pauseresultatet.<\/p>\n<p class=\"_paragraph_ew2ao_4 _paragraph_xtcu6_10 layout-component text-serif-m layout-normal text-serif-m layout-padded\">\u2013 England har dominert. Andorra har v\u00e6rt sv\u00e6rt lite truende, sier tidligere Manchester United-spiller Phil Jones til <a href=\"https:\/\/www.bbc.com\/sport\/football\/live\/cly7yzvx6kzt?post=asset%3A3b528ceb-1c4d-480e-be6d-fea39bf164ed#post\" class=\"_link_ew2ao_39\" rel=\"nofollow noopener\" target=\"_blank\">BBC<\/a>.<\/p>\n<p><img alt=\"TREGT: Til tross for stort ballinnehav, s\u00e5 ikke England s\u00e6rlig m\u00e5lfarlige ut i f\u00f8rste halvdel.   Foto: Dylan Martinez \/ Reuters \/ NTB\" class=\"_image_qp4xg_65 layout-component layout-normal\" data-fullscreen- data-track-element-type=\"Article image fullscreen\" data-track-name=\"ImageFullscreen\" decoding=\"async\" loading=\"lazy\" height=\"2358\" itemprop=\"image\"  src=\"https:\/\/www.europesays.com\/no\/wp-content\/uploads\/2025\/09\/d1c096a7-7f65-48ab-8987-bd9831cbad52\"  style=\"object-position:0% 0%\" width=\"3384\"\/>TREGT: Til tross for stort ballinnehav, s\u00e5 ikke England s\u00e6rlig m\u00e5lfarlige ut i f\u00f8rste halvdel.   Foto: Dylan Martinez \/ Reuters \/ NTB<\/p>\n<ul class=\"_list_ew2ao_3 _list_xtcu6_9 _unordered_ew2ao_99 layout-component text-serif-m layout-normal text-serif-m layout-padded\">\n<li class=\"_item_ew2ao_30\">Etter 67 minutter doblet Declan Rice ledelsen med en heading ned i bakken og i nettet bak Iker \u00c1lvarez etter et str\u00f8kent innlegg fra Reece James.<\/li>\n<\/ul>\n<p class=\"_paragraph_ew2ao_4 _paragraph_xtcu6_10 layout-component text-serif-m layout-normal text-serif-m layout-padded\">Med seieren har England forel\u00f8pig st\u00f8 kurs mot neste \u00e5rs VM.<\/p>\n<p class=\"_paragraph_ew2ao_4 _paragraph_xtcu6_10 layout-component text-serif-m layout-normal text-serif-m layout-padded\">De har vunnet fire av fire kamper i gruppespillet s\u00e5 langt uten \u00e5 slippe inn et eneste m\u00e5l.<\/p>\n<p class=\"_paragraph_ew2ao_4 _paragraph_xtcu6_10 layout-component text-serif-m layout-normal text-serif-m layout-padded\">I gruppens andre kamp denne l\u00f8rdagen vant Serbia 1\u20130 borte mot Latvia etter scoring av Dusan Vlahovic.<\/p>\n<p class=\"_paragraph_ew2ao_4 _paragraph_xtcu6_10 layout-component text-serif-m layout-normal text-serif-m layout-padded\">England og Serbia m\u00f8tes i Beograd p\u00e5 tirsdag, samtidig som Albania-Latvia.<\/p>\n<p><img alt=\"2\u20130: Declan Rice feirer sin scoring mot Andorra.  Foto: Matthew Childs \/ Reuters \/ NTB\" class=\"_image_qp4xg_65 layout-component layout-normal\" data-fullscreen- data-track-element-type=\"Article image fullscreen\" data-track-name=\"ImageFullscreen\" decoding=\"async\" loading=\"lazy\" height=\"2153\" itemprop=\"image\"  src=\"https:\/\/www.europesays.com\/no\/wp-content\/uploads\/2025\/09\/b7cdecbc-3001-46fb-bca5-e758fa4f0796\"  style=\"object-position:0% 0%\" width=\"3066\"\/>2\u20130: Declan Rice feirer sin scoring mot Andorra.  Foto: Matthew Childs \/ Reuters \/ NTB    <\/p>\n","protected":false},"excerpt":{"rendered":"Cristiano Ronaldo viste at han fortsatt kan i en alder av 40 \u00e5r og scoret m\u00e5l nummer 139&hellip;\n","protected":false},"author":2,"featured_media":28715,"comment_status":"","ping_status":"","sticky":false,"template":"","format":"standard","meta":{"footnotes":""},"categories":[59],"tags":[1288,4643,92,30,28,29,4644,83,82],"class_list":{"0":"post-28714","1":"post","2":"type-post","3":"status-publish","4":"format-standard","5":"has-post-thumbnail","7":"category-sport","8":"tag-cristiano-ronaldo","9":"tag-englands-herrelandslag-fotball","10":"tag-fotball","11":"tag-no","12":"tag-norge","13":"tag-norway","14":"tag-portugals-herrelandslag-fotball","15":"tag-sport","16":"tag-sports"},"share_on_mastodon":{"url":"","error":""},"_links":{"self":[{"href":"https:\/\/www.europesays.com\/no\/wp-json\/wp\/v2\/posts\/28714","targetHints":{"allow":["GET"]}}],"collection":[{"href":"https:\/\/www.europesays.com\/no\/wp-json\/wp\/v2\/posts"}],"about":[{"href":"https:\/\/www.europesays.com\/no\/wp-json\/wp\/v2\/types\/post"}],"author":[{"embeddable":true,"href":"https:\/\/www.europesays.com\/no\/wp-json\/wp\/v2\/users\/2"}],"replies":[{"embeddable":true,"href":"https:\/\/www.europesays.com\/no\/wp-json\/wp\/v2\/comments?post=28714"}],"version-history":[{"count":0,"href":"https:\/\/www.europesays.com\/no\/wp-json\/wp\/v2\/posts\/28714\/revisions"}],"wp:featuredmedia":[{"embeddable":true,"href":"https:\/\/www.europesays.com\/no\/wp-json\/wp\/v2\/media\/28715"}],"wp:attachment":[{"href":"https:\/\/www.europesays.com\/no\/wp-json\/wp\/v2\/media?parent=28714"}],"wp:term":[{"taxonomy":"category","embeddable":true,"href":"https:\/\/www.europesays.com\/no\/wp-json\/wp\/v2\/categories?post=28714"},{"taxonomy":"post_tag","embeddable":true,"href":"https:\/\/www.europesays.com\/no\/wp-json\/wp\/v2\/tags?post=28714"}],"curies":[{"name":"wp","href":"https:\/\/api.w.org\/{rel}","templated":true}]}}