{"id":287321,"date":"2026-07-06T22:06:17","date_gmt":"2026-07-06T22:06:17","guid":{"rendered":"https:\/\/www.europesays.com\/no\/287321\/"},"modified":"2026-07-06T22:06:17","modified_gmt":"2026-07-06T22:06:17","slug":"lanserer-mobilfri-charterferie-mobilen-beslaglegges-ved-innsjekk","status":"publish","type":"post","link":"https:\/\/www.europesays.com\/no\/287321\/","title":{"rendered":"Lanserer mobilfri charterferie: Mobilen beslaglegges ved innsjekk"},"content":{"rendered":"<p class=\"kicker bg-cyan color_mobile_bg-cyan hasTextPadding mobile-hasTextPadding\" style=\"\">Nytt reisetilbud i Syden:<\/p>\n<p class=\"subtitle \" style=\"\">En hel uke uten scrolling, jobbmailer eller sosiale medier. N\u00e5 skal mobilen bort fra ferien.<\/p>\n<p>\n    DET G\u00c5R IKKE: Glem telefonen hvis du skal v\u00e6re med p\u00e5 denne helt spesielle ferien i h\u00f8st. Da blir nemlig smarttelefonen beslaglagt ved hotellinnsjekkingen. Foto: Primo Tours\n  <\/p>\n<p>    Kort fortalt<\/p>\n<p lang=\"nb-NO\">Mobilen har blitt en uunnv\u00e6rlig del av v\u00e5re reisevaner, og mange nordmenn har abonnement med over 100 GB data.<\/p>\n<p lang=\"nb-NO\">Et dansk reiseselskap tilbyr n\u00e5 en mobilfri ferieuke i Sivota, Hellas, for \u00e5 fremme n\u00e6rv\u00e6r og redusere digitale avbrytelser.<\/p>\n<p lang=\"nb-NO\">Gjestene leverer inn smarttelefoner ved innsjekking og f\u00e5r i stedet en enkel \u00abdumtelefon\u00bb for n\u00f8dvendige samtaler.<\/p>\n<p lang=\"nb-NO\">Sosialantropolog Kristoffer Langkj\u00e6r Albris mener at \u00e5 legge bort mobilen kan f\u00f8re til nye m\u00e5ter \u00e5 v\u00e6re sammen p\u00e5.<\/p>\n<p>      Vis mer<br \/>\n      Vis mindre<\/p>\n<p>        <a href=\"https:\/\/dinside.dagbladet.no\/norgesferie\" aria-label=\"\" target=\"_blank\" rel=\" noopener nofollow\"><\/p>\n<p>            <img decoding=\"async\" src=\"https:\/\/www.europesays.com\/no\/wp-content\/uploads\/2026\/07\/1783370654_123_Norgesferie2026.png\" alt=\"\" loading=\"lazy\"\/><\/p>\n<p>        <\/a><\/p>\n<p>Mobilen har blitt v\u00e5r uerstattelige reisepartner. Den har for lengst erstattet lommeboka, kart, b\u00f8ker og fysiske billetter. Mange reisevaner er helt mobilavhengige.<\/p>\n<p><a href=\"https:\/\/nkom.no\/aktuelt\/unnga-dyre-mobilfellar-i-ferien#roam_like_home_i_eues_og_storbritannia\" rel=\"nofollow noopener\" target=\"_blank\">\u00abRoam like at home\u00bb-reglene<\/a> i EU\/E\u00d8S, som gj\u00f8r at nordmenn i utgangspunktet kan bruke mobilen som hjemme uten ekstra kostnader, har bidratt til at telefonen brukes mer enn noen gang f\u00f8r.\u00a0<\/p>\n<p>Og mer enn hver tredje nordmann <a href=\"https:\/\/kommunikasjon.ntb.no\/pressemelding\/18905765\/aldri-for-har-nordmenn-kjopt-sa-mye-mobildata?publisherId=17848282&amp;lang=no\" rel=\"nofollow noopener\" target=\"_blank\">har mobilabonnement med en datapakke p\u00e5 over 100 GB inkludert<\/a>,\u00a0viser nye tall fra Nasjonal kommunikasjonsmyndighet (Nkom).\u00a0<\/p>\n<p>        TANNEMALJE: \u00c5 drikke energidrikker kan faktisk gi konsekvenser som kan gi deg plager resten av livet .. Video: Embla Hjort-Larsen \/ Storyblocks<\/p>\n<p>Vi har f\u00e5tt en ferie-mobilbruk til glede for mange, og kanskje til irritasjon for andre.\u00a0<\/p>\n<p>Kobler ut\t<\/p>\n<p>N\u00e5 lansereres et helt nytt ferietilbud &#8211; der et dansk reiseselskap lar gjestene teste en uke helt uten smarttelefon. Noe som trolig er personlig rekord for manga av oss.<\/p>\n<p>Gjestene m\u00e5 levere fra seg mobilen ved innsjekking &#8211; og f\u00e5r den f\u00f8rst tilbake n\u00e5r ferien er over.<\/p>\n<p>        <img loading=\"lazy\" decoding=\"async\" src=\"https:\/\/www.europesays.com\/no\/wp-content\/uploads\/2026\/07\/84838892.webp\" width=\"980\" height=\"559\" alt=\"\" class=\"\" style=\"--aspect-ratio-image: 1.75; \"\/><\/p>\n<p>\n        GLEM DET: Det blir ingen bilder med mobilkamera dersom du melder deg p\u00e5 den mobilfrie sydenturen. Foto: Odd Roar Lange\n    <\/p>\n<p>Det danske charterselskapet Primo Tours lanserer n\u00e5 en mobilfri ferieuke p\u00e5 Heart Hotel Caesars i den greske <a href=\"https:\/\/www.sivotatravel.gr\/\" rel=\"nofollow noopener\" target=\"_blank\">feriebyen Sivota<\/a> p\u00e5 det greske fastlandet. M\u00e5let er \u00e5 gi familier og par en ferie med mer n\u00e6rv\u00e6r og f\u00e6rre digitale avbrytelser.<\/p>\n<p>Mer sammen\t<\/p>\n<p>&#8211; Vi kjenner nok alle f\u00f8lelsen av at mobilen sniker seg opp av lomma ved bassenget, under middagen eller p\u00e5 hotellrommet. Derfor tester vi n\u00e5 en mobilfri ferieuke, der gjestene f\u00e5r en felles ramme for \u00e5 legge bort telefonene og v\u00e6re mer til stede sammen, sier eier Bjarke Hansen i Primo Tours, til DinSide.<\/p>\n<p>Flere titalls reisende er klare for \u00e5 v\u00e6re med p\u00e5 den f\u00f8rste unike turen som gjennomf\u00f8res p\u00e5 et femstjerners hotell i uke 38 i midten av september.<\/p>\n<p>Lever mobilen ved innsjekking\t<\/p>\n<p>Konseptet er enkelt, men ganske radikalt.<\/p>\n<p>Ved ankomst leverer gjestene inn smarttelefoner og nettbrett i hotellresepsjonen. Der blir de liggende nedl\u00e5st hele uka, mens alle deltakerne inng\u00e5r en felles avtale om \u00e5 ta en pause fra skjermene.<\/p>\n<p>Tanken er at det blir lettere \u00e5 motst\u00e5 mobilfristelsen n\u00e5r alle gj\u00f8r det samtidig.<\/p>\n<p>    <a itemprop=\"url\" href=\"https:\/\/dinside.dagbladet.no\/reise\/varsler-stor-endring\/84835656\" rel=\"nofollow noopener\" target=\"_blank\"><\/p>\n<p>        <img loading=\"lazy\" decoding=\"async\" src=\"https:\/\/www.europesays.com\/no\/wp-content\/uploads\/2026\/07\/84835724.webp\" width=\"980\" height=\"441\" alt=\"\" class=\"lazyload\" style=\"--aspect-ratio-image: 2.22; \"\/><\/p>\n<p>        Varsler stor endring<\/p>\n<p>    <\/a><\/p>\n<p>F\u00e5r \u00abdumtelefon\u00bb\t<\/p>\n<p>Gjestene blir likevel ikke helt utilgjengelige.<\/p>\n<p>De f\u00e5r utdelt en s\u00e5kalt \u00abdumtelefon\u00bb &#8211; en enkel mobil som bare kan brukes til \u00e5 ringe og motta samtaler dersom det skulle v\u00e6re n\u00f8dvendig.<\/p>\n<p>I stedet for \u00e5 bruke mobilen til \u00e5 ta bilder, f\u00e5r de ogs\u00e5 utdelt et kamera. Bildene blir sendt digitalt etter ferien, og noen uker seinere mottar de ogs\u00e5 en fotobok.<\/p>\n<p>        <img loading=\"lazy\" decoding=\"async\" src=\"https:\/\/www.europesays.com\/no\/wp-content\/uploads\/2026\/07\/84838494.webp\" width=\"980\" height=\"559\" alt=\"\" class=\"\" style=\"--aspect-ratio-image: 1.75; \"\/><\/p>\n<p>\n        NYTER UTSIKTEN: Gjestene f\u00e5r tid til \u00e5 nyte utsikten p\u00e5 Heart Hotel Caesars, mer enn epostene sine p\u00e5 telefonen. Foto: Primo Tours\n    <\/p>\n<p>Et ekte album i stedet for tusenvis av bilder p\u00e5 telefonen, med andre ord.<\/p>\n<p>Mange sjekker jobb i ferien\t<\/p>\n<p>If\u00f8lge sosialantropolog Kristoffer Langkj\u00e6r Albris ved K\u00f8benhavns Universitet konkurrerer mobilen konstant om oppmerksomheten v\u00e5r.<\/p>\n<p>&#8211; Sosiale medier, nyheter og jobbmeldinger trekker oss bort fra dem vi faktisk er sammen med. Legger vi bort telefonen, kan det f\u00f8les litt kjedelig i starten, men etter hvert finner vi forh\u00e5pentligvis nye m\u00e5ter \u00e5 v\u00e6re sammen p\u00e5, sier han.<\/p>\n<p>Derfor gj\u00f8r de det\t<\/p>\n<p>&#8211; Vi har sett n\u00e6rmere p\u00e5 hvilken rolle mobiltelefonen spiller for gjestene v\u00e5re i ferien, sier\u00a0Kasper Tangsig, PR og markedssjef i Primo Tours.<\/p>\n<p>Han fortsetter:<\/p>\n<p>&#8211; Vi har spurt gjestene om de skulle \u00f8nske at de var flinkere til \u00e5 legge bort mobilen n\u00e5r de er p\u00e5 ferie, og mer enn halvparten av foreldrene svarer at de gjerne skulle v\u00e6rt det. P\u00e5 bakgrunn av dette har vi valgt \u00e5 tilby gjestene v\u00e5re denne litt annerledes ferieformen.<\/p>\n<p>    <a itemprop=\"url\" href=\"https:\/\/dinside.dagbladet.no\/reise\/angrer-pa-ferievalget-vil-avbestille\/84831244\" rel=\"nofollow noopener\" target=\"_blank\"><\/p>\n<p>        <img loading=\"lazy\" decoding=\"async\" src=\"https:\/\/www.europesays.com\/no\/wp-content\/uploads\/2026\/07\/1783375576_119_84831369.webp\" width=\"980\" height=\"441\" alt=\"\" class=\"lazyload\" style=\"--aspect-ratio-image: 2.22; \"\/><\/p>\n<p>        &#8211; Nordmenn som angrer<\/p>\n<p>    <\/a><\/p>\n<p class=\"italic m-italic\" data-lab-italic=\"italic\">&#8211; Og responsen?<\/p>\n<p>&#8211; Den har v\u00e6rt sv\u00e6rt positiv. Vi hadde faktisk forventet at flere ville reagere negativt p\u00e5 konseptet, men responsen har i all hovedsak v\u00e6rt positiv. Kanskje kan dette ogs\u00e5 bidra til at flere tar praten om hvor stor plass mobilen egentlig skal ha i ferien. Har nordmenn lyst til \u00e5 pr\u00f8ve dette, er de hjertelig velkommen, sier Tangsig.<\/p>\n<p>        <img loading=\"lazy\" decoding=\"async\" src=\"https:\/\/www.europesays.com\/no\/wp-content\/uploads\/2026\/07\/84838485.webp\" width=\"980\" height=\"441\" alt=\"\" class=\"\" style=\"--aspect-ratio-image: 2.22; \"\/><\/p>\n<p>        Har du et tips om flere andre annerledes reiser?<\/p>\n<p class=\"subtitle\">Hei, jeg heter Odd Roar Lange og er reiseekspert og -journalist for DinSide og Dagbladet. Har du et tips eller sp\u00f8rsm\u00e5l om reiser og ferie? Send det gjerne til meg. Tips, sp\u00f8rsm\u00e5l og bilder som kan brukes til en reportasje vil bli prioritert.<\/p>\n","protected":false},"excerpt":{"rendered":"Nytt reisetilbud i Syden: En hel uke uten scrolling, jobbmailer eller sosiale medier. N\u00e5 skal mobilen bort fra&hellip;\n","protected":false},"author":2,"featured_media":287322,"comment_status":"","ping_status":"","sticky":false,"template":"","format":"standard","meta":{"footnotes":"","_share_on_mastodon":"0"},"categories":[12],"tags":[20,21,24015,24,25,15,4061,22,23,6720,13,30,28,29,14,16,1992,5351,4062,4226,26,27,42,43,44,45],"class_list":["post-287321","post","type-post","status-publish","format-standard","has-post-thumbnail","category-verden","tag-breaking-news","tag-breakingnews","tag-dumtelefon","tag-featured-news","tag-featurednews","tag-headlines","tag-hellas","tag-latest-news","tag-latestnews","tag-mobiltelefon","tag-news","tag-no","tag-norge","tag-norway","tag-nyheter","tag-overskrifter","tag-reise","tag-smarttelefon","tag-syden","tag-thetravelinspector","tag-top-stories","tag-topstories","tag-verden","tag-world","tag-world-news","tag-worldnews"],"share_on_mastodon":{"url":"https:\/\/pubeurope.com\/@no\/116875309049057923","error":""},"_links":{"self":[{"href":"https:\/\/www.europesays.com\/no\/wp-json\/wp\/v2\/posts\/287321","targetHints":{"allow":["GET"]}}],"collection":[{"href":"https:\/\/www.europesays.com\/no\/wp-json\/wp\/v2\/posts"}],"about":[{"href":"https:\/\/www.europesays.com\/no\/wp-json\/wp\/v2\/types\/post"}],"author":[{"embeddable":true,"href":"https:\/\/www.europesays.com\/no\/wp-json\/wp\/v2\/users\/2"}],"replies":[{"embeddable":true,"href":"https:\/\/www.europesays.com\/no\/wp-json\/wp\/v2\/comments?post=287321"}],"version-history":[{"count":0,"href":"https:\/\/www.europesays.com\/no\/wp-json\/wp\/v2\/posts\/287321\/revisions"}],"wp:featuredmedia":[{"embeddable":true,"href":"https:\/\/www.europesays.com\/no\/wp-json\/wp\/v2\/media\/287322"}],"wp:attachment":[{"href":"https:\/\/www.europesays.com\/no\/wp-json\/wp\/v2\/media?parent=287321"}],"wp:term":[{"taxonomy":"category","embeddable":true,"href":"https:\/\/www.europesays.com\/no\/wp-json\/wp\/v2\/categories?post=287321"},{"taxonomy":"post_tag","embeddable":true,"href":"https:\/\/www.europesays.com\/no\/wp-json\/wp\/v2\/tags?post=287321"}],"curies":[{"name":"wp","href":"https:\/\/api.w.org\/{rel}","templated":true}]}}