{"id":287388,"date":"2026-07-07T01:57:16","date_gmt":"2026-07-07T01:57:16","guid":{"rendered":"https:\/\/www.europesays.com\/no\/287388\/"},"modified":"2026-07-07T01:57:16","modified_gmt":"2026-07-07T01:57:16","slug":"dodstallet-stiger-etter-mandagens-angrep-mot-ukraina","status":"publish","type":"post","link":"https:\/\/www.europesays.com\/no\/287388\/","title":{"rendered":"D\u00f8dstallet stiger etter mandagens angrep mot Ukraina"},"content":{"rendered":"\n<p class=\"_lead_145nj_2 _lead_6fko5_53 layout-component text-serif-m layout-normal text-serif-l layout-component layout-wide layout-padded _wide_17hqh_1 layout-padded\">Minst 28 personer skal v\u00e6re drept og over 100 s\u00e5ret etter at raketter og droner regnet ned over Ukraina natt til s\u00f8ndag.<\/p>\n<p><img alt=\"Et boligomr\u00e5de i utkanten av Kyiv er blant stedene som ble hardt skadet av russiske missil- og droneangrep under. Foto: Oleksandr Ratushniak \/ Reuters \/ NTB\" class=\"_image_jw3bv_65 layout-component layout-wide\" data-fullscreen- data-track-element-type=\"Article image fullscreen\" data-track-name=\"ImageFullscreen\" fetchpriority=\"high\" decoding=\"sync\" loading=\"eager\" height=\"3888\" itemprop=\"image\"  src=\"https:\/\/www.europesays.com\/no\/wp-content\/uploads\/2026\/07\/897aaa81-c428-3eee-934e-e045f52d360a.jpeg\"  style=\"object-position:0% 0%\" width=\"5832\"\/>Et boligomr\u00e5de i utkanten av Kyiv er blant stedene som ble hardt skadet av russiske missil- og droneangrep under. Foto: Oleksandr Ratushniak \/ Reuters \/ NTB<\/p>\n<ul aria-hidden=\"true\" class=\"_images_ntbth_112\">\n<li><a class=\"_link_ntbth_117\" href=\"https:\/\/www.vg.no\/forfatter\/isak-loeve-pilskog-loe\" style=\"z-index:2\" title=\"Isak L\u00f8ve Pilskog Loe\" rel=\"nofollow noopener\" target=\"_blank\"><img alt=\"Bilde av Isak L\u00f8ve Pilskog Loe\" class=\"_image_ntbth_93\" fetchpriority=\"low\" loading=\"lazy\" decoding=\"async\" itemprop=\"image\"  src=\"https:\/\/www.europesays.com\/no\/wp-content\/uploads\/2026\/07\/1783389434_161_8b0354e3-bf53-460c-9c1c-790321a0c923.jpeg\"  width=\"480\"\/><\/a><\/li>\n<li><a class=\"_link_ntbth_117\" href=\"https:\/\/www.vg.no\/forfatter\/ntb\" style=\"z-index:1\" title=\"NTB\" rel=\"nofollow noopener\" target=\"_blank\"><img alt=\"Bilde av NTB\" class=\"_image_ntbth_93\" fetchpriority=\"low\" loading=\"lazy\" decoding=\"async\" itemprop=\"image\"  src=\"https:\/\/www.europesays.com\/no\/wp-content\/uploads\/2026\/07\/1783389434_114_c33980b0-5d07-4027-84a1-813f90a7c8d6.jpeg\"  width=\"480\"\/><\/a><\/li>\n<\/ul>\n<p> Oppdatert tirsdag 7. juli kl. 03:15     <\/p>\n<p class=\"_paragraph_145nj_4 _paragraph_6fko5_10 layout-component text-serif-m layout-normal text-serif-m layout-padded\">To av de drepte var venninnene Inna Kutsjer og Kateryna Antjufjejeva. Begge jobbet i avdelingen for ansattes helse og velferd i den ukrainske str\u00f8moperat\u00f8ren Ukrenergo, opplyser selskapet i en pressemelding.<\/p>\n<p class=\"_paragraph_145nj_4 _paragraph_6fko5_10 layout-component text-serif-m layout-normal text-serif-m layout-padded\">Kvinnene bodde i samme boligblokk. Inna ledet avdelingen, mens Katja jobbet som forsikringsansvarlig.<\/p>\n<p class=\"_paragraph_145nj_4 _paragraph_6fko5_10 layout-component text-serif-m layout-normal text-serif-m layout-padded\">Det melder selskapet i en <a href=\"https:\/\/web.telegram.org\/k\/#@Ukrenergo\" class=\"_link_145nj_39\" rel=\"nofollow noopener\" target=\"_blank\">pressemelding<\/a>.<\/p>\n<p class=\"_paragraph_145nj_4 _paragraph_6fko5_10 layout-component text-serif-m layout-normal text-serif-m layout-padded\">\u2013 Det er fortsatt vanskelig \u00e5 tro p\u00e5 det som har skjedd. Helt til det siste h\u00e5pet vi at dette var en tragisk misforst\u00e5else. Men mirakelet kom ikke, sier styreleder i Ukrenergo, Vitalij Zajtsjenko.<\/p>\n<p><img alt=\"Foto: Ukrenergo \/ Telegram\" class=\"_image_jw3bv_65 layout-component layout-normal\" data-fullscreen- data-track-element-type=\"Article image fullscreen\" data-track-name=\"ImageFullscreen\" decoding=\"async\" loading=\"lazy\" height=\"653\" itemprop=\"image\"  src=\"https:\/\/www.europesays.com\/no\/wp-content\/uploads\/2026\/07\/2b24198f-a270-3404-a099-c2e49759f926.jpeg\"  style=\"object-position:0% 0%\" width=\"1047\"\/>Foto: Ukrenergo \/ Telegram<\/p>\n<p class=\"_paragraph_145nj_4 _paragraph_6fko5_10 layout-component text-serif-m layout-normal text-serif-m layout-padded\">Innas ektemann mistet ogs\u00e5 livet i angrepet, og parets s\u00f8nn st\u00e5r n\u00e5 igjen som foreldrel\u00f8s, if\u00f8lge Ukrenergo.<\/p>\n<p>Massiv evakuering i Kyiv-regionen<\/p>\n<p class=\"_paragraph_145nj_4 _paragraph_6fko5_10 layout-component text-serif-m layout-normal text-serif-m layout-padded\">Hovedm\u00e5lene var nok en gang Kyiv og omr\u00e5dene rundt, opplyser president Volodymyr Zelenskyj i en tale publisert p\u00e5 presidentens <a href=\"https:\/\/www.president.gov.ua\/en\/news\/yakbi-ukrayina-otrimala-vid-ameriki-licenziyi-na-virobnictvo-105273\" class=\"_link_145nj_39\" rel=\"nofollow noopener\" target=\"_blank\">nettsider<\/a>. Den mest alvorlige situasjonen oppsto i forstaden Vysjneve, like utenfor hovedstaden.<\/p>\n<p class=\"_paragraph_145nj_4 _paragraph_6fko5_10 layout-component text-serif-m layout-normal text-serif-m layout-padded\">Der f\u00f8rte angrepet til sekund\u00e6re detonasjoner, noe som gjorde situasjonen s\u00e6rlig krevende.<\/p>\n<p class=\"_paragraph_145nj_4 _paragraph_6fko5_10 layout-component text-serif-m layout-normal text-serif-m layout-padded\">\u2013 Situasjonen er vanskelig i Vysjneve n\u00e6r Kyiv p\u00e5 grunn av sekund\u00e6re detonasjoner, sier Zelenskyj.<\/p>\n<p class=\"_paragraph_145nj_4 _paragraph_6fko5_10 layout-component text-serif-m layout-normal text-serif-m layout-padded\">Gjennom natten ble presidenten fortl\u00f8pende orientert om utviklingen. Innenriksminister Ihor Klymenko rapporterte omtrent hver halvtime om redningsarbeidet, ryddingen av ruinene og slukkingen av branner. Zelenskyj varsler at sikkerhetstjenesten SBU og etterretningen skal kartlegge i detalj hva som skjedde i Vysjneve.<\/p>\n<p class=\"_paragraph_145nj_4 _paragraph_6fko5_10 layout-component text-serif-m layout-normal text-serif-m layout-padded\">If\u00f8lge det ukrainske redningsvesenet ble mer enn 600 mennesker <a href=\"https:\/\/t.me\/dsns_telegram\/67901?fbclid=IwY2xjawS4ZExleHRuA2FlbQIxMABicmlkETFzUlpPb1RBRjJsTENQOG14c3J0YwZhcHBfaWQQMjIyMDM5MTc4ODIwMDg5MgABHqJzFul1707tEfIDsRCI47ve7csyUrgFNuXhoYvc08V3TYT-UK8gmwmiMv18_aem_mYaZ0BIcKzaP_D29tMBmrA\" class=\"_link_145nj_39\" rel=\"nofollow\">evakuert<\/a> fra byen. Blant dem var 117 personer som hadde s\u00f8kt tilflukt i et tilfluktsrom som senere havnet i eksplosjonens episenter under luftangrepet.<\/p>\n<p><img alt=\"Foto: SERHII OKUNEV \/ AFP \/ NTB\" class=\"_image_jw3bv_65 layout-component layout-normal\" data-fullscreen- data-track-element-type=\"Article image fullscreen\" data-track-name=\"ImageFullscreen\" decoding=\"async\" loading=\"lazy\" height=\"3932\" itemprop=\"image\"  src=\"https:\/\/www.europesays.com\/no\/wp-content\/uploads\/2026\/07\/db20e01e-5496-32aa-ac52-dd52cc448ffb.jpeg\"  style=\"object-position:0% 0%\" width=\"5242\"\/>Foto: SERHII OKUNEV \/ AFP \/ NTB<\/p>\n<p class=\"_paragraph_145nj_4 _paragraph_6fko5_10 layout-component text-serif-m layout-normal text-serif-m layout-padded\">Redningsarbeidere fortsetter \u00e5 gjennoms\u00f8ke boligbygg og uthus i omr\u00e5det for \u00e5 forsikre seg om at ingen skadede eller omkomne er igjen i ruinene. Samtidig bist\u00e5r psykologer fra redningsvesenet de s\u00e5rede og familiene deres.<\/p>\n<p class=\"_paragraph_145nj_4 _paragraph_6fko5_10 layout-component text-serif-m layout-normal text-serif-m layout-padded\">Ogs\u00e5 andre steder i Kyiv oblast ble mennesker drept og s\u00e5ret. Hardest rammet var Butsja-distriktet, der 35 personer ble s\u00e5ret, opplyser lederen for regionens milit\u00e6radministrasjon, Mykola Kalasjnik.<\/p>\n<p class=\"_paragraph_145nj_4 _paragraph_6fko5_10 layout-component text-serif-m layout-normal text-serif-m layout-padded\">If\u00f8lge Viktoria Ruban, talsperson for det ukrainske redningsvesenet i Kyiv oblast, ble alle de drepte i Butsja-distriktet rammet i angrepene mot byen Vysjneve og landsbyen Petropavlivska Borsjtsjahivka, skriver Ukrajinska Pravda.<\/p>\n<p class=\"_paragraph_145nj_4 _paragraph_6fko5_10 layout-component text-serif-m layout-normal text-serif-m layout-padded\">\u2013 I dag mistet Kyiv-regionen \u00e5tte av sine innbyggere. \u00c5tte liv ble revet bort av Russland. \u00c5tte familier har f\u00e5tt en dag som for alltid vil dele livet i et \u00abf\u00f8r\u00bb og et \u00abetter\u00bb, uttalte Kalasjnyk om situasjonen i regionen.<\/p>\n<p>419 luftm\u00e5l<\/p>\n<p class=\"_paragraph_145nj_4 _paragraph_6fko5_10 layout-component text-serif-m layout-normal text-serif-m layout-padded\">Russland brukte angrepsdroner samt missiler avfyrt fra luft, land og sj\u00f8 i det kombinerte angrepet, skriver Ukrajinska Pravda, som siterer landets luftforsvar.<\/p>\n<p class=\"_paragraph_145nj_4 _paragraph_6fko5_10 layout-component text-serif-m layout-normal text-serif-m layout-padded\">Ukrainsk luftvern <a href=\"https:\/\/www.facebook.com\/kpszsu\/posts\/pfbid02HfefXTcb815urAy9tJaM5wxkxuAUSX3QiozfDCJbXjZERCYrDoM48mYMcZ9WFUpml\" class=\"_link_145nj_39\" rel=\"nofollow noopener\" target=\"_blank\">oppgir<\/a> at de skj\u00f8t ned 363 av 419 luftm\u00e5l. Likevel traff 29 ballistiske missiler og 18 angrepsdroner m\u00e5l p\u00e5 34 steder i landet, if\u00f8lge ukrainske myndigheter.<\/p>\n<p><img alt=\"Fra angrepet i Vysjneve.  Foto: Social media \/ Reuters \/ NTB\" class=\"_image_jw3bv_65 layout-component layout-normal\" data-fullscreen- data-track-element-type=\"Article image fullscreen\" data-track-name=\"ImageFullscreen\" decoding=\"async\" loading=\"lazy\" height=\"943\" itemprop=\"image\"  src=\"https:\/\/www.europesays.com\/no\/wp-content\/uploads\/2026\/07\/d327c520-ac0e-3ea8-9c3a-975309b0f99f.jpeg\"  style=\"object-position:0% 0%\" width=\"1258\"\/>Fra angrepet i Vysjneve.  Foto: Social media \/ Reuters \/ NTB<\/p>\n<p class=\"_paragraph_145nj_4 _paragraph_6fko5_10 layout-component text-serif-m layout-normal text-serif-m layout-padded\">Zelenskyj retter ny kritikk mot mangelen p\u00e5 luftvern, og mener Ukraina selv burde f\u00e5 amerikansk lisens til \u00e5 produsere Patriot-systemer.<\/p>\n<p class=\"_paragraph_145nj_4 _paragraph_6fko5_10 layout-component text-serif-m layout-normal text-serif-m layout-padded\">\u2013 Russland satser spesifikt p\u00e5 ballistiske missiler, og de som \u00f8nsker fred m\u00e5 satse p\u00e5 beskyttelse mot ballistiske missiler, sier presidenten.<\/p>\n","protected":false},"excerpt":{"rendered":"Minst 28 personer skal v\u00e6re drept og over 100 s\u00e5ret etter at raketter og droner regnet ned over&hellip;\n","protected":false},"author":2,"featured_media":287389,"comment_status":"","ping_status":"","sticky":false,"template":"","format":"standard","meta":{"footnotes":"","_share_on_mastodon":"0"},"categories":[5],"tags":[20,21,1014,24,25,15,19,179,3137,22,23,17,18,13,30,28,29,14,16,26,27],"class_list":["post-287388","post","type-post","status-publish","format-standard","has-post-thumbnail","category-overskrifter","tag-breaking-news","tag-breakingnews","tag-droner","tag-featured-news","tag-featurednews","tag-headlines","tag-hovedoppslag","tag-krigen-i-ukraina","tag-kyiv","tag-latest-news","tag-latestnews","tag-main-news","tag-mainnews","tag-news","tag-no","tag-norge","tag-norway","tag-nyheter","tag-overskrifter","tag-top-stories","tag-topstories"],"share_on_mastodon":{"url":"https:\/\/pubeurope.com\/@no\/116876217785493069","error":""},"_links":{"self":[{"href":"https:\/\/www.europesays.com\/no\/wp-json\/wp\/v2\/posts\/287388","targetHints":{"allow":["GET"]}}],"collection":[{"href":"https:\/\/www.europesays.com\/no\/wp-json\/wp\/v2\/posts"}],"about":[{"href":"https:\/\/www.europesays.com\/no\/wp-json\/wp\/v2\/types\/post"}],"author":[{"embeddable":true,"href":"https:\/\/www.europesays.com\/no\/wp-json\/wp\/v2\/users\/2"}],"replies":[{"embeddable":true,"href":"https:\/\/www.europesays.com\/no\/wp-json\/wp\/v2\/comments?post=287388"}],"version-history":[{"count":0,"href":"https:\/\/www.europesays.com\/no\/wp-json\/wp\/v2\/posts\/287388\/revisions"}],"wp:featuredmedia":[{"embeddable":true,"href":"https:\/\/www.europesays.com\/no\/wp-json\/wp\/v2\/media\/287389"}],"wp:attachment":[{"href":"https:\/\/www.europesays.com\/no\/wp-json\/wp\/v2\/media?parent=287388"}],"wp:term":[{"taxonomy":"category","embeddable":true,"href":"https:\/\/www.europesays.com\/no\/wp-json\/wp\/v2\/categories?post=287388"},{"taxonomy":"post_tag","embeddable":true,"href":"https:\/\/www.europesays.com\/no\/wp-json\/wp\/v2\/tags?post=287388"}],"curies":[{"name":"wp","href":"https:\/\/api.w.org\/{rel}","templated":true}]}}