{"id":28742,"date":"2025-09-06T19:51:12","date_gmt":"2025-09-06T19:51:12","guid":{"rendered":"https:\/\/www.europesays.com\/no\/28742\/"},"modified":"2025-09-06T19:51:12","modified_gmt":"2025-09-06T19:51:12","slug":"na-er-det-slutt-pa-sunda-palegget","status":"publish","type":"post","link":"https:\/\/www.europesays.com\/no\/28742\/","title":{"rendered":"N\u00e5 er det slutt p\u00e5 Sunda-p\u00e5legget"},"content":{"rendered":"<p class=\"kicker \" style=\"\">Mat<\/p>\n<p>  Etter nittifem \u00e5r skal dette produktet ikke lengre selges.<\/p>\n<p>\n    SUNDA: Siden 1930 har det s\u00f8te p\u00e5legget v\u00e6rt i butikkhyllene. Foto: Terje Pedersen \/ NTB\n  <\/p>\n<p>S\u00f8tp\u00e5legget fra Tveita er historie \u2013 maskinene ble for gamle, if\u00f8lge Orkla.<\/p>\n<p>Torsdag 4. september ble siste boks av s\u00f8tp\u00e5legget Sunda produsert ved Orklas fabrikk p\u00e5 Tveita i Oslo. <a href=\"https:\/\/dinside.dagbladet.no\/fritid\/na-er-det-slutt-vemodig\/83516548?utm_source=chatgpt.com\" rel=\"nofollow noopener\" target=\"_blank\">Det bekrefter kommunikasjonsr\u00e5dgiver Kristoffer Vikebak overfor DinSide.<\/a><\/p>\n<p>Vemodig\t<\/p>\n<p>\u2013 Det er vemodig \u00e5 avslutte et ikonisk produkt som Sunda, det er ikke noe vi gj\u00f8r med lett hjerte, sier Vikebak.<\/p>\n<p>Det s\u00f8te p\u00e5legget, Sunda ble lansert i 1930.<\/p>\n<p>Det har siden v\u00e6rt en nostalgisk favoritt blant mange nordmenn, men har i nyere tid tapt kampen om br\u00f8dskivene. If\u00f8lge Orkla er det b\u00e5de sviktende salg og tekniske \u00e5rsaker som har f\u00f8rt til nedleggelsen.<\/p>\n<p>    <a itemprop=\"url\" href=\"https:\/\/www.kk.no\/mat\/da-han-la-ut-denne-videoen-kom-det-reaksjoner\/83541152\" rel=\"nofollow noopener\" target=\"_blank\"><\/p>\n<p>      <img loading=\"lazy\" decoding=\"async\" src=\"https:\/\/www.europesays.com\/no\/wp-content\/uploads\/2025\/09\/83541200.webp\" width=\"980\" height=\"441\" title=\"Da han la ut denne videoen, kom det reaksjoner\" alt=\"\" class=\"lazyload\" style=\"--aspect-ratio-image: 2.22; \"\/><\/p>\n<p>        Da han la ut denne videoen, kom det reaksjoner<\/p>\n<p>    <\/a><\/p>\n<p>\u2013 Maskinene Sunda produseres p\u00e5 er gamle og m\u00e5 skiftes ut for \u00e5 kunne fortsette produksjonen. En s\u00e5 stor investering kan ikke forsvares for et produkt med lave salgstall, forklarer Vikebak.<\/p>\n<p>Andre p\u00e5legg dominerer\t<\/p>\n<p>Selv om nordmenn fortsatt er glade i s\u00f8tt p\u00e5legg, har smaken endret seg. I dag er det Nugatti og nye varianter som N\u00f8ttesm\u00f8r og \u00abCookie Butter\u00bb som dominerer markedet.<\/p>\n<p>    <a itemprop=\"url\" href=\"https:\/\/www.kk.no\/mat\/fruktmyten-du-bor-slutte-a-tro-pa-2\/83480950\" rel=\"nofollow noopener\" target=\"_blank\"><\/p>\n<p>      <img loading=\"lazy\" decoding=\"async\" src=\"https:\/\/www.europesays.com\/no\/wp-content\/uploads\/2025\/09\/83485715.webp\" width=\"980\" height=\"441\" title=\"Fruktmyten du b\u00f8r slutte \u00e5 tro p\u00e5\" alt=\"\" class=\"lazyload\" style=\"--aspect-ratio-image: 2.22; \"\/><\/p>\n<p>        Fruktmyten du b\u00f8r slutte \u00e5 tro p\u00e5<\/p>\n<p>    <\/a><\/p>\n<p>\u2013 Det er bare andre smaker som er mer popul\u00e6re i 2025, noe Nugattis salgs\u00f8kning p\u00e5 7 prosent i fjor er et bevis p\u00e5, sier han til <a href=\"https:\/\/dinside.dagbladet.no\/fritid\/na-er-det-slutt-vemodig\/83516548?utm_source=chatgpt.com\" rel=\"nofollow noopener\" target=\"_blank\">DinSide.<\/a><\/p>\n<p>    Denne saken er laget i samarbeid med &laquo;Ruth&raquo;:<\/p>\n<p>Ruth er KKs KI-generator og brukes av redaksjonen i en testfase n\u00e5. Alt innhold er likevel faktasjekket og journalistisk evaluert i henhold til V\u00e6r varsom-plakaten.<\/p>\n<p>      Vis mer<br \/>\n      Vis mindre<\/p>\n","protected":false},"excerpt":{"rendered":"Mat Etter nittifem \u00e5r skal dette produktet ikke lengre selges. SUNDA: Siden 1930 har det s\u00f8te p\u00e5legget v\u00e6rt&hellip;\n","protected":false},"author":2,"featured_media":28743,"comment_status":"","ping_status":"","sticky":false,"template":"","format":"standard","meta":{"footnotes":""},"categories":[56],"tags":[60,61,737,62,30,28,29,4646,4645,4647],"class_list":{"0":"post-28742","1":"post","2":"type-post","3":"status-publish","4":"format-standard","5":"has-post-thumbnail","7":"category-naeringsliv","8":"tag-business","9":"tag-economy","10":"tag-mat","11":"tag-naeringsliv","12":"tag-no","13":"tag-norge","14":"tag-norway","15":"tag-palegg","16":"tag-slutt","17":"tag-sott"},"share_on_mastodon":{"url":"","error":""},"_links":{"self":[{"href":"https:\/\/www.europesays.com\/no\/wp-json\/wp\/v2\/posts\/28742","targetHints":{"allow":["GET"]}}],"collection":[{"href":"https:\/\/www.europesays.com\/no\/wp-json\/wp\/v2\/posts"}],"about":[{"href":"https:\/\/www.europesays.com\/no\/wp-json\/wp\/v2\/types\/post"}],"author":[{"embeddable":true,"href":"https:\/\/www.europesays.com\/no\/wp-json\/wp\/v2\/users\/2"}],"replies":[{"embeddable":true,"href":"https:\/\/www.europesays.com\/no\/wp-json\/wp\/v2\/comments?post=28742"}],"version-history":[{"count":0,"href":"https:\/\/www.europesays.com\/no\/wp-json\/wp\/v2\/posts\/28742\/revisions"}],"wp:featuredmedia":[{"embeddable":true,"href":"https:\/\/www.europesays.com\/no\/wp-json\/wp\/v2\/media\/28743"}],"wp:attachment":[{"href":"https:\/\/www.europesays.com\/no\/wp-json\/wp\/v2\/media?parent=28742"}],"wp:term":[{"taxonomy":"category","embeddable":true,"href":"https:\/\/www.europesays.com\/no\/wp-json\/wp\/v2\/categories?post=28742"},{"taxonomy":"post_tag","embeddable":true,"href":"https:\/\/www.europesays.com\/no\/wp-json\/wp\/v2\/tags?post=28742"}],"curies":[{"name":"wp","href":"https:\/\/api.w.org\/{rel}","templated":true}]}}