{"id":28749,"date":"2025-09-06T19:55:10","date_gmt":"2025-09-06T19:55:10","guid":{"rendered":"https:\/\/www.europesays.com\/no\/28749\/"},"modified":"2025-09-06T19:55:10","modified_gmt":"2025-09-06T19:55:10","slug":"sunniva-hofstad-til-kvartfinale-i-bokse-vm","status":"publish","type":"post","link":"https:\/\/www.europesays.com\/no\/28749\/","title":{"rendered":"Sunniva Hofstad til kvartfinale i bokse-VM"},"content":{"rendered":"\n<p class=\"_lead_ew2ao_2 _lead_xtcu6_50 layout-component text-serif-m layout-normal text-serif-l layout-component layout-wide layout-padded _wide_17hqh_1 layout-padded\">Sunniva Hofstad beseiret italienske Melissa Gemini i \u00e5ttedelsfinalen i bokse-VM i Liverpool og er klar for kvartfinale.<\/p>\n<p> <img class=\"_image_qp4xg_65 layout-component layout-wide\" data-fullscreen- data-track-element-type=\"Article image fullscreen\" data-track-name=\"ImageFullscreen\" fetchpriority=\"high\" decoding=\"sync\" loading=\"eager\" height=\"57\" itemprop=\"image\"  src=\"https:\/\/www.europesays.com\/no\/wp-content\/uploads\/2025\/09\/d34bba194a338cda4d426b5e641cf03b.jpg\"  style=\"object-position:50% 50%;aspect-ratio:1.75;height:auto;object-fit:cover;width:100%\" width=\"102\"\/>  <\/p>\n<ul aria-hidden=\"true\" class=\"_images_1y6fe_106\">\n<li><a class=\"_link_1y6fe_111\" href=\"https:\/\/www.vg.no\/forfatter\/ntb\" style=\"z-index:1\" title=\"NTB\" rel=\"nofollow noopener\" target=\"_blank\"><img alt=\"Bilde av NTB\" class=\"_image_1y6fe_88\" fetchpriority=\"low\" loading=\"lazy\" decoding=\"async\" itemprop=\"image\"  src=\"https:\/\/www.europesays.com\/no\/wp-content\/uploads\/2025\/09\/1757188510_142_c33980b0-5d07-4027-84a1-813f90a7c8d6\"  width=\"480\"\/><\/a><\/li>\n<\/ul>\n<p> Oppdatert l\u00f8rdag 6. september kl. 21:52     <\/p>\n<p class=\"_paragraph_ew2ao_4 _paragraph_xtcu6_10 layout-component text-serif-m layout-normal text-serif-m layout-padded\">Hofstad tok umiddelbart kommandoen og drev Gemini tilbake mot tauene. Hun fikk stadig inn treffere. Fire av de fem dommerne ga henne den f\u00f8rste runden.<\/p>\n<p class=\"_paragraph_ew2ao_4 _paragraph_xtcu6_10 layout-component text-serif-m layout-normal text-serif-m layout-padded\">\u2013 Det er en motstander jeg har m\u00f8tt f\u00f8r, og har tapt mot en gang, s\u00e5 jeg ville ikke g\u00e5 p\u00e5 samme smellen igjen. Taktikken funket, det kjente jeg i f\u00f8rste runde \u2013 da kunne jeg bare kose meg, sier Hofstad til VG. <\/p>\n<p class=\"_paragraph_ew2ao_4 _paragraph_xtcu6_10 layout-component text-serif-m layout-normal text-serif-m layout-padded\">I neste runde hamret hun innledningsvis l\u00f8s p\u00e5 motstanderen, som virket i tr\u00f8bbel. Det roet seg utover i runden, men igjen holdt fire av fem dommere Hofstad som vinner av runden.<\/p>\n<p class=\"_paragraph_ew2ao_4 _paragraph_xtcu6_10 layout-component text-serif-m layout-normal text-serif-m layout-padded\">I siste runde var begge boksere mer avventende, men Hofstad kontrollerte kampen og ga aldri Gemini sjanse til \u00e5 ta seg inn i oppgj\u00f8ret. Hofstad tok en enstemmig poengseier.<\/p>\n<p class=\"_paragraph_ew2ao_4 _paragraph_xtcu6_10 layout-component text-serif-m layout-normal text-serif-m layout-padded\">I kvartfinalen onsdag m\u00f8ter hun irske Aoife O&#8217;Rourke, som beseiret Monika Langerova fra Tsjekkia 5-0.<\/p>\n<p class=\"_paragraph_ew2ao_4 _paragraph_xtcu6_10 layout-component text-serif-m layout-normal text-serif-m layout-padded\">Hofstad er seedet som nummer to i 75-kilosklassen og hadde walkover i innledende runde. Gemini slo mexicanske Citlalli Ortiz 4-1 i sin f\u00f8rste kamp.<\/p>\n<p class=\"_paragraph_ew2ao_4 _paragraph_xtcu6_10 layout-component text-serif-m layout-normal text-serif-m layout-padded\">Omar Shiha vant sin f\u00f8rste kamp fredag og er klar for \u00e5ttedelsfinale i mennenes +90-kilosklasse. Han m\u00f8ter \u00f8sterrikeren Ahmed Hagag mandag kveld.<\/p>\n<p class=\"_paragraph_ew2ao_4 _paragraph_xtcu6_10 layout-component text-serif-m layout-normal text-serif-m layout-padded\">Madeleine Angelsen r\u00f8k ut av turneringen fredag med klart tap i sin f\u00f8rste kamp i kvinnenes 65-kilosklasse.<\/p>\n<p class=\"_paragraph_ew2ao_4 _paragraph_xtcu6_10 layout-component text-serif-m layout-normal text-serif-m layout-padded\"><a href=\"https:\/\/tv.vg.no\/kategori\/3\/sport?popup_id=624d5cf6082d5ef0726bd603\" class=\"_link_ew2ao_39\" rel=\"nofollow noopener\" target=\"_blank\"><strong class=\"_strong_ew2ao_25\">Alt fra VM i boksing ser du med VG+ Sport! <\/strong><\/a><\/p>\n","protected":false},"excerpt":{"rendered":"Sunniva Hofstad beseiret italienske Melissa Gemini i \u00e5ttedelsfinalen i bokse-VM i Liverpool og er klar for kvartfinale. Oppdatert&hellip;\n","protected":false},"author":2,"featured_media":28750,"comment_status":"","ping_status":"","sticky":false,"template":"","format":"standard","meta":{"footnotes":""},"categories":[59],"tags":[1563,30,28,29,83,82,4476],"class_list":{"0":"post-28749","1":"post","2":"type-post","3":"status-publish","4":"format-standard","5":"has-post-thumbnail","7":"category-sport","8":"tag-boksing","9":"tag-no","10":"tag-norge","11":"tag-norway","12":"tag-sport","13":"tag-sports","14":"tag-sunniva-hofstad"},"share_on_mastodon":{"url":"","error":""},"_links":{"self":[{"href":"https:\/\/www.europesays.com\/no\/wp-json\/wp\/v2\/posts\/28749","targetHints":{"allow":["GET"]}}],"collection":[{"href":"https:\/\/www.europesays.com\/no\/wp-json\/wp\/v2\/posts"}],"about":[{"href":"https:\/\/www.europesays.com\/no\/wp-json\/wp\/v2\/types\/post"}],"author":[{"embeddable":true,"href":"https:\/\/www.europesays.com\/no\/wp-json\/wp\/v2\/users\/2"}],"replies":[{"embeddable":true,"href":"https:\/\/www.europesays.com\/no\/wp-json\/wp\/v2\/comments?post=28749"}],"version-history":[{"count":0,"href":"https:\/\/www.europesays.com\/no\/wp-json\/wp\/v2\/posts\/28749\/revisions"}],"wp:featuredmedia":[{"embeddable":true,"href":"https:\/\/www.europesays.com\/no\/wp-json\/wp\/v2\/media\/28750"}],"wp:attachment":[{"href":"https:\/\/www.europesays.com\/no\/wp-json\/wp\/v2\/media?parent=28749"}],"wp:term":[{"taxonomy":"category","embeddable":true,"href":"https:\/\/www.europesays.com\/no\/wp-json\/wp\/v2\/categories?post=28749"},{"taxonomy":"post_tag","embeddable":true,"href":"https:\/\/www.europesays.com\/no\/wp-json\/wp\/v2\/tags?post=28749"}],"curies":[{"name":"wp","href":"https:\/\/api.w.org\/{rel}","templated":true}]}}