{"id":28789,"date":"2025-09-06T20:52:09","date_gmt":"2025-09-06T20:52:09","guid":{"rendered":"https:\/\/www.europesays.com\/no\/28789\/"},"modified":"2025-09-06T20:52:09","modified_gmt":"2025-09-06T20:52:09","slug":"britisk-par-dode-i-lisboa-ulykken","status":"publish","type":"post","link":"https:\/\/www.europesays.com\/no\/28789\/","title":{"rendered":"Britisk par d\u00f8de i Lisboa-ulykken"},"content":{"rendered":"\n<p class=\"_lead_ew2ao_2 _lead_xtcu6_50 layout-component text-serif-m layout-normal text-serif-l layout-component layout-wide layout-padded _wide_17hqh_1 layout-padded\">Kayleigh Smith og William Nelson var blant 16 som mistet livet da den historiske kabeltrikken krasjet.<\/p>\n<p><img alt=\" Foto: Kayleigh Smith \/ Instagram\" class=\"_image_qp4xg_65 layout-component layout-wide\" data-fullscreen- data-track-element-type=\"Article image fullscreen\" data-track-name=\"ImageFullscreen\" fetchpriority=\"high\" decoding=\"sync\" loading=\"eager\" height=\"900\" itemprop=\"image\"  src=\"https:\/\/www.europesays.com\/no\/wp-content\/uploads\/2025\/09\/bfdf885e-4648-41af-ba5f-5430e1f1418f\"  style=\"object-position:0% 0%\" width=\"1600\"\/> Foto: Kayleigh Smith \/ Instagram<\/p>\n<ul aria-hidden=\"true\" class=\"_images_1y6fe_106\">\n<li><a class=\"_link_1y6fe_111\" href=\"https:\/\/www.vg.no\/forfatter\/isak-loeve-pilskog-loe\" style=\"z-index:1\" title=\"Isak L\u00f8ve Pilskog Loe\" rel=\"nofollow noopener\" target=\"_blank\"><img alt=\"Bilde av Isak L\u00f8ve Pilskog Loe\" class=\"_image_1y6fe_88\" fetchpriority=\"low\" loading=\"lazy\" decoding=\"async\" itemprop=\"image\"  src=\"https:\/\/www.europesays.com\/no\/wp-content\/uploads\/2025\/09\/1757191928_753_8b0354e3-bf53-460c-9c1c-790321a0c923\"  width=\"480\"\/><\/a><\/li>\n<\/ul>\n<p> Oppdatert l\u00f8rdag 6. september kl. 17:41     <\/p>\n<p class=\"_paragraph_ew2ao_4 _paragraph_xtcu6_10 layout-component text-serif-m layout-normal text-serif-m layout-padded\">To av de tre britiske ofrene i den tragiske kabeltrikk-ulykken i <a href=\"https:\/\/www.vg.no\/tag\/lisboa?utm_source=vg-article&amp;utm_medium=auto-tagger&amp;utm_campaign=Ave3nn\" class=\"_link_ew2ao_39\" rel=\"nofollow noopener\" target=\"_blank\">Lisboa<\/a> onsdag er n\u00e5 identifisert som paret Kayleigh Smith (36) og William Nelson (44).<\/p>\n<p class=\"_paragraph_ew2ao_4 _paragraph_xtcu6_10 layout-component text-serif-m layout-normal text-serif-m layout-padded\">Smith hadde utdannet seg ved Arden School of Theatre i Manchester, mens Nelson ledet masterprogrammet i regi. Paret var p\u00e5 sin f\u00f8rste dag i den portugisiske hovedstaden da ulykken skjedde.<\/p>\n<p class=\"_paragraph_ew2ao_4 _paragraph_xtcu6_10 layout-component text-serif-m layout-normal text-serif-m layout-padded\">Timer f\u00f8r den fatale ulykken hadde Smith lagt ut bilder p\u00e5 Instagram med teksten: \u00abKirker og slott, fliser og trikker\u00bb.<\/p>\n<p>    Teaterverden i sorg<\/p>\n<p class=\"_paragraph_ew2ao_4 _paragraph_xtcu6_10 layout-component text-serif-m layout-normal text-serif-m layout-padded\"><a href=\"https:\/\/madstheatre.org\/mads_news\/kayleigh-smith\/\" class=\"_link_ew2ao_39\" rel=\"nofollow noopener\" target=\"_blank\">MADS theatre<\/a> i Macclesfield beskriver Smith som et \u00abverdsatt medlem\u00bb som vil bli \u00abdypt savnet\u00bb. Hun var en prisbel\u00f8nnet regiss\u00f8r og skuespiller som ogs\u00e5 hadde tatt p\u00e5 seg mange roller bak scenen og i resepsjonen.<\/p>\n<p class=\"_paragraph_ew2ao_4 _paragraph_xtcu6_10 layout-component text-serif-m layout-normal text-serif-m layout-padded\">\u2013 Kayleigh var en enormt talentfull teaterregiss\u00f8r som helte sin kreativitet, energi og vennlighet inn i hver produksjon, sier parlamentsmedlem Tim Roca til <a href=\"https:\/\/news.sky.com\/story\/british-couple-killed-in-lisbon-funicular-crash-named-13425823\" class=\"_link_ew2ao_39\" rel=\"nofollow noopener\" target=\"_blank\">Sky News<\/a>.<\/p>\n<p><img alt=\"\" class=\"_image_qp4xg_65 layout-component layout-normal\" data-fullscreen- data-track-element-type=\"Article image fullscreen\" data-track-name=\"ImageFullscreen\" decoding=\"async\" loading=\"lazy\" height=\"1692\" itemprop=\"image\"  src=\"https:\/\/www.europesays.com\/no\/wp-content\/uploads\/2025\/09\/c7466d3a-bc7a-4644-9589-f96efd3c0cfc\"  style=\"object-position:0% 0%\" width=\"1160\"\/><\/p>\n<p class=\"_paragraph_ew2ao_4 _paragraph_xtcu6_10 layout-component text-serif-m layout-normal text-serif-m layout-padded\">Nelson beskrives som like dedikert til \u00e5 fremme kreativitet og inspirere neste generasjon.<\/p>\n<p class=\"_paragraph_ew2ao_4 _paragraph_xtcu6_10 layout-component text-serif-m layout-normal text-serif-m layout-padded\">\u2013 Tapet hans vil bli dypt f\u00f8lt av kolleger og studenter, legger Roca til.<\/p>\n<p class=\"_paragraph_ew2ao_4 _paragraph_xtcu6_10 layout-component text-serif-m layout-normal text-serif-m layout-padded\">Familien til Smith sier til <a href=\"https:\/\/www.bbc.com\/news\/articles\/c62lmed42p1o\" class=\"_link_ew2ao_39\" rel=\"nofollow noopener\" target=\"_blank\">BBC<\/a> at parets d\u00f8d har etterlatt alle i dyp sorg.<\/p>\n<p class=\"_paragraph_ew2ao_4 _paragraph_xtcu6_10 layout-component text-serif-m layout-normal text-serif-m layout-padded\">Broren til Nelson utdyper: <\/p>\n<p class=\"_paragraph_ew2ao_4 _paragraph_xtcu6_10 layout-component text-serif-m layout-normal text-serif-m layout-padded\">\u2013 Han var alltid godhjertet, uselvisk og beskyttende. Verden f\u00f8les ikke riktig eller normal uten ham. Han var, og vil alltid v\u00e6re, min helt. Vi kommer til \u00e5 savne deg for alltid. Vi elsker deg \u2013 hvil i fred, legende.<\/p>\n<p class=\"_paragraph_ew2ao_4 _paragraph_xtcu6_10 layout-component text-serif-m layout-normal text-serif-m layout-padded\">Blant de andre ofrene var <a href=\"https:\/\/www.vg.no\/nyheter\/i\/pP3pVw\/amerikansk-laerer-doede-i-sporvognsulykke-i-lisboa\" data-track-element-type=\"Link\" data-track-id=\"link:pP3pVw\" class=\"_link_ew2ao_39\" rel=\"nofollow noopener\" target=\"_blank\">den amerikanske l\u00e6reren Heather Hall<\/a>, som jobbet ved College of Charleston i South Carolina. Hun var i Portugal for \u00e5 holde foredrag p\u00e5 en konferanse.<\/p>\n<p class=\"_paragraph_ew2ao_4 _paragraph_xtcu6_10 layout-component text-serif-m layout-normal text-serif-m layout-padded\">\u2013 Heather levde livet fullt ut, dristig og med et hjerte \u00e5pent for verden, uttalte familien til New York Post.<\/p>\n<p> Inspisert timer f\u00f8r<\/p>\n<p class=\"_paragraph_ew2ao_4 _paragraph_xtcu6_10 layout-component text-serif-m layout-normal text-serif-m layout-padded\">Den gule kabeltrikken Gloria sporet av i Lisboa onsdag kveld. 16 personer d\u00f8de og 18 ble skadet.<\/p>\n<p class=\"_paragraph_ew2ao_4 _paragraph_xtcu6_10 layout-component text-serif-m layout-normal text-serif-m layout-padded\">Ulykken kom bare timer etter at trikken var <a href=\"https:\/\/www.vg.no\/nyheter\/i\/8qnlKG\/doedstrikken-i-lisboa-ble-inspisert-bare-timer-foer-ulykken\" data-track-element-type=\"Link\" data-track-id=\"link:8qnlKG\" class=\"_link_ew2ao_39\" rel=\"nofollow noopener\" target=\"_blank\">inspisert og funnet i orden<\/a>. If\u00f8lge vitner sviktet bremsene f\u00f8r vognen raste ned bakken og krasjet i en bygning.<\/p>\n<p><img alt=\"HAR IKKE KONKLUDERT: Trikken raste gjennom gatene onsdag kveld. Myndighetene har ikke konkludert med hvorfor det skjedde.   Foto: Armando Franca \/ AP \/ NTB\" class=\"_image_qp4xg_65 layout-component layout-normal\" data-fullscreen- data-track-element-type=\"Article image fullscreen\" data-track-name=\"ImageFullscreen\" decoding=\"async\" loading=\"lazy\" height=\"3744\" itemprop=\"image\"  src=\"https:\/\/www.europesays.com\/no\/wp-content\/uploads\/2025\/09\/603828a6-bafa-4d0f-872d-646c1172bc39\"  style=\"object-position:0% 0%\" width=\"5616\"\/>HAR IKKE KONKLUDERT: Trikken raste gjennom gatene onsdag kveld. Myndighetene har ikke konkludert med hvorfor det skjedde.   Foto: Armando Franca \/ AP \/ NTB<\/p>\n<p class=\"_paragraph_ew2ao_4 _paragraph_xtcu6_10 layout-component text-serif-m layout-normal text-serif-m layout-padded\">Ofrene er fra Portugal, Canada, S\u00f8r-Korea, Frankrike, Sveits, Ukraina, USA og Storbritannia.<\/p>\n<p><img decoding=\"async\" alt=\"Bilde av  Lu\u00eds Montenegro\" class=\"_image_ygndg_42\" height=\"27\" itemprop=\"image\" loading=\"lazy\"  src=\"https:\/\/www.europesays.com\/no\/wp-content\/uploads\/2025\/09\/9c3db8a9-44eb-43d7-8f14-8b1b285665f6\"  width=\"40\"\/><strong class=\"_name_ygndg_51 title-serif-xs\"> Lu\u00eds Montenegro<\/strong><\/p>\n<p class=\"_paragraph_ew2ao_4 text-sans-m _description_ygndg_56\">Statsminister<\/p>\n<p class=\"_paragraph_ew2ao_4 _paragraph_xtcu6_10 layout-component text-serif-m layout-normal text-serif-m layout-padded\">Statsminister Lu\u00eds Montenegro kaller hendelsen \u00aben av de st\u00f8rste tragediene i nyere tid\u00bb overfor Sky News. Tre andre kabeltrikker er midlertidig tatt ut av drift.<\/p>\n","protected":false},"excerpt":{"rendered":"Kayleigh Smith og William Nelson var blant 16 som mistet livet da den historiske kabeltrikken krasjet. Foto: Kayleigh&hellip;\n","protected":false},"author":2,"featured_media":28790,"comment_status":"","ping_status":"","sticky":false,"template":"","format":"standard","meta":{"footnotes":""},"categories":[12],"tags":[20,21,24,25,15,22,23,4204,13,30,28,29,14,16,4495,26,27,51,42,46,43,44,45],"class_list":{"0":"post-28789","1":"post","2":"type-post","3":"status-publish","4":"format-standard","5":"has-post-thumbnail","7":"category-verden","8":"tag-breaking-news","9":"tag-breakingnews","10":"tag-featured-news","11":"tag-featurednews","12":"tag-headlines","13":"tag-latest-news","14":"tag-latestnews","15":"tag-lisboa","16":"tag-news","17":"tag-no","18":"tag-norge","19":"tag-norway","20":"tag-nyheter","21":"tag-overskrifter","22":"tag-portugal","23":"tag-top-stories","24":"tag-topstories","25":"tag-ulykke","26":"tag-verden","27":"tag-vgai","28":"tag-world","29":"tag-world-news","30":"tag-worldnews"},"share_on_mastodon":{"url":"","error":""},"_links":{"self":[{"href":"https:\/\/www.europesays.com\/no\/wp-json\/wp\/v2\/posts\/28789","targetHints":{"allow":["GET"]}}],"collection":[{"href":"https:\/\/www.europesays.com\/no\/wp-json\/wp\/v2\/posts"}],"about":[{"href":"https:\/\/www.europesays.com\/no\/wp-json\/wp\/v2\/types\/post"}],"author":[{"embeddable":true,"href":"https:\/\/www.europesays.com\/no\/wp-json\/wp\/v2\/users\/2"}],"replies":[{"embeddable":true,"href":"https:\/\/www.europesays.com\/no\/wp-json\/wp\/v2\/comments?post=28789"}],"version-history":[{"count":0,"href":"https:\/\/www.europesays.com\/no\/wp-json\/wp\/v2\/posts\/28789\/revisions"}],"wp:featuredmedia":[{"embeddable":true,"href":"https:\/\/www.europesays.com\/no\/wp-json\/wp\/v2\/media\/28790"}],"wp:attachment":[{"href":"https:\/\/www.europesays.com\/no\/wp-json\/wp\/v2\/media?parent=28789"}],"wp:term":[{"taxonomy":"category","embeddable":true,"href":"https:\/\/www.europesays.com\/no\/wp-json\/wp\/v2\/categories?post=28789"},{"taxonomy":"post_tag","embeddable":true,"href":"https:\/\/www.europesays.com\/no\/wp-json\/wp\/v2\/tags?post=28789"}],"curies":[{"name":"wp","href":"https:\/\/api.w.org\/{rel}","templated":true}]}}