{"id":28793,"date":"2025-09-06T20:54:07","date_gmt":"2025-09-06T20:54:07","guid":{"rendered":"https:\/\/www.europesays.com\/no\/28793\/"},"modified":"2025-09-06T20:54:07","modified_gmt":"2025-09-06T20:54:07","slug":"overrasket-med-aerestittel-det-er-sterkt-for-en-kar-fra-namsos-dette-adressa-no","status":"publish","type":"post","link":"https:\/\/www.europesays.com\/no\/28793\/","title":{"rendered":"Overrasket med \u00e6restittel: &#8211; Det er sterkt for en kar fra Namsos, dette &#8211; adressa.no"},"content":{"rendered":"<ol>\n<li><a href=\"https:\/\/news.google.com\/rss\/articles\/CBMirAFBVV95cUxQN2tyNVVRalE0Q0wzR01nRHhxdWQwQ1lQMFpXMFYxU2ZXbGtwa013RU5jY2VKT05qRVdQM0NwSk5EOVdyUlNEVkVxRkJKUml0QU9NQ3hfbFNVLXNCaDdTOXJwT1dGNUFzSzEzYXlZNGMxT1N5ZXVxcWdocGR4bnhiR2x3RzNEY3JRemx0RjF0V1hnM0lWbDJjYjF6YV92X0dwTFRvNldoMHFiMV9m?oc=5\" target=\"_blank\" rel=\"nofollow noopener\">Overrasket med \u00e6restittel: &#8211; Det er sterkt for en kar fra Namsos, dette<\/a>&nbsp;&nbsp;adressa.no<\/li>\n<li><a href=\"https:\/\/news.google.com\/rss\/articles\/CBMizAFBVV95cUxOUzFqeG93dFlqbmJLSkJLUXl0bXFyakJFcFVLdjRKd19EMmxYTndxaXl2bTlxODhVcUNhQm9Jc011NUZLZ3A3TkdGRk9IT0FuSUEzbWlETklkVHJ1c20zNjJNQldEd2FrWHZoZkdRQkVjNkFJTG52ZTJFemdKQkFianFNNzVCNHplakRVTEZTck1tb2M1Y3hPV2YzRHRpb3hVbjMxa0FzaE1jSXd1Yk5hemFkMXFQV0x4cHB2YzFYZ2F0dHlKNDFyRm5DS2E?oc=5\" target=\"_blank\" rel=\"nofollow noopener\">\u00c5ge Aleksandersen utnevnt til \u00e6resborger av Trondheim under sin siste konsert med Sambandet<\/a>&nbsp;&nbsp;NRK<\/li>\n<li><a href=\"https:\/\/news.google.com\/rss\/articles\/CBMimwFBVV95cUxOTTBVb3lqVVpQZHB5eFkxMDFPLTFDUjZJMVhPMzAzdXllR3NpNkx6RnA1dU1lRUxSZHZCeVh0UWtXQklzeG1QQzdvbUdpNHJtb1l3Z3h5QlhzMmMtMFVpSkZnb0diWjZkNTNrYVo1LTlCV2lRSzVmSFI1N1BuMGQyWV9Pa2g4dDVvWmNXaHVmNDhTb1VQMzdkakRsOA?oc=5\" target=\"_blank\" rel=\"nofollow noopener\">N\u00e5 er det over: \u2013 M\u00e5 l\u00e6re meg \u00e5 leve livet p\u00e5 nytt<\/a>&nbsp;&nbsp;TV2.no<\/li>\n<li><a href=\"https:\/\/news.google.com\/rss\/articles\/CBMiyAFBVV95cUxNa3UteTRianJheDFzOEVNMVZrR0EzUmZpUGEtSTFlSnRTcm5WdVFuVlVkSXVOQjBXejJsWkZiYXR0ZEMzeVlqT0hoSjFNSl95VmNObkJtd0pPRWxvOV9IMlN4YVlwa0xoVVl4TWt5TzdIZ2hEWndxNzZpRDlNWnFzOGxGeDVNejduQng3T0ZINVllRG5hb0dVOUxiS3ZSanJLVi1UUmhjZS1VdG12SnpyVlNTLVg2X1pwNTN1RlZQRVFKOFlsVGZPVA?oc=5\" target=\"_blank\" rel=\"nofollow noopener\">Tredje \u00c5ge og Sambandet-konserten hun er p\u00e5 i \u00e5r: \u2013 Tekstene gir b\u00e5de styrke og tr\u00f8st<\/a>&nbsp;&nbsp;innherred.no<\/li>\n<li><a href=\"https:\/\/news.google.com\/rss\/articles\/CBMiwAFBVV95cUxQNG9DYzRYSVFYbXhkdmFfeHl6NVE2VWFFb1d2OWR6a3QyQmsyOTRaaS1haDFhN1loSzJxLWxLV1ZFSzhUQ3lvdklFSGYwcG82NE4tVWRQc0pseS1VQ1ZtZDJjWndEZ1pGcEtBQzVxWUdPV0hoMlJuTEFtc1NPenJmbWpTTjZERmdUcUxNcFNYVFlrcE9XQUVOWlAzT1VmNHpHUTl0cVVvdzgxTjhydWswTktiV3h3S0JGZ1NFUTBoLVE?oc=5\" target=\"_blank\" rel=\"nofollow noopener\">(+) Lise (46): \u2013 Helt magisk, jeg kan ikke tenke meg noe annet som kan m\u00e5le seg med dette<\/a>&nbsp;&nbsp;Namdalsavisa<\/li>\n<\/ol>\n","protected":false},"excerpt":{"rendered":"Overrasket med \u00e6restittel: &#8211; Det er sterkt for en kar fra Namsos, dette&nbsp;&nbsp;adressa.no \u00c5ge Aleksandersen utnevnt til \u00e6resborger&hellip;\n","protected":false},"author":2,"featured_media":28794,"comment_status":"","ping_status":"","sticky":false,"template":"","format":"standard","meta":{"footnotes":""},"categories":[5],"tags":[2061,4657,20,21,24,25,4658,15,19,155,22,23,316,4073,17,18,13,555,30,28,29,14,16,26,27,596],"class_list":{"0":"post-28793","1":"post","2":"type-post","3":"status-publish","4":"format-standard","5":"has-post-thumbnail","7":"category-overskrifter","8":"tag-age-aleksandersen","9":"tag-arve-tellefsen","10":"tag-breaking-news","11":"tag-breakingnews","12":"tag-featured-news","13":"tag-featurednews","14":"tag-hakon-bleken","15":"tag-headlines","16":"tag-hovedoppslag","17":"tag-konsert","18":"tag-latest-news","19":"tag-latestnews","20":"tag-lerkendal","21":"tag-liv-ullmann","22":"tag-main-news","23":"tag-mainnews","24":"tag-news","25":"tag-nils-arne-eggen","26":"tag-no","27":"tag-norge","28":"tag-norway","29":"tag-nyheter","30":"tag-overskrifter","31":"tag-top-stories","32":"tag-topstories","33":"tag-trondheim"},"share_on_mastodon":{"url":"","error":""},"_links":{"self":[{"href":"https:\/\/www.europesays.com\/no\/wp-json\/wp\/v2\/posts\/28793","targetHints":{"allow":["GET"]}}],"collection":[{"href":"https:\/\/www.europesays.com\/no\/wp-json\/wp\/v2\/posts"}],"about":[{"href":"https:\/\/www.europesays.com\/no\/wp-json\/wp\/v2\/types\/post"}],"author":[{"embeddable":true,"href":"https:\/\/www.europesays.com\/no\/wp-json\/wp\/v2\/users\/2"}],"replies":[{"embeddable":true,"href":"https:\/\/www.europesays.com\/no\/wp-json\/wp\/v2\/comments?post=28793"}],"version-history":[{"count":0,"href":"https:\/\/www.europesays.com\/no\/wp-json\/wp\/v2\/posts\/28793\/revisions"}],"wp:featuredmedia":[{"embeddable":true,"href":"https:\/\/www.europesays.com\/no\/wp-json\/wp\/v2\/media\/28794"}],"wp:attachment":[{"href":"https:\/\/www.europesays.com\/no\/wp-json\/wp\/v2\/media?parent=28793"}],"wp:term":[{"taxonomy":"category","embeddable":true,"href":"https:\/\/www.europesays.com\/no\/wp-json\/wp\/v2\/categories?post=28793"},{"taxonomy":"post_tag","embeddable":true,"href":"https:\/\/www.europesays.com\/no\/wp-json\/wp\/v2\/tags?post=28793"}],"curies":[{"name":"wp","href":"https:\/\/api.w.org\/{rel}","templated":true}]}}