{"id":288628,"date":"2026-07-08T09:50:11","date_gmt":"2026-07-08T09:50:11","guid":{"rendered":"https:\/\/www.europesays.com\/no\/288628\/"},"modified":"2026-07-08T09:50:11","modified_gmt":"2026-07-08T09:50:11","slug":"mif-eiker-rhett-bernstein-38-er-dod-vi-kommer-ikke-til-a-glemme","status":"publish","type":"post","link":"https:\/\/www.europesays.com\/no\/288628\/","title":{"rendered":"MIF, Eiker | Rhett Bernstein (38) er d\u00f8d: \u2013 Vi kommer ikke til \u00e5 glemme"},"content":{"rendered":"\n<p>Onsdag formiddag melder Mj\u00f8ndalen Toppfotball i <a href=\"https:\/\/www.miffotball.no\/nyheter\/rhett-bernstein-1987-2026\" rel=\"Follow nofollow noopener\" target=\"_blank\">en pressemelding<\/a> at tidligere MIF-spiller, Rhett Bernstein (38) er d\u00f8d.<\/p>\n<p>\u2013 Vi har f\u00e5tt den grusomme beskjeden om at Rhett Bernstein har g\u00e5tt bort, bare 38 \u00e5r gammel, innleder klubben.<\/p>\n<p>Helten fra RBK-kampen<\/p>\n<p>Rhett Bernstein kom til Mj\u00f8ndalen f\u00f8r 2011-sesongen. Den amerikanske midtstopperen var en av heltene da Brann ble sl\u00e5tt i det episke kvalikdramaet i 2014 \u2013 som endte med opprykk til Eliteserien.<\/p>\n<p>P\u00e5 \u00f8verste niv\u00e5 \u00e5ret etter skulle Bernstein oppleve karrierens h\u00f8ydepunkt p\u00e5 fotballbanen:<\/p>\n<p>I l\u00f8pet av noen hektiske mai-dager i 2015 ble Bernstein tom\u00e5lsscorer i to strake hjemmekamper. F\u00f8rst mot Troms\u00f8 (4-3-seier), og deretter mot Rosenborg, som da var Norges klart beste lag.<\/p>\n<p>MIF var nyopprykket og underdog med stor U. RBK tok en oppskriftsmessig 2-0-ledelse, men p\u00e5 en uvirkelig m\u00e5te slo bruntr\u00f8yene tilbake. Etter m\u00e5l av Mads Hansen og to m\u00e5l av \u00abthe american hero\u00bb Rhett Bernstein. Den fysisk sterke stopperen headet inn 3\u20132 p\u00e5 overtid. Sensasjonen var et faktum.<\/p>\n<p>   <img decoding=\"async\" width=\"2888\" height=\"2016\" fetchpriority=\"low\"  loading=\"lazy\"  src=\"https:\/\/www.europesays.com\/no\/wp-content\/uploads\/2026\/07\/24_spo_mif_5.jpg\" alt=\"\" class=\"brick-c-cFOWSL\" style=\"--brick-image-ratio: 2888 \/ 2016;\"\/><\/p>\n<p>      OPPTUR: Bernstein gjorde seg bemerket for MIF.<br \/>\n      Foto: Tore Sandberg\n    <\/p>\n<p>  \u2013 Lyser fred over hans minne.<\/p>\n<p>Klubben uttrykker sine kondolanser til de p\u00e5r\u00f8rende:<\/p>\n<p>Det er alltid tragisk n\u00e5r noen d\u00f8r, og Rhett ble ikke mer enn 38 \u00e5r gammel. Han hadde fortsatt mye ugjort og stor appetitt p\u00e5 livet. Dessuten gjorde han inntrykk p\u00e5 alle han m\u00f8tte, og vi kommer ikke til \u00e5 glemme hverken personen eller fotballspilleren Rhett Bernstein i Mj\u00f8ndalen. V\u00e5r amerikanske kriger kommer til \u00e5 leve i hjertene v\u00e5re i mange, mange \u00e5r enda.<\/p>\n<p>Vi lyser fred over hans minne og kondolerer familie, venner og andre som sto Rhett n\u00e6r. Hvil i fred, Rhett Bernstein, skriver MIF.<\/p>\n<p><b>Drammens Tidende intervjuet Bernstein senest i 2025:<\/b><\/p>\n<p>  <a href=\"https:\/\/www.dt.no\/5-57-2618895\" class=\"related-teaser has-image article--c-MkAkR\" rel=\"nofollow noopener\" target=\"_blank\"><\/p>\n<p>    <img decoding=\"async\" width=\"155\"  loading=\"lazy\"  src=\"https:\/\/www.europesays.com\/no\/wp-content\/uploads\/2026\/07\/882404f8-56d3-4292-80a9-2435cfbf57a9.jpg\" alt=\"\" class=\"brick-c-cFOWSL\" style=\"\"\/><\/p>\n<p>\n            Les ogs\u00e5<\/p>\n<p>            Slik lever Rhett (37) ti \u00e5r etter heltestatusen: \u2013 Helt crazy\n        <\/p>\n<p>  <\/a><\/p>\n","protected":false},"excerpt":{"rendered":"Onsdag formiddag melder Mj\u00f8ndalen Toppfotball i en pressemelding at tidligere MIF-spiller, Rhett Bernstein (38) er d\u00f8d. \u2013 Vi&hellip;\n","protected":false},"author":2,"featured_media":288629,"comment_status":"","ping_status":"","sticky":false,"template":"","format":"standard","meta":{"footnotes":"","_share_on_mastodon":"0"},"categories":[59],"tags":[36,454,92,3391,30,28,29,83,82,1510],"class_list":["post-288628","post","type-post","status-publish","format-standard","has-post-thumbnail","category-sport","tag-art","tag-eiker","tag-fotball","tag-mif","tag-no","tag-norge","tag-norway","tag-sport","tag-sports","tag-story"],"share_on_mastodon":{"url":"https:\/\/pubeurope.com\/@no\/116883740020959209","error":""},"_links":{"self":[{"href":"https:\/\/www.europesays.com\/no\/wp-json\/wp\/v2\/posts\/288628","targetHints":{"allow":["GET"]}}],"collection":[{"href":"https:\/\/www.europesays.com\/no\/wp-json\/wp\/v2\/posts"}],"about":[{"href":"https:\/\/www.europesays.com\/no\/wp-json\/wp\/v2\/types\/post"}],"author":[{"embeddable":true,"href":"https:\/\/www.europesays.com\/no\/wp-json\/wp\/v2\/users\/2"}],"replies":[{"embeddable":true,"href":"https:\/\/www.europesays.com\/no\/wp-json\/wp\/v2\/comments?post=288628"}],"version-history":[{"count":0,"href":"https:\/\/www.europesays.com\/no\/wp-json\/wp\/v2\/posts\/288628\/revisions"}],"wp:featuredmedia":[{"embeddable":true,"href":"https:\/\/www.europesays.com\/no\/wp-json\/wp\/v2\/media\/288629"}],"wp:attachment":[{"href":"https:\/\/www.europesays.com\/no\/wp-json\/wp\/v2\/media?parent=288628"}],"wp:term":[{"taxonomy":"category","embeddable":true,"href":"https:\/\/www.europesays.com\/no\/wp-json\/wp\/v2\/categories?post=288628"},{"taxonomy":"post_tag","embeddable":true,"href":"https:\/\/www.europesays.com\/no\/wp-json\/wp\/v2\/tags?post=288628"}],"curies":[{"name":"wp","href":"https:\/\/api.w.org\/{rel}","templated":true}]}}