{"id":28881,"date":"2025-09-06T23:13:09","date_gmt":"2025-09-06T23:13:09","guid":{"rendered":"https:\/\/www.europesays.com\/no\/28881\/"},"modified":"2025-09-06T23:13:09","modified_gmt":"2025-09-06T23:13:09","slug":"age-aleksandersen-utnevnt-til-aeresborger-i-trondheim","status":"publish","type":"post","link":"https:\/\/www.europesays.com\/no\/28881\/","title":{"rendered":"\u00c5ge Aleksandersen utnevnt til \u00e6resborger i Trondheim"},"content":{"rendered":"\n<p class=\"_lead_ew2ao_2 _lead_xtcu6_50 layout-component text-serif-m layout-normal text-serif-l layout-component layout-wide layout-padded _wide_17hqh_1 layout-padded\">Han fikk den gjeve tittelen p\u00e5 sin aller siste konsert.<\/p>\n<p><img alt=\" Foto: Jan Langhaug \/ NTB\" class=\"_image_qp4xg_65 layout-component layout-wide\" data-fullscreen- data-track-element-type=\"Article image fullscreen\" data-track-name=\"ImageFullscreen\" fetchpriority=\"high\" decoding=\"sync\" loading=\"eager\" height=\"3648\" itemprop=\"image\"  src=\"https:\/\/www.europesays.com\/no\/wp-content\/uploads\/2025\/09\/51c811a7-f8ee-4c84-8871-69ecceeeb382\"  style=\"object-position:0% 0%\" width=\"5472\"\/> Foto: Jan Langhaug \/ NTB<\/p>\n<ul aria-hidden=\"true\" class=\"_images_1y6fe_106\">\n<li><a class=\"_link_1y6fe_111\" href=\"https:\/\/www.vg.no\/forfatter\/hannah-solstad-klepp\" style=\"z-index:1\" title=\"Hannah Solstad Klepp\" rel=\"nofollow noopener\" target=\"_blank\"><img alt=\"Bilde av Hannah Solstad Klepp\" class=\"_image_1y6fe_88\" fetchpriority=\"low\" loading=\"lazy\" decoding=\"async\" itemprop=\"image\"  src=\"https:\/\/www.europesays.com\/no\/wp-content\/uploads\/2025\/09\/1757200388_555_f811f9c1-64f7-4c50-9133-b5735831a650\"  width=\"480\"\/><\/a><\/li>\n<\/ul>\n<p> Oppdatert l\u00f8rdag 6. september kl. 23:44     <\/p>\n<p class=\"_paragraph_ew2ao_4 _paragraph_xtcu6_10 layout-component text-serif-m layout-normal text-serif-m layout-padded\"><a href=\"https:\/\/www.vg.no\/tag\/aage-aleksandersen?utm_source=vg-article&amp;utm_medium=auto-tagger&amp;utm_campaign=jQRa09\" class=\"_link_ew2ao_39\" rel=\"nofollow noopener\" target=\"_blank\">\u00c5ge Aleksandersen<\/a> (76) ble l\u00f8rdag overrasket med en spesiell \u00e6re under sin avskjedskonsert p\u00e5 Lerkendal i Trondheim. Ordf\u00f8rer Kent Ranum utnevnte rockelegenden til \u00e6resborger av Trondheim kommune, melder\u00a0<a href=\"https:\/\/www.tv2.no\/direkte\/jpybz\/siste-nytt\/68bc6ad1612dc7be94b160e6\/age-aleksandersen-utnevnt-som-aeresborger-av-trondheim\" class=\"_link_ew2ao_39\" rel=\"nofollow noopener\" target=\"_blank\">TV 2<\/a>.<\/p>\n<p class=\"_paragraph_ew2ao_4 _paragraph_xtcu6_10 layout-component text-serif-m layout-normal text-serif-m layout-padded\">\u2013 Det er en pris som henger veldig h\u00f8yt, men \u00c5ge har blitt en av de aller st\u00f8rste tr\u00f8nderne gjennom tidene, sa Ranum til TV 2 f\u00f8r overrekkelsen.<\/p>\n<p class=\"_paragraph_ew2ao_4 _paragraph_xtcu6_10 layout-component text-serif-m layout-normal text-serif-m layout-padded\">Det var til sammen solgt 75.000 billetter til de tre avslutningskonsertene p\u00e5 Lerkendal.<\/p>\n<p><img alt=\"Publikum p\u00e5 Lerkdendal l\u00f8rdag kveld.  Foto: Jan Langhaug \/ NTB\" class=\"_image_qp4xg_65 layout-component layout-normal\" data-fullscreen- data-track-element-type=\"Article image fullscreen\" data-track-name=\"ImageFullscreen\" decoding=\"async\" loading=\"lazy\" height=\"3648\" itemprop=\"image\"  src=\"https:\/\/www.europesays.com\/no\/wp-content\/uploads\/2025\/09\/9708d616-37e6-4335-8451-11bae0102143\"  style=\"object-position:0% 0%\" width=\"5472\"\/>Publikum p\u00e5 Lerkdendal l\u00f8rdag kveld.  Foto: Jan Langhaug \/ NTB<\/p>\n<p class=\"_paragraph_ew2ao_4 _paragraph_xtcu6_10 layout-component text-serif-m layout-normal text-serif-m layout-padded\">Ordf\u00f8reren fortalte at det var et enstemmig \u00e6resborgerutvalg som hadde besluttet utnevnelsen.<\/p>\n<p class=\"_paragraph_ew2ao_4 _paragraph_xtcu6_10 layout-component text-serif-m layout-normal text-serif-m layout-padded\">\u2013 Kj\u00e6re \u00c5ge. P\u00e5 vegne av hele Trondheim, tusen hjertelig takk. Takk for alle de fantastiske konsertene sammen med Sambandet, sa Ranum fra scenen, if\u00f8lge <a href=\"https:\/\/www.nrk.no\/trondelag\/age-aleksandersen-utnevnt-til-aeresborger-av-trondheim-under-sin-siste-konsert-med-sambandet-1.17558258\" class=\"_link_ew2ao_39\" rel=\"nofollow noopener\" target=\"_blank\">NRK<\/a>.<\/p>\n<p class=\"_paragraph_ew2ao_4 _paragraph_xtcu6_10 layout-component text-serif-m layout-normal text-serif-m layout-padded\">Det er ikke den f\u00f8rste utnevnelsen Aleksandersen f\u00e5r. I fjor fikk han <a href=\"https:\/\/www.vg.no\/i\/wgVJgL\" data-track-element-type=\"Link\" data-track-id=\"link:wgVJgL\" class=\"_link_ew2ao_39\" rel=\"nofollow noopener\" target=\"_blank\">tildelt Alf Pr\u00f8ysens \u00e6respris<\/a> under en konsert i Oslo.<\/p>\n<p class=\"_paragraph_ew2ao_4 _paragraph_xtcu6_10 layout-component text-serif-m layout-normal text-serif-m layout-padded\">Den siste konserten de hadde i hovedstaden var i juni, p\u00e5 Voldsl\u00f8kka.<\/p>\n<p class=\"_paragraph_ew2ao_4 _paragraph_xtcu6_10 layout-component text-serif-m layout-normal text-serif-m layout-padded\">\u2013 Det er spr\u00f8tt. Jeg er skeptisk, uttalte han til\u00a0<a href=\"https:\/\/www.vg.no\/rampelys\/i\/eMPVz4\/aage-aleksandersen-inntar-voldsloekka\" data-track-element-type=\"Link\" data-track-id=\"link:eMPVz4\" class=\"_link_ew2ao_39\" rel=\"nofollow noopener\" target=\"_blank\">VG<\/a>\u00a0da det ble kjent at han og Sambandet skulle ta sikte p\u00e5 \u00e5 fylle det enorme omr\u00e5det i Oslo.<\/p>\n<p class=\"_paragraph_ew2ao_4 _paragraph_xtcu6_10 layout-component text-serif-m layout-normal text-serif-m layout-padded\">\u2013 Men jeg kommer for \u00e5 sp\u00e6ll! forsikret han den gang.<\/p>\n<p><img alt=\"Ordf\u00f8rer Kent Ranum sammen med \u00c5ge p\u00e5 scenen.  Foto: Jan Langhaug \/ NTB\" class=\"_image_qp4xg_65 layout-component layout-normal\" data-fullscreen- data-track-element-type=\"Article image fullscreen\" data-track-name=\"ImageFullscreen\" decoding=\"async\" loading=\"lazy\" height=\"3648\" itemprop=\"image\"  src=\"https:\/\/www.europesays.com\/no\/wp-content\/uploads\/2025\/09\/356e0f9a-7c06-4061-99e8-b01def5304dc\"  style=\"object-position:0% 0%\" width=\"5472\"\/>Ordf\u00f8rer Kent Ranum sammen med \u00c5ge p\u00e5 scenen.  Foto: Jan Langhaug \/ NTB<\/p>\n<p class=\"_paragraph_ew2ao_4 _paragraph_xtcu6_10 layout-component text-serif-m layout-normal text-serif-m layout-padded\">Det s\u00e5 ut til at 76-\u00e5ringen ble r\u00f8rt da han mottok tittelen p\u00e5 scenen.<\/p>\n<p>Les ogs\u00e5<\/p>\n","protected":false},"excerpt":{"rendered":"Han fikk den gjeve tittelen p\u00e5 sin aller siste konsert. Foto: Jan Langhaug \/ NTB Oppdatert l\u00f8rdag 6.&hellip;\n","protected":false},"author":2,"featured_media":28882,"comment_status":"","ping_status":"","sticky":false,"template":"","format":"standard","meta":{"footnotes":""},"categories":[5],"tags":[2061,20,21,24,25,15,19,22,23,316,17,18,13,30,28,29,14,16,26,27,4676],"class_list":{"0":"post-28881","1":"post","2":"type-post","3":"status-publish","4":"format-standard","5":"has-post-thumbnail","7":"category-overskrifter","8":"tag-age-aleksandersen","9":"tag-breaking-news","10":"tag-breakingnews","11":"tag-featured-news","12":"tag-featurednews","13":"tag-headlines","14":"tag-hovedoppslag","15":"tag-latest-news","16":"tag-latestnews","17":"tag-lerkendal","18":"tag-main-news","19":"tag-mainnews","20":"tag-news","21":"tag-no","22":"tag-norge","23":"tag-norway","24":"tag-nyheter","25":"tag-overskrifter","26":"tag-top-stories","27":"tag-topstories","28":"tag-utmerkelse"},"share_on_mastodon":{"url":"","error":""},"_links":{"self":[{"href":"https:\/\/www.europesays.com\/no\/wp-json\/wp\/v2\/posts\/28881","targetHints":{"allow":["GET"]}}],"collection":[{"href":"https:\/\/www.europesays.com\/no\/wp-json\/wp\/v2\/posts"}],"about":[{"href":"https:\/\/www.europesays.com\/no\/wp-json\/wp\/v2\/types\/post"}],"author":[{"embeddable":true,"href":"https:\/\/www.europesays.com\/no\/wp-json\/wp\/v2\/users\/2"}],"replies":[{"embeddable":true,"href":"https:\/\/www.europesays.com\/no\/wp-json\/wp\/v2\/comments?post=28881"}],"version-history":[{"count":0,"href":"https:\/\/www.europesays.com\/no\/wp-json\/wp\/v2\/posts\/28881\/revisions"}],"wp:featuredmedia":[{"embeddable":true,"href":"https:\/\/www.europesays.com\/no\/wp-json\/wp\/v2\/media\/28882"}],"wp:attachment":[{"href":"https:\/\/www.europesays.com\/no\/wp-json\/wp\/v2\/media?parent=28881"}],"wp:term":[{"taxonomy":"category","embeddable":true,"href":"https:\/\/www.europesays.com\/no\/wp-json\/wp\/v2\/categories?post=28881"},{"taxonomy":"post_tag","embeddable":true,"href":"https:\/\/www.europesays.com\/no\/wp-json\/wp\/v2\/tags?post=28881"}],"curies":[{"name":"wp","href":"https:\/\/api.w.org\/{rel}","templated":true}]}}