{"id":289061,"date":"2026-07-08T18:48:13","date_gmt":"2026-07-08T18:48:13","guid":{"rendered":"https:\/\/www.europesays.com\/no\/289061\/"},"modified":"2026-07-08T18:48:13","modified_gmt":"2026-07-08T18:48:13","slug":"sport-fotball-hvordan-lande-etter-dette","status":"publish","type":"post","link":"https:\/\/www.europesays.com\/no\/289061\/","title":{"rendered":"Sport, Fotball | Hvordan lande etter dette?"},"content":{"rendered":"<p class=\"vignette\">Skr\u00e5blikk<\/p>\n<p class=\"disclaimer\">Denne teksten gir uttrykk for skribentens personlige holdninger.<\/p>\n<p>Kontrastene er store n\u00e5r jeg passerer Tynset-brua p\u00e5 vei til jobb, allerede for sent ute til morgenm\u00f8tet.<\/p>\n<p>Det er seks dager siden jeg sendte en sms til redakt\u00f8ren, og antydet at jeg trengte to dager fri.<\/p>\n<p><b>Fotball-VM. Norge mot Brasil. \u00c5ttendelsfinale. I New York. <\/b><\/p>\n<p>Det var overhodet ikke planlagt. Men s\u00e5 kan man heller ikke planlegge for at Norge skal g\u00e5 videre i VM.<\/p>\n<p>Plutselig hadde en gjeng bestemt seg. Avreise fra Tynset fredag ettermiddag, eget VM-fly til New York samme kveld. Billetter til kampen.<\/p>\n<p>Det var da &laquo;fomoen&raquo; slo inn for fullt. SMS-en til redakt\u00f8ren var bare en liten del av logistikken som m\u00e5tte p\u00e5 plass. Men sjefens velsignelse og en familie som strekker seg langt, satt jeg plutselig p\u00e5 flyet til USA.<\/p>\n<p>Jeg er blant dem som har Norge-Brasil fra VM i 1998 som et uforglemmelig barndomsminne. Som 14-\u00e5ring var det vanskelig \u00e5 se for seg at jeg skulle bli 42 \u00e5r f\u00f8r Norge deltok neste gang.<\/p>\n<p>En ting er \u00e5 delta, en annen ting er \u00e5 spille om en kvartfinale. P\u00e5 forh\u00e5nd ble det omtalt som det st\u00f8rste \u00f8yeblikket i norsk idrettshistorie.<\/p>\n<p>&#8211; Fortell!, utbryter kollegene p\u00e5 Rettens morgenm\u00f8te n\u00e5r jeg omsider f\u00e5 koblet meg p\u00e5.<\/p>\n<p>Men jeg sliter med \u00e5 finne ordene. Det er ikke bare fordi stemmen er hes.<\/p>\n<p>    Vil du se neste video?<\/p>\n<p>    <a href=\"https:\/\/www.retten.no\/brasil-seier-i-new-york-holdt-ikke-na-tar-de-med-seg-kvart-n-i-miami\/v\/5-44-1134965\" class=\"recommend-poster\" data-adp-clicklabel=\"video-recommend\" data-adp-clickvalue=\"poster\" rel=\"nofollow noopener\" target=\"_blank\"><br \/>\n      <img decoding=\"async\" width=\"200\" height=\"200\" loading=\"lazy\" src=\"https:\/\/www.europesays.com\/no\/wp-content\/uploads\/2026\/07\/v-i-aca7f2ae-1a52-4c78-a68f-42fa6156b612-1.jpg\" alt=\"\" class=\"brick-c-cFOWSL\" style=\"--brick-image-ratio: 200 \/ 200;\"\/><\/p>\n<p>Brasil-seier i New York holdt ikke. N\u00e5 tar de med seg kvart&#8217;n i Miami0:50<\/p>\n<p>    <\/a><\/p>\n<p>        10 tynsetinger satte sitt preg p\u00e5 gatene i New York under feiringen av nasjonaldagen 4. juli. Her kj\u00f8rer de  opp til s\u00f8ndagens fotballkamp med b\u00e5de allsang og roing.  <\/p>\n<p><b>Hva var det jeg var med p\u00e5? <\/b><\/p>\n<p>Ja vi elsker. Redningene til Nyland. Scoringene til Haaland. Rett foran \u00f8ynene mine, der jeg stod med de norske supporterne p\u00e5 gedigne MetLife Stadium i New York.<\/p>\n<p>   <img decoding=\"async\" width=\"2316\" height=\"3088\" fetchpriority=\"low\"  loading=\"lazy\"  src=\"https:\/\/www.europesays.com\/no\/wp-content\/uploads\/2026\/07\/IMG_7766.jpeg\" alt=\"\" class=\"brick-c-cFOWSL\" style=\"--brick-image-ratio: 2316 \/ 3088;\"\/><\/p>\n<p>      NORGE-BRASIL: Forbr\u00f8dring med en brasilianer utenfor stadion.<br \/>\n      Foto: EIrik R\u00f8e\n    <\/p>\n<p>Kanskje var vi 5 000 nordmenn blant 80 000 tilskuere p\u00e5 stadion. Men ingen ror som oss. Og snart er vi verdensmestere i fotball. Det var i alle fall s\u00e5nn vi feiret da Haaland banket inn 2-0 i det 89. minutt, og euforien n\u00e5dde sitt klimaks.<\/p>\n<p>Selvf\u00f8lgelig ble det mer roing. P\u00e5 stadion og i New Yorks gater.<\/p>\n<p>Aldri f\u00f8r har det v\u00e6rt kulere \u00e5 g\u00e5 med den norske landslagsdrakta. Nordmenn p\u00e5 gata i USA blir stoppet av amerikanere, mexicanere, japanere og brasilianere. Alle roper HAAA-LAND og vil RO.<\/p>\n<p>Hvor skal den norske VM-festen ende?<\/p>\n<p>For tre av \u00e5tte i reisef\u00f8lget fra Tynset, g\u00e5r turen videre til Miami der Norge m\u00f8ter England p\u00e5 l\u00f8rdag.<\/p>\n<p><b>Resten av oss landet p\u00e5 Gardermoen tirsdag. Men hvordan kan vi egentlig lande etter dette? <\/b><\/p>\n<p>    Vil du se neste video?<\/p>\n<p>    <a href=\"https:\/\/www.retten.no\/tynsetinger-pa-plass-i-ny\/v\/5-44-1134551\" class=\"recommend-poster\" data-adp-clicklabel=\"video-recommend\" data-adp-clickvalue=\"poster\" rel=\"nofollow noopener\" target=\"_blank\"><br \/>\n      <img decoding=\"async\" width=\"200\" height=\"200\" loading=\"lazy\" src=\"https:\/\/www.europesays.com\/no\/wp-content\/uploads\/2026\/07\/v-i-31bc9592-6f3f-49ab-b0f3-94a9c52239fb-1.jpg\" alt=\"\" class=\"brick-c-cFOWSL\" style=\"--brick-image-ratio: 200 \/ 200;\"\/><\/p>\n<p>Tynsetinger p\u00e5 plass i NY1:18<\/p>\n<p>    <\/a><\/p>\n<p>        First we take Manhattan, then we take Miami. VM-turen blir lengre enn planlagt for tynsettrioen Terje Hylen, Simen Sagbakken og Nils Helge Kirkbakk.<\/p>\n","protected":false},"excerpt":{"rendered":"Skr\u00e5blikk Denne teksten gir uttrykk for skribentens personlige holdninger. Kontrastene er store n\u00e5r jeg passerer Tynset-brua p\u00e5 vei&hellip;\n","protected":false},"author":2,"featured_media":289062,"comment_status":"","ping_status":"","sticky":false,"template":"","format":"standard","meta":{"footnotes":"","_share_on_mastodon":"0"},"categories":[59],"tags":[36,92,30,28,29,1533,83,82,4177,50,1871],"class_list":["post-289061","post","type-post","status-publish","format-standard","has-post-thumbnail","category-sport","tag-art","tag-fotball","tag-no","tag-norge","tag-norway","tag-opinion","tag-sport","tag-sports","tag-tynset","tag-usa","tag-vm"],"share_on_mastodon":{"url":"https:\/\/pubeurope.com\/@no\/116885855573788094","error":""},"_links":{"self":[{"href":"https:\/\/www.europesays.com\/no\/wp-json\/wp\/v2\/posts\/289061","targetHints":{"allow":["GET"]}}],"collection":[{"href":"https:\/\/www.europesays.com\/no\/wp-json\/wp\/v2\/posts"}],"about":[{"href":"https:\/\/www.europesays.com\/no\/wp-json\/wp\/v2\/types\/post"}],"author":[{"embeddable":true,"href":"https:\/\/www.europesays.com\/no\/wp-json\/wp\/v2\/users\/2"}],"replies":[{"embeddable":true,"href":"https:\/\/www.europesays.com\/no\/wp-json\/wp\/v2\/comments?post=289061"}],"version-history":[{"count":0,"href":"https:\/\/www.europesays.com\/no\/wp-json\/wp\/v2\/posts\/289061\/revisions"}],"wp:featuredmedia":[{"embeddable":true,"href":"https:\/\/www.europesays.com\/no\/wp-json\/wp\/v2\/media\/289062"}],"wp:attachment":[{"href":"https:\/\/www.europesays.com\/no\/wp-json\/wp\/v2\/media?parent=289061"}],"wp:term":[{"taxonomy":"category","embeddable":true,"href":"https:\/\/www.europesays.com\/no\/wp-json\/wp\/v2\/categories?post=289061"},{"taxonomy":"post_tag","embeddable":true,"href":"https:\/\/www.europesays.com\/no\/wp-json\/wp\/v2\/tags?post=289061"}],"curies":[{"name":"wp","href":"https:\/\/api.w.org\/{rel}","templated":true}]}}