{"id":289092,"date":"2026-07-08T19:37:13","date_gmt":"2026-07-08T19:37:13","guid":{"rendered":"https:\/\/www.europesays.com\/no\/289092\/"},"modified":"2026-07-08T19:37:13","modified_gmt":"2026-07-08T19:37:13","slug":"modum-vikersund-inviterer-til-gratis-vm-kveld-dette-skal-vaere-moingenes-egen-folkefest","status":"publish","type":"post","link":"https:\/\/www.europesays.com\/no\/289092\/","title":{"rendered":"Modum, Vikersund | Inviterer til gratis VM-kveld: \u2013 Dette skal v\u00e6re moingenes egen folkefest"},"content":{"rendered":"\n<p>Etter Norges historiske seier over Brasil og plass i kvartfinalen arrangerer Modum kommune gratis storskjermvisning av kampen mot England p\u00e5 Vikersund stadion l\u00f8rdag kveld.<\/p>\n<p>Sparebankstiftelsen Modum, Brannkassestiftelsen og kommunen finansierer arrangementet, mens Vikersund IF har ansvaret for praktisk gjennomf\u00f8ring.<\/p>\n<p>\u2013 Vi har sett byer og andre steder i Norge f\u00e5 til dette, og vi vil selvsagt ikke v\u00e6re d\u00e5rligere hos oss i Modum. Fotball er uten tvil samlende, og Norges fantastiske innsats i VM gj\u00f8r at det er en glede \u00e5 gj\u00f8re noe ekstra for v\u00e5re innbyggere, sier varaordf\u00f8rer Nikolay Edin Larsen i en pressemelding.<\/p>\n<p>  <a href=\"https:\/\/www.bygdeposten.no\/5-10-824154\" class=\"related-teaser has-image article--c-MkAkR\" rel=\"nofollow noopener\" target=\"_blank\"><\/p>\n<p>    <img decoding=\"async\" width=\"155\"  loading=\"lazy\"  src=\"https:\/\/www.europesays.com\/no\/wp-content\/uploads\/2026\/07\/Fotballfest%2C+%C3%98yvind+Trulsrud+t.v.%2C+Nikolay+Larsen%2C+Modum+%281+av+3%29.jpg\" alt=\"\" class=\"brick-c-cFOWSL\" style=\"\"\/><\/p>\n<p>\n            Les ogs\u00e5<\/p>\n<p>            Dr\u00f8mmer om gratis familiefest n\u00e5r Norge m\u00f8ter England: \u2013 H\u00e5per lokalt n\u00e6ringsliv vil bidra\n        <\/p>\n<p>  <\/a><br \/>\n  For hele familien<\/p>\n<p>Folkefesten blir alkoholfri og familievennlig. Tommy J\u00f8rgensen, leder for fotballgruppa i Vikersund IF, beskriver stedet som ideelt for anledningen.<\/p>\n<p>\u2013 Tangenodden og Vikersund stadion er perfekt til en slik anledning. Det er meldt flott v\u00e6r, og vi gleder oss veldig til \u00e5 ta imot folk fra hele kommunen til en riktig folkefest, sier han.<\/p>\n<p>Arrang\u00f8rene h\u00e5per b\u00e5de fotballsupportere og folk som bare \u00f8nsker \u00e5 ta del i stemningen, finner veien til stadion.<\/p>\n<p>\u2013 Dette skal v\u00e6re moingenes egen folkefest. Vi h\u00e5per innbyggerne m\u00f8ter opp og skaper en hyggelig og fin ramme. Dette er en sjelden mulighet til \u00e5 oppleve noe historisk sammen, sier Larsen, som h\u00e5per og tror at vi sl\u00e5r England i denne historiske kvartfinalen.<\/p>\n<p>Ventes stor interesse<\/p>\n<p>Publikum oppfordres til \u00e5 v\u00e6re tidlig ute, da det ventes stor interesse. Arrang\u00f8rene nevner ogs\u00e5 at det kan v\u00e6re lurt \u00e5 ta med campingstol, sitteunderlag eller annet \u00e5 sitte p\u00e5. Og skulle Norge levere nok en stor prestasjon, er det ikke utenkelig at det blir spontan allsang og felles roing blant publikum.<\/p>\n<p>\u2013 Men da fortrinnsvis p\u00e5 land, ikke ute p\u00e5 Tyrifjorden, som tross alt er n\u00e6rmeste nabo, sier J\u00f8rgensen med et smil.<\/p>\n","protected":false},"excerpt":{"rendered":"Etter Norges historiske seier over Brasil og plass i kvartfinalen arrangerer Modum kommune gratis storskjermvisning av kampen mot&hellip;\n","protected":false},"author":2,"featured_media":289093,"comment_status":"","ping_status":"","sticky":false,"template":"","format":"standard","meta":{"footnotes":"","_share_on_mastodon":"0"},"categories":[59],"tags":[36,372,6087,30,28,29,83,82,1510,8908,1871],"class_list":["post-289092","post","type-post","status-publish","format-standard","has-post-thumbnail","category-sport","tag-art","tag-folkefest","tag-modum","tag-no","tag-norge","tag-norway","tag-sport","tag-sports","tag-story","tag-vikersund","tag-vm"],"share_on_mastodon":{"url":"https:\/\/pubeurope.com\/@no\/116886047922460230","error":""},"_links":{"self":[{"href":"https:\/\/www.europesays.com\/no\/wp-json\/wp\/v2\/posts\/289092","targetHints":{"allow":["GET"]}}],"collection":[{"href":"https:\/\/www.europesays.com\/no\/wp-json\/wp\/v2\/posts"}],"about":[{"href":"https:\/\/www.europesays.com\/no\/wp-json\/wp\/v2\/types\/post"}],"author":[{"embeddable":true,"href":"https:\/\/www.europesays.com\/no\/wp-json\/wp\/v2\/users\/2"}],"replies":[{"embeddable":true,"href":"https:\/\/www.europesays.com\/no\/wp-json\/wp\/v2\/comments?post=289092"}],"version-history":[{"count":0,"href":"https:\/\/www.europesays.com\/no\/wp-json\/wp\/v2\/posts\/289092\/revisions"}],"wp:featuredmedia":[{"embeddable":true,"href":"https:\/\/www.europesays.com\/no\/wp-json\/wp\/v2\/media\/289093"}],"wp:attachment":[{"href":"https:\/\/www.europesays.com\/no\/wp-json\/wp\/v2\/media?parent=289092"}],"wp:term":[{"taxonomy":"category","embeddable":true,"href":"https:\/\/www.europesays.com\/no\/wp-json\/wp\/v2\/categories?post=289092"},{"taxonomy":"post_tag","embeddable":true,"href":"https:\/\/www.europesays.com\/no\/wp-json\/wp\/v2\/tags?post=289092"}],"curies":[{"name":"wp","href":"https:\/\/api.w.org\/{rel}","templated":true}]}}