{"id":28921,"date":"2025-09-07T01:53:09","date_gmt":"2025-09-07T01:53:09","guid":{"rendered":"https:\/\/www.europesays.com\/no\/28921\/"},"modified":"2025-09-07T01:53:09","modified_gmt":"2025-09-07T01:53:09","slug":"domt-skotsk-voldtektsmann-iscenesatte-sin-egen-dod-og-flyktet-til-spania","status":"publish","type":"post","link":"https:\/\/www.europesays.com\/no\/28921\/","title":{"rendered":"D\u00f8mt skotsk voldtektsmann iscenesatte sin egen d\u00f8d og flyktet til Spania"},"content":{"rendered":"\n<p class=\"_lead_ew2ao_2 _lead_xtcu6_50 layout-component text-serif-m layout-normal text-serif-l layout-component layout-wide layout-padded _wide_17hqh_1 layout-padded\">Med falskt navn levde skotten i skjul i to \u00e5r.<\/p>\n<p><img alt=\" Foto: Skjermdump fra Guardia Civil\" class=\"_image_qp4xg_65 layout-component layout-wide\" data-fullscreen- data-track-element-type=\"Article image fullscreen\" data-track-name=\"ImageFullscreen\" fetchpriority=\"high\" decoding=\"sync\" loading=\"eager\" height=\"1682\" itemprop=\"image\"  src=\"https:\/\/www.europesays.com\/no\/wp-content\/uploads\/2025\/09\/1a24f397-ffd4-42e1-b98c-6dfdbdd7d4b6\"  style=\"object-position:0% 0%\" width=\"3012\"\/> Foto: Skjermdump fra Guardia Civil<\/p>\n<ul aria-hidden=\"true\" class=\"_images_1y6fe_106\">\n<li><a class=\"_link_1y6fe_111\" href=\"https:\/\/www.vg.no\/forfatter\/oscar-stroem-korsnes\" style=\"z-index:1\" title=\"Oscar Str\u00f8m Korsnes\" rel=\"nofollow noopener\" target=\"_blank\"><img alt=\"Bilde av Oscar Str\u00f8m Korsnes\" class=\"_image_1y6fe_88\" fetchpriority=\"low\" loading=\"lazy\" decoding=\"async\" itemprop=\"image\"  src=\"https:\/\/www.europesays.com\/no\/wp-content\/uploads\/2025\/09\/1757209988_449_42bf26cf-ad4c-4de0-a71e-34ecdab4bb12\"  width=\"480\"\/><\/a><\/li>\n<\/ul>\n<p> Oppdatert s\u00f8ndag 7. september kl. 03:13    <\/p>\n<ul class=\"_list_ew2ao_3 _list_64s2r_85 _unordered_ew2ao_99 text-sans-m\">\n<li class=\"_item_ew2ao_30\">Skotten James Clacher (57) iscenesatte sin d\u00f8d og levde to \u00e5r i Spania med falskt navn f\u00f8r han ble p\u00e5grepet p\u00e5 stranden i Nerja etter et tips.<\/li>\n<li class=\"_item_ew2ao_30\">Han er n\u00e5 d\u00f8mt skyldig i \u00e5 ha voldtatt to kvinner han m\u00f8tte p\u00e5 Tinder og Bumble.<\/li>\n<\/ul>\n<p>Vis mer <\/p>\n<p class=\"_paragraph_ew2ao_4 _paragraph_xtcu6_10 layout-component text-serif-m layout-normal text-serif-m layout-padded\">En skotsk mann ble onsdag d\u00f8mt skyldig i \u00e5 ha voldtatt to kvinner han hadde m\u00f8tt p\u00e5 datingapper, etter \u00e5 ha fors\u00f8kt \u00e5 lure politiet til \u00e5 tro at han var d\u00f8d.<\/p>\n<p class=\"_paragraph_ew2ao_4 _paragraph_xtcu6_10 layout-component text-serif-m layout-normal text-serif-m layout-padded\">James Clacher (57) forsvant sporl\u00f8st i mai 2022, mens han ventet p\u00e5 rettssak for voldtekt. <\/p>\n<p class=\"_paragraph_ew2ao_4 _paragraph_xtcu6_10 layout-component text-serif-m layout-normal text-serif-m layout-padded\">If\u00f8lge <a href=\"https:\/\/news.sky.com\/story\/the-dating-app-rapist-who-faked-his-death-and-forged-a-new-identity-in-spain-13418608\" class=\"_link_ew2ao_39\" rel=\"nofollow noopener\" target=\"_blank\">Sky News<\/a> ble det sendt ut en savnet-plakater der offentligheten ble oppfordret til \u00e5 ikke n\u00e6rme seg ham.<\/p>\n<p class=\"_paragraph_ew2ao_4 _paragraph_xtcu6_10 layout-component text-serif-m layout-normal text-serif-m layout-padded\">Senere ble bilen hans ble funnet ved Loch Long i <a href=\"https:\/\/www.vg.no\/tag\/skottland?utm_source=vg-article&amp;utm_medium=auto-tagger&amp;utm_campaign=gwobXL\" class=\"_link_ew2ao_39\" rel=\"nofollow noopener\" target=\"_blank\">Skottland<\/a> sammen med et selvmordsbrev. I tillegg skal det ha blitt sendt meldinger som antydet at han ikke lenger var i live, skriver Sky News.<\/p>\n<p>Aktiver kart<\/p>\n<p class=\"_paragraph_ew2ao_4 _paragraph_xtcu6_10 layout-component text-serif-m layout-normal text-serif-m layout-padded\">Men 57-\u00e5ringen levde i beste velg\u00e5ende p\u00e5 Costa del Sol i Spania under det falske navnet Johnny Wilson.<\/p>\n<p>Levde dobbeltliv i to \u00e5r<\/p>\n<p class=\"_paragraph_ew2ao_4 _paragraph_xtcu6_10 layout-component text-serif-m layout-normal text-serif-m layout-padded\">I nesten to \u00e5r klarte Clacher \u00e5 leve et helt nytt liv i den spanske kystbyen Nerja, if\u00f8lge\u00a0Sky News. Han skal ha jobbet som gartner, holdt yogaklasser p\u00e5 stranden og trent p\u00e5 det lokale treningssenteret hver dag, skriver nettstedet.<\/p>\n<p class=\"_paragraph_ew2ao_4 _paragraph_xtcu6_10 layout-component text-serif-m layout-normal text-serif-m layout-padded\">Lokalbefolkningen beskriver ham som en hyggelig og sjarmerende mann som passet perfekt inn i milj\u00f8et. Han hadde til og med et 18 m\u00e5neder langt forhold med en lokal kvinne som ikke ante noe om hans virkelige identitet.<\/p>\n<p>Aktiver kart<\/p>\n<p class=\"_paragraph_ew2ao_4 _paragraph_xtcu6_10 layout-component text-serif-m layout-normal text-serif-m layout-padded\">\u2013 Han var en veldig, veldig hyggelig fyr, veldig sjarmerende. Jeg ble ganske gode venner med ham, forteller en britisk som bor der og ble kjent med \u00abJohnny\u00bb til Sky News.<\/p>\n<p><img alt=\"Den spanske kystbyen Nerja, her avbildet i 2012.  Foto: TOM HELGESEN \/ TOM HELGESEN\" class=\"_image_qp4xg_65 layout-component layout-normal\" data-fullscreen- data-track-element-type=\"Article image fullscreen\" data-track-name=\"ImageFullscreen\" decoding=\"async\" loading=\"lazy\" height=\"3744\" itemprop=\"image\"  src=\"https:\/\/www.europesays.com\/no\/wp-content\/uploads\/2025\/09\/6325713a-5ea1-44b4-892d-4d27b3d7b6db\"  style=\"object-position:0% 0%\" width=\"5616\"\/>Den spanske kystbyen Nerja, her avbildet i 2012.  Foto: TOM HELGESEN \/ TOM HELGESEN<\/p>\n<p class=\"_paragraph_ew2ao_4 _paragraph_xtcu6_10 layout-component text-serif-m layout-normal text-serif-m layout-padded\">Vennen forteller at Clacher sa han hadde tjenestegjort i fallskjermregimentet i ti \u00e5r og kom til Spania for en ny start. Men i ettertid ser han at noe var mistenkelig.<\/p>\n<p class=\"_paragraph_ew2ao_4 _paragraph_xtcu6_10 layout-component text-serif-m layout-normal text-serif-m layout-padded\">\u2013 Han var veldig forsiktig med bilder. N\u00e5r han tok et bilde, visste han \u00e5penbart at han ble jaktet p\u00e5, og han m\u00e5tte holde lav profil, s\u00e5 han viste aldri ansiktet sitt, sier vennen til Sky News.<\/p>\n<p>Tatt p\u00e5 fersk gjerning<\/p>\n<p class=\"_paragraph_ew2ao_4 _paragraph_xtcu6_10 layout-component text-serif-m layout-normal text-serif-m layout-padded\">Det var et anonymt tips til Sky News i november 2023 som fikk ballen til \u00e5 rulle. En person hadde gjenkjent ham fra nyhetsartikler og tipset om at han oppholdt seg i Nerja.<\/p>\n<p class=\"_paragraph_ew2ao_4 _paragraph_xtcu6_10 layout-component text-serif-m layout-normal text-serif-m layout-padded\">If\u00f8lge Sky skal britiske og spanske myndigheter deretter ha g\u00e5tt undercover for \u00e5 finne mannen. I mai 2024 slo de til mens Clacher hang opp ned i treningsapparater p\u00e5 stranden hvor han drev yogaklasser.<\/p>\n<p><img alt=\"Foto: Skjermdump fra Guardia Civil\" class=\"_image_qp4xg_65 layout-component layout-normal\" data-fullscreen- data-track-element-type=\"Article image fullscreen\" data-track-name=\"ImageFullscreen\" decoding=\"async\" loading=\"lazy\" height=\"1628\" itemprop=\"image\"  src=\"https:\/\/www.europesays.com\/no\/wp-content\/uploads\/2025\/09\/9a2859b3-1d94-480b-bdf1-88935a0d93ea\"  style=\"object-position:0% 0%\" width=\"2998\"\/>Foto: Skjermdump fra Guardia Civil<\/p>\n<p class=\"_paragraph_ew2ao_4 _paragraph_xtcu6_10 layout-component text-serif-m layout-normal text-serif-m layout-padded\">Opptak fra spansk politi viser hvordan den etterlyste mannen blir taklet til bakken og f\u00f8rt bort i h\u00e5ndjern.<\/p>\n<p><img alt=\"Foto: Skjermdump fra Guardia Civil\" class=\"_image_qp4xg_65 layout-component layout-normal\" data-fullscreen- data-track-element-type=\"Article image fullscreen\" data-track-name=\"ImageFullscreen\" decoding=\"async\" loading=\"lazy\" height=\"1654\" itemprop=\"image\"  src=\"https:\/\/www.europesays.com\/no\/wp-content\/uploads\/2025\/09\/f1047465-5210-47a9-bfb5-770e9d888065\"  style=\"object-position:0% 0%\" width=\"3006\"\/>Foto: Skjermdump fra Guardia Civil<\/p>\n<p class=\"_paragraph_ew2ao_4 _paragraph_xtcu6_10 layout-component text-serif-m layout-normal text-serif-m layout-padded\">Under flyturen tilbake til Skottland skal Clacher ha fortalt politiet hvordan han hadde iscenesatt sin egen d\u00f8d, if\u00f8lge Sky News.<\/p>\n<p class=\"_paragraph_ew2ao_4 _paragraph_xtcu6_10 layout-component text-serif-m layout-normal text-serif-m layout-padded\">Han skal da ha hevdet \u00e5 ha overlevd p\u00e5 b\u00e6r og pyttvann mens han f\u00f8rst var p\u00e5 flukt, f\u00f8r han klarte \u00e5 komme seg til Frankrike og deretter syklet til Spania.<\/p>\n<p>Voldtok kvinner i deres egne hjem<\/p>\n<p class=\"_paragraph_ew2ao_4 _paragraph_xtcu6_10 layout-component text-serif-m layout-normal text-serif-m layout-padded\">Onsdag ble han d\u00f8mt skyldig for voldtekt av to kvinner han m\u00f8tte p\u00e5 datingappene Tinder og Bumble i 2019 og 2020, skriver\u00a0<a href=\"https:\/\/www.bbc.com\/news\/articles\/crmewn10k9yo\" class=\"_link_ew2ao_39\" rel=\"nofollow noopener\" target=\"_blank\">BBC<\/a>.<\/p>\n<p class=\"_paragraph_ew2ao_4 _paragraph_xtcu6_10 layout-component text-serif-m layout-normal text-serif-m layout-padded\">De skriver at en av kvinnene rapporterte ham til politiet, noe som f\u00f8rte til at ogs\u00e5 den andre kvinnen meldte seg.<\/p>\n<p><img alt=\"Onsdag delte skotsk politi dette bildet av Clacher.  Foto: Police Scotland\" class=\"_image_qp4xg_65 layout-component layout-normal\" data-fullscreen- data-track-element-type=\"Article image fullscreen\" data-track-name=\"ImageFullscreen\" decoding=\"async\" loading=\"lazy\" height=\"319\" itemprop=\"image\"  src=\"https:\/\/www.europesays.com\/no\/wp-content\/uploads\/2025\/09\/07081b79-080f-4bf4-99f7-8738a5562c38\"  style=\"object-position:0% 0%\" width=\"320\"\/>Onsdag delte skotsk politi dette bildet av Clacher.  Foto: Police Scotland<\/p>\n<p class=\"_paragraph_ew2ao_4 _paragraph_xtcu6_10 layout-component text-serif-m layout-normal text-serif-m layout-padded\">Clacher, som skal ha drevet treningsstudio i Airdrie, nektet straffskyld og hevdet at all seksuell kontakt var frivillig. Han sa if\u00f8lge BBC ar det ikke l\u00e5 i hans DNA \u00e5 skade noen.<\/p>\n<p class=\"_paragraph_ew2ao_4 _paragraph_xtcu6_10 layout-component text-serif-m layout-normal text-serif-m layout-padded\">Dommeren sa Clacher hadde handlet p\u00e5 en \u00abforvridd og selvsentrert m\u00e5te\u00bb og advarte ham om \u00e5 forvente en lang fengselsstraff. Han ble varetektsfengslet i p\u00e5vente av straffeutm\u00e5ling 1. oktober i Edinburgh, skriver <a href=\"https:\/\/www.bbc.com\/news\/articles\/crmewn10k9yo\" class=\"_link_ew2ao_39\" rel=\"nofollow noopener\" target=\"_blank\">BBC<\/a>.<\/p>\n<p class=\"_paragraph_ew2ao_4 _paragraph_xtcu6_10 layout-component text-serif-m layout-normal text-serif-m layout-padded\">\u2013 Det er vanskelig \u00e5 forst\u00e5 den lidelsen og smerten Clacher for\u00e5rsaket kvinnene i denne saken, uttalte etterforskningsleder Bruce Fyfe i Police Scotland.<\/p>\n","protected":false},"excerpt":{"rendered":"Med falskt navn levde skotten i skjul i to \u00e5r. Foto: Skjermdump fra Guardia Civil Oppdatert s\u00f8ndag 7.&hellip;\n","protected":false},"author":2,"featured_media":28922,"comment_status":"","ping_status":"","sticky":false,"template":"","format":"standard","meta":{"footnotes":""},"categories":[12],"tags":[20,21,24,25,15,148,22,23,13,30,28,29,14,16,4682,1515,26,27,42,43,44,45],"class_list":{"0":"post-28921","1":"post","2":"type-post","3":"status-publish","4":"format-standard","5":"has-post-thumbnail","7":"category-verden","8":"tag-breaking-news","9":"tag-breakingnews","10":"tag-featured-news","11":"tag-featurednews","12":"tag-headlines","13":"tag-kriminalitet","14":"tag-latest-news","15":"tag-latestnews","16":"tag-news","17":"tag-no","18":"tag-norge","19":"tag-norway","20":"tag-nyheter","21":"tag-overskrifter","22":"tag-skottland","23":"tag-spania","24":"tag-top-stories","25":"tag-topstories","26":"tag-verden","27":"tag-world","28":"tag-world-news","29":"tag-worldnews"},"share_on_mastodon":{"url":"","error":""},"_links":{"self":[{"href":"https:\/\/www.europesays.com\/no\/wp-json\/wp\/v2\/posts\/28921","targetHints":{"allow":["GET"]}}],"collection":[{"href":"https:\/\/www.europesays.com\/no\/wp-json\/wp\/v2\/posts"}],"about":[{"href":"https:\/\/www.europesays.com\/no\/wp-json\/wp\/v2\/types\/post"}],"author":[{"embeddable":true,"href":"https:\/\/www.europesays.com\/no\/wp-json\/wp\/v2\/users\/2"}],"replies":[{"embeddable":true,"href":"https:\/\/www.europesays.com\/no\/wp-json\/wp\/v2\/comments?post=28921"}],"version-history":[{"count":0,"href":"https:\/\/www.europesays.com\/no\/wp-json\/wp\/v2\/posts\/28921\/revisions"}],"wp:featuredmedia":[{"embeddable":true,"href":"https:\/\/www.europesays.com\/no\/wp-json\/wp\/v2\/media\/28922"}],"wp:attachment":[{"href":"https:\/\/www.europesays.com\/no\/wp-json\/wp\/v2\/media?parent=28921"}],"wp:term":[{"taxonomy":"category","embeddable":true,"href":"https:\/\/www.europesays.com\/no\/wp-json\/wp\/v2\/categories?post=28921"},{"taxonomy":"post_tag","embeddable":true,"href":"https:\/\/www.europesays.com\/no\/wp-json\/wp\/v2\/tags?post=28921"}],"curies":[{"name":"wp","href":"https:\/\/api.w.org\/{rel}","templated":true}]}}