{"id":28939,"date":"2025-09-07T03:11:08","date_gmt":"2025-09-07T03:11:08","guid":{"rendered":"https:\/\/www.europesays.com\/no\/28939\/"},"modified":"2025-09-07T03:11:08","modified_gmt":"2025-09-07T03:11:08","slug":"et-regjeringsskifte-kan-rasere-norsk-mat-ht-no","status":"publish","type":"post","link":"https:\/\/www.europesays.com\/no\/28939\/","title":{"rendered":"(+) \u2013 Et regjeringsskifte kan rasere norsk mat &#8211; ht.no"},"content":{"rendered":"<ol>\n<li><a href=\"https:\/\/news.google.com\/rss\/articles\/CBMigAFBVV95cUxNa1lYQkJ0UDNFSDNYOWxSVzF1ajJGMTlSSFJ4ekE2ekFJdDZESFU2MUhTY1pkVlRWMnV5cmZkN0xIbjg1YmxDaW02azlFekJJV3pnc28xWm5kcjlVNzVFSllpOWJRbkEwV2E5bC1PUzl5UmRPUV9pTV95eDg4dHFDNw?oc=5\" target=\"_blank\" rel=\"nofollow noopener\">(+) \u2013 Et regjeringsskifte kan rasere norsk mat<\/a>&nbsp;&nbsp;ht.no<\/li>\n<li><a href=\"https:\/\/news.google.com\/rss\/articles\/CBMirgFBVV95cUxPTGpaY1I3b0NtamNzWGRJVUM5TlkxejQ3ZEhnUFY1dnJWZi16clVuWXFpZHh6RnBqcm15WHdDaHJrZm9DdTJnWTZmcXRVcVprS3QtekNnVDNrLWdPOVN1T1lGQkNkNWtYOVk0S2ZwTWpvWFB0Ul9waUlPRy1sZE8tTFMySjB3RjlPN3ljRWNxWW50R3lXdldZUFNxcTh5cVhEdUVHbjhGa2RqVHJQN0E?oc=5\" target=\"_blank\" rel=\"nofollow noopener\">(+) Ny maktbalanse bekymrar: \u2013 Heilt feil veg \u00e5 g\u00e5<\/a>&nbsp;&nbsp;Nationen<\/li>\n<li><a href=\"https:\/\/news.google.com\/rss\/articles\/CBMigAFBVV95cUxOVVEzSWFoN1hLa2s2d2dwQ051VldFNzJzV1hya2hfemVzVWJieWVna0NYVFVjTFpycjlwa0ZpVjc3T1YyY01tOTFDOEFIUnJna2dvMU5CZjdnMjJVbnI0RUNSWEhTclo1XzhvcnZxRk1DQXB2U3F0N3V2RkF3RGh5NA?oc=5\" target=\"_blank\" rel=\"nofollow noopener\">(+) \u2013 V\u00e5r politikk gir et sterkere landbruk<\/a>&nbsp;&nbsp;gat.no<\/li>\n<li><a href=\"https:\/\/news.google.com\/rss\/articles\/CBMizgFBVV95cUxPZHpzc0JfY2p6Q2FDeno1ZUJKNXZlWGJwa3k2d3FwMVEzc2dOR2FRYXhNQW1qRFBtMWoyQWZVS1lHWVB3WkhYbGt2UkxUZVV5RHoyRFBBc01YajRjTGFHaE9DVHRxOXppWUNfM1RpaDJGM0cxQkIwWGJhZUxpaVBiSlNjclBSOWFrVVBIM1puT2d0b2V2WkdoR2NwemYxTFllOHBlNUpjRE9yajdZYmdHNDJTbHlSZGZrVDBqNUhnbVhob09jR3QtV3FWaXBlZw?oc=5\" target=\"_blank\" rel=\"nofollow noopener\">Politikk, Landbruk | Pollestad hardt ut mot Ervik: \u2013 Ho b\u00f8r g\u00e5 ut og be folk stemma p\u00e5 andre parti enn sitt eige<\/a>&nbsp;&nbsp;Dalane Tidende<\/li>\n<li><a href=\"https:\/\/news.google.com\/rss\/articles\/CBMinAFBVV95cUxQc3VRNUVJaWE4aDJMampVTVZWbjRvVW9qMGFra3cwSEFuMW9WNEV0UDdKeWlmV2dpZzRxZFBjQ1pPblBWQnd4R25iWkNacHprTHZQRWk1VEstaUpMY3V5MEp6T1FFREY5RDkzcHAtMmJoaER0d0pycnZ1cTAzTXVPSnRxRmRxUWZqMHpqUmVJRUdOdTd5aE9MNDNEQ1k?oc=5\" target=\"_blank\" rel=\"nofollow noopener\">Valg 2025, Landbruk | \u2013 Skremmende at de blir sett p\u00e5 som et godt alternativ<\/a>&nbsp;&nbsp;Avisa Valdres<\/li>\n<\/ol>\n","protected":false},"excerpt":{"rendered":"(+) \u2013 Et regjeringsskifte kan rasere norsk mat&nbsp;&nbsp;ht.no (+) Ny maktbalanse bekymrar: \u2013 Heilt feil veg \u00e5 g\u00e5&nbsp;&nbsp;Nationen&hellip;\n","protected":false},"author":2,"featured_media":28940,"comment_status":"","ping_status":"","sticky":false,"template":"","format":"standard","meta":{"footnotes":""},"categories":[10],"tags":[20,21,24,25,15,4683,22,23,13,30,28,2855,29,14,16,26,27,518],"class_list":{"0":"post-28939","1":"post","2":"type-post","3":"status-publish","4":"format-standard","5":"has-post-thumbnail","7":"category-norge","8":"tag-breaking-news","9":"tag-breakingnews","10":"tag-featured-news","11":"tag-featurednews","12":"tag-headlines","13":"tag-jordbruksoppgjoret","14":"tag-latest-news","15":"tag-latestnews","16":"tag-news","17":"tag-no","18":"tag-norge","19":"tag-norsk-mat","20":"tag-norway","21":"tag-nyheter","22":"tag-overskrifter","23":"tag-top-stories","24":"tag-topstories","25":"tag-valg"},"share_on_mastodon":{"url":"","error":""},"_links":{"self":[{"href":"https:\/\/www.europesays.com\/no\/wp-json\/wp\/v2\/posts\/28939","targetHints":{"allow":["GET"]}}],"collection":[{"href":"https:\/\/www.europesays.com\/no\/wp-json\/wp\/v2\/posts"}],"about":[{"href":"https:\/\/www.europesays.com\/no\/wp-json\/wp\/v2\/types\/post"}],"author":[{"embeddable":true,"href":"https:\/\/www.europesays.com\/no\/wp-json\/wp\/v2\/users\/2"}],"replies":[{"embeddable":true,"href":"https:\/\/www.europesays.com\/no\/wp-json\/wp\/v2\/comments?post=28939"}],"version-history":[{"count":0,"href":"https:\/\/www.europesays.com\/no\/wp-json\/wp\/v2\/posts\/28939\/revisions"}],"wp:featuredmedia":[{"embeddable":true,"href":"https:\/\/www.europesays.com\/no\/wp-json\/wp\/v2\/media\/28940"}],"wp:attachment":[{"href":"https:\/\/www.europesays.com\/no\/wp-json\/wp\/v2\/media?parent=28939"}],"wp:term":[{"taxonomy":"category","embeddable":true,"href":"https:\/\/www.europesays.com\/no\/wp-json\/wp\/v2\/categories?post=28939"},{"taxonomy":"post_tag","embeddable":true,"href":"https:\/\/www.europesays.com\/no\/wp-json\/wp\/v2\/tags?post=28939"}],"curies":[{"name":"wp","href":"https:\/\/api.w.org\/{rel}","templated":true}]}}