{"id":28960,"date":"2025-09-07T04:44:44","date_gmt":"2025-09-07T04:44:44","guid":{"rendered":"https:\/\/www.europesays.com\/no\/28960\/"},"modified":"2025-09-07T04:44:44","modified_gmt":"2025-09-07T04:44:44","slug":"en-situasjon-som-bor-avklares","status":"publish","type":"post","link":"https:\/\/www.europesays.com\/no\/28960\/","title":{"rendered":"&#8211; En situasjon som b\u00f8r avklares"},"content":{"rendered":"<p>  St\u00e5le Solbakken (57) nekter \u00e5 snakke om egen framtid. NRK-ekspert kommer med klar beskjed til NFF rundt Ole Gunnar Solskj\u00e6r (52).<\/p>\n<p>\n    LEDIG P\u00c5 MARKEDET: Ole Gunnar Solskj\u00e6r har tidligere uttalt seg positivt om jobben som landslagssjef. Foto: NTB\n  <\/p>\n<ul>\n<li class=\"lab-bodytext-line font-weight-bold m-font-weight-bold\" data-lab-font_weight=\"font-weight-bold\">Norge &#8211; Moldova, tirsdag klokka 20.45<\/li>\n<\/ul>\n<p>ULLEVAAL STADION (Dagbladet): St\u00e5le Solbakken \u00f8nsket ikke \u00e5 snakke om egen framtid etter at <a href=\"https:\/\/www.dagbladet.no\/sport\/brak-etter-slutt\/83549809\" target=\"_blank\" rel=\"nofollow noopener\">Norge imponerte f\u00e5<\/a> i 1-0-seieren over Finland i torsdagens privatlandskamp.<\/p>\n<p class=\"font-weight-bold m-font-weight-bold\" data-lab-font_weight=\"font-weight-bold\">&#8211; Den diskusjonen gidder jeg ikke \u00e5 ta, sier en bestemt Solbakken til Dagbladet p\u00e5 et pressetreff p\u00e5 landslagsarenaen fredag &#8211; der Norge dagen i forveien alts\u00e5 sikret sin sjuende strake seier.<\/p>\n<p>    <a itemprop=\"url\" href=\"https:\/\/www.dagbladet.no\/sport\/delte-bilde-etter-rykter\/83551534\" rel=\"nofollow noopener\" target=\"_blank\"><\/p>\n<p>      <img loading=\"lazy\" decoding=\"async\" src=\"https:\/\/www.europesays.com\/no\/wp-content\/uploads\/2025\/09\/1757220279_198_83551548.webp\" width=\"980\" height=\"441\" title=\"Delte bilde etter rykter\" alt=\"\" class=\"lazyload\" style=\"--aspect-ratio-image: 2.22; \"\/><\/p>\n<p>        Delte bilde etter rykter<\/p>\n<p>    <\/a><\/p>\n<p>Solbakken fortsetter:<\/p>\n<p> &#8211; Den (diskusjonen) er helt irrelevant. N\u00e5 skal vi spille fotballkamper. Min rolle er uinteressant.<\/p>\n<p>          <img loading=\"lazy\" decoding=\"async\" src=\"https:\/\/www.europesays.com\/no\/wp-content\/uploads\/2025\/09\/83555099.webp\" width=\"686\" height=\"501\" title=\"UT AV BUSSEN: Landslagstrener St\u00e5le Solbakken ankommer Ullevaal stadion dagen etter seieren over Finland. Foto: Bj\u00f8rn Langsem \/ Dagbladet\" alt=\"\" class=\"\" style=\"--aspect-ratio-image: 1.37; \"\/><\/p>\n<p>\n          UT AV BUSSEN: Landslagstrener St\u00e5le Solbakken ankommer Ullevaal stadion dagen etter seieren over Finland. Foto: Bj\u00f8rn Langsem \/ Dagbladet\n      <\/p>\n<p>          <img loading=\"lazy\" decoding=\"async\" src=\"https:\/\/www.europesays.com\/no\/wp-content\/uploads\/2025\/09\/83555101.webp\" width=\"686\" height=\"488\" title=\"M\u00d8TER PRESSEN: Men landslagssjefen ville ikke si stort om egen framtid. Foto: Bj\u00f8rn Langsem \/ Dagbladet\" alt=\"\" class=\"\" style=\"--aspect-ratio-image: 1.41; \"\/><\/p>\n<p>\n          M\u00d8TER PRESSEN: Men landslagssjefen ville ikke si stort om egen framtid. Foto: Bj\u00f8rn Langsem \/ Dagbladet\n      <\/p>\n<p>\u00c5pnet d\u00f8ra\t<\/p>\n<p>Det var for ganske n\u00f8yaktig ett \u00e5r siden, 2. september i fjor, at Solbakken sa at han trolig gir seg som landslagssjef etter VM-kvalifiseringen til 2026 &#8211; og et eventuelt tilh\u00f8rende mesterskap. Samtidig understreket han likevel at det ikke var \u00abdefinitivt\u00bb.<\/p>\n<p class=\"font-weight-bold m-font-weight-bold\" data-lab-font_weight=\"font-weight-bold\">Dermed virker Solbakkens framtid enn\u00e5 \u00e5 v\u00e6re i limbo. Men NRKs fotballekspert Kristoffer L\u00f8kberg (33) er ikke i tvil om hva som b\u00f8r skje.<\/p>\n<p>Han mener Norges Fotballforbund m\u00e5 sette seg ned med Solbakken og tilby ham en kontraktsforlengelse.<\/p>\n<p>&#8211; Uten tvil. Det er fascinerende hvordan det har snudd \u2013 fra at han nesten m\u00e5tte f\u00e5 lov til \u00e5 lede laget til VM, som mange ikke trodde vi ville klare \u00e5 kvalifisere oss til, til at han n\u00e5 selv bestemmer sin egen skjebne, sier L\u00f8kberg til Dagbladet.<\/p>\n<p>          <img loading=\"lazy\" decoding=\"async\" src=\"https:\/\/www.europesays.com\/no\/wp-content\/uploads\/2025\/09\/83555109.webp\" width=\"686\" height=\"392\" title=\"EKSPERT: NRKs Kristoffer L\u00f8kberg p\u00e5 pressem\u00f8tet p\u00e5 Ullevaal stadion, dagen etter seieren over Finland. Foto: Bj\u00f8rn Langsem \/ Dagbladet\" alt=\"\" class=\"\" style=\"--aspect-ratio-image: 1.75; \"\/><\/p>\n<p>\n          EKSPERT: NRKs Kristoffer L\u00f8kberg p\u00e5 pressem\u00f8tet p\u00e5 Ullevaal stadion, dagen etter seieren over Finland. Foto: Bj\u00f8rn Langsem \/ Dagbladet\n      <\/p>\n<p>NRK-eksperten er overbevist om at Solbakken vil f\u00e5 fortsette dersom han selv \u00f8nsker \u00e5 lede Norge fram til EM i Storbritannia og Irland i 2028.<\/p>\n<p>&#8211; Samtidig kjenner han kanskje p\u00e5 at han \u00f8nsker \u00e5 gi seg p\u00e5 topp &#8211; og etterlate en gruppe som st\u00e5r veldig sterkt etter VM neste \u00e5r. Det er det bare han selv som vet, men skjebnen ligger i hans egne hender, forteller L\u00f8kberg.<\/p>\n<p>Solskj\u00e6r lurer i kulissene\t<\/p>\n<p>Ole Gunnar Solskj\u00e6r, som n\u00e5 er ledig p\u00e5 markedet etter at han nylig fikk sparken i Besiktas, ser ut til \u00e5 v\u00e6re den heteste kandidaten til \u00e5 etterf\u00f8lge Solbakken.<\/p>\n<p>Bare uker etter at Solbakken \u00e5pnet for \u00e5 gi seg som Norge-sjef etter VM-kvaliken, uttalte Solskj\u00e6r at han <a href=\"https:\/\/www.dagbladet.no\/sport\/da-blir-jeg-sint\/81994300\" target=\"_blank\" rel=\"nofollow noopener\">kunne tenke seg Norge-jobben<\/a>.<\/p>\n<p>L\u00f8kberg advarer toppene i NFF om en potensiell hodepine:<\/p>\n<p data-lab-font_weight=\"font-weight-bold\" class=\"font-weight-bold m-font-weight-bold\">L\u00f8kberg mener at det avgj\u00f8rende blir hva Solbakken selv signaliserer om framtida. Og ikke minst n\u00e5r.<\/p>\n<p>&#8211; Dersom St\u00e5le sier fra p\u00e5 forh\u00e5nd at han gir seg etter VM, vil NFF ha god tid til \u00e5 finne en erstatter, sier L\u00f8kberg, og viser til at det er vanlig i fotballen at trenere avtaler \u00e5 overta etter et mesterskap, selv om de m\u00e5 vente en periode f\u00f8r de begynner i jobben.<\/p>\n<p>Utfordringen oppst\u00e5r hvis det ikke kommer en avklaring.<\/p>\n<p>&#8211; Da kan Ole Gunnar eller andre sterke kandidater takke ja til andre jobber, og s\u00e5 ender Solbakken med \u00e5 gi seg etter VM. Plutselig er de beste kandidatene ikke lenger tilgjengelige, sier han.<\/p>\n<p>L\u00f8kberg forventer samtidig at alt fokus n\u00e5 vil ligge p\u00e5 VM-kvalifiseringen utover h\u00f8sten, men understreker at NFF m\u00e5 f\u00f8lge n\u00f8ye med.<\/p>\n<p>&#8211; Det er en situasjon som b\u00f8r avklares for alle parter, sier NRK-profilen.<\/p>\n<p>          <img loading=\"lazy\" decoding=\"async\" src=\"https:\/\/www.europesays.com\/no\/wp-content\/uploads\/2025\/09\/83555115.webp\" width=\"980\" height=\"559\" title=\"KAN BLI NESTEMANN: Ole Gunnar Solskj\u00e6r vil passe godt som norsk landslagssjef, mener NRKs Kristoffer L\u00f8kberg. Foto: Bj\u00f8rn Langsem \/ Dagbladet\" alt=\"\" class=\"\" style=\"--aspect-ratio-image: 1.75; \"\/><\/p>\n<p>\n          KAN BLI NESTEMANN: Ole Gunnar Solskj\u00e6r vil passe godt som norsk landslagssjef, mener NRKs Kristoffer L\u00f8kberg. Foto: Bj\u00f8rn Langsem \/ Dagbladet\n      <\/p>\n<p>Positiv\t<\/p>\n<p class=\"italic m-italic\" data-lab-italic=\"italic\">&#8211; Hvordan ser du Solskj\u00e6r som en potensiell landslagssjef for Norge en eller annen gang i framtida?<\/p>\n<p>&#8211; Som h\u00e5nd i hanske. Jeg tror han har alt som skal til for \u00e5 bli en dyktig landslagssjef. Han er flink med mennesker og f\u00e5 det beste ut av enkeltindivider. Og s\u00e5 har han vist seg som en god taktiker i en del enkeltkamper, s\u00e5 det tror jeg ville blitt veldig bra. Men akkurat n\u00e5 ser det ut som at vi har en veldig god landslagssjef per dags dato.<\/p>\n<p>    Fakta: Landskamper i 2025<\/p>\n<p>Dette er Norges landskamper i fotball for menn i 2025 (norske m\u00e5lscorere i parentes):<\/p>\n<p>* 22\/3 (VM-kval) Moldova (b) 5-0 (Julian Ryerson, Erling Braut Haaland, Thelo Aasgaard, Alexander S\u00f8rloth, Aron D\u00f8nnum)<\/p>\n<p>* 25\/3 (VM-kval) Israel (b*) 4-2 (David M\u00f8ller Wolfe, S\u00f8rloth, Kristoffer Ajer, Haaland)<\/p>\n<p>* 6\/6 (VM-kval) Italia (h) 3-0 (S\u00f8rloth, Antonio Nusa, Haaland)<\/p>\n<p>* 9\/6 (VM-kval) Estland (b) 1-0 (Haaland)<\/p>\n<p>* 4\/9 Finland (h) 1-0 (Haaland)<\/p>\n<p>* 9\/9 (VM-kval) Moldova (h)<\/p>\n<p>* 11\/10 (VM-kval) Israel (h)<\/p>\n<p>* 14\/10 New Zealand (h)<\/p>\n<p>* 13\/11 (VM-kval) Estland (h)<\/p>\n<p>* 16\/11 (VM-kval) Italia (b).<\/p>\n<p>* Bortekampen mot Israel ble spilt i Debrecen, Ungarn.<\/p>\n<p>      Vis mer<br \/>\n      Vis mindre<\/p>\n<p>Om tirsdagens kamp i VM-kvalifiseringen mot Moldova sier L\u00f8kberg:<\/p>\n<p>&#8211; Jeg forventer at Norge feier over Moldova. Men vi fikk en liten advarsel i Estland om at det ikke bare er \u00e5 bestille resultater, for det er stor forskjell p\u00e5 hjemme- og bortekamper. Det \u00e5 reise p\u00e5 tur til \u00f8st-Europa er nok litt mer ubehagelig enn det er p\u00e5 Ullevaal-matta.<\/p>\n<p>Og:<\/p>\n<p>&#8211; Her har laget v\u00e6rt godt, og utviklet et offensivt spill som er effektivt og godt. Det skal v\u00e6re mer enn nok til \u00e5 sl\u00e5 Moldova ganske komfortabelt.<\/p>\n","protected":false},"excerpt":{"rendered":"St\u00e5le Solbakken (57) nekter \u00e5 snakke om egen framtid. NRK-ekspert kommer med klar beskjed til NFF rundt Ole&hellip;\n","protected":false},"author":2,"featured_media":28961,"comment_status":"","ping_status":"","sticky":false,"template":"","format":"standard","meta":{"footnotes":""},"categories":[59],"tags":[92,4145,4688,30,28,29,505,83,82,1387],"class_list":{"0":"post-28960","1":"post","2":"type-post","3":"status-publish","4":"format-standard","5":"has-post-thumbnail","7":"category-sport","8":"tag-fotball","9":"tag-herrelandslaget","10":"tag-kristoffer-lokberg","11":"tag-no","12":"tag-norge","13":"tag-norway","14":"tag-ole-gunnar-solskjaer","15":"tag-sport","16":"tag-sports","17":"tag-stale-solbakken"},"share_on_mastodon":{"url":"","error":""},"_links":{"self":[{"href":"https:\/\/www.europesays.com\/no\/wp-json\/wp\/v2\/posts\/28960","targetHints":{"allow":["GET"]}}],"collection":[{"href":"https:\/\/www.europesays.com\/no\/wp-json\/wp\/v2\/posts"}],"about":[{"href":"https:\/\/www.europesays.com\/no\/wp-json\/wp\/v2\/types\/post"}],"author":[{"embeddable":true,"href":"https:\/\/www.europesays.com\/no\/wp-json\/wp\/v2\/users\/2"}],"replies":[{"embeddable":true,"href":"https:\/\/www.europesays.com\/no\/wp-json\/wp\/v2\/comments?post=28960"}],"version-history":[{"count":0,"href":"https:\/\/www.europesays.com\/no\/wp-json\/wp\/v2\/posts\/28960\/revisions"}],"wp:featuredmedia":[{"embeddable":true,"href":"https:\/\/www.europesays.com\/no\/wp-json\/wp\/v2\/media\/28961"}],"wp:attachment":[{"href":"https:\/\/www.europesays.com\/no\/wp-json\/wp\/v2\/media?parent=28960"}],"wp:term":[{"taxonomy":"category","embeddable":true,"href":"https:\/\/www.europesays.com\/no\/wp-json\/wp\/v2\/categories?post=28960"},{"taxonomy":"post_tag","embeddable":true,"href":"https:\/\/www.europesays.com\/no\/wp-json\/wp\/v2\/tags?post=28960"}],"curies":[{"name":"wp","href":"https:\/\/api.w.org\/{rel}","templated":true}]}}